{"id":86390,"date":"2018-05-22T05:05:42","date_gmt":"2018-05-22T09:05:42","guid":{"rendered":"http:\/\/www.eltrabajo.cl\/2017\/?p=86390"},"modified":"2018-05-21T20:58:46","modified_gmt":"2018-05-22T00:58:46","slug":"cuatro-lesionados-tras-violenta-colision-entre-dos-vehiculos","status":"publish","type":"post","link":"https:\/\/www.eltrabajo.cl\/2017\/cuatro-lesionados-tras-violenta-colision-entre-dos-vehiculos\/","title":{"rendered":"Cuatro lesionados tras violenta colisi\u00f3n entre dos veh\u00edculos"},"content":{"rendered":"<figure id=\"attachment_86391\" aria-describedby=\"caption-attachment-86391\" style=\"width: 579px\" class=\"wp-caption alignnone\"><img data-recalc-dims=\"1\" loading=\"lazy\" decoding=\"async\" class=\"size-full wp-image-86391\" src=\"https:\/\/i0.wp.com\/www.eltrabajo.cl\/2017\/wp-content\/uploads\/2018\/05\/Accidente1.jpg?resize=579%2C390\" alt=\"Los lesionados fueron derivados hasta el Hospital San Camilo de San Felipe.\" width=\"579\" height=\"390\" srcset=\"https:\/\/i0.wp.com\/www.eltrabajo.cl\/2017\/wp-content\/uploads\/2018\/05\/Accidente1.jpg?w=579&amp;ssl=1 579w, https:\/\/i0.wp.com\/www.eltrabajo.cl\/2017\/wp-content\/uploads\/2018\/05\/Accidente1.jpg?resize=300%2C202&amp;ssl=1 300w, https:\/\/i0.wp.com\/www.eltrabajo.cl\/2017\/wp-content\/uploads\/2018\/05\/Accidente1.jpg?resize=150%2C101&amp;ssl=1 150w\" sizes=\"auto, (max-width: 579px) 100vw, 579px\" \/><figcaption id=\"caption-attachment-86391\" class=\"wp-caption-text\">Los lesionados fueron derivados hasta el Hospital San Camilo de San Felipe.<\/figcaption><\/figure>\n<ul>\n<li><span style=\"color: #ff0000;\"><strong>Accidente ocurri\u00f3 ayer en bajada El Bar\u00f3n:<\/strong><\/span><\/li>\n<\/ul>\n<p>Lesionados fueron asistidos por Bomberos y el Samu Aconcagua. Autoridad municipal exigir\u00e1 reuni\u00f3n con la Direcci\u00f3n de Vialidad para disminuir n\u00famero de accidente en esta carretera.<br \/>\nAl menos cuatro personas resultaron lesionadas, luego de una violenta colisi\u00f3n que se origin\u00f3 cerca de las 13:00 horas de ayer lunes en la bajada El Bar\u00f3n en la comuna de Santa Mar\u00eda, tras el impacto de un furg\u00f3n y un veh\u00edculo menor.<br \/>\nPor causas que se investigan el veh\u00edculo marca Citroen placa patente MY 24 85 habr\u00eda perdido el control del m\u00f3vil, traspasando el eje de la calzada en plena curva, impactando al furg\u00f3n de color verde placa LT 21 67.<br \/>\nAl accidente concurri\u00f3 personal de Carabineros, el Samu y Bomberos, quienes rescataron a los diversos lesionados de consideraci\u00f3n, debiendo ser trasladados hasta el Servicio de Urgencias del Hospital San Camilo de San Felipe.<\/p>\n<p><span style=\"color: #ff0000;\"><strong>EDIL INDIGNADA<\/strong><\/span><br \/>\nMarisol Ponce Cisternas, concejal de la Municipalidad de San Mar\u00eda, expres\u00f3 a Diario El Trabajo su preocupaci\u00f3n debido al aumento del n\u00famero de accidentes ocurridos en este sector, afirmando requerir en los pr\u00f3ximos d\u00edas una reuni\u00f3n formal con la Direcci\u00f3n de Vialidad.<br \/>\n\u201cEstamos cansados de pedirle a Vialidad que no es primer accidente que tenemos ac\u00e1, ha habido varios accidentes, le pedimos ayuda pero ahora yo creo que tenemos que hacer una demanda a Vialidad ya que ellos no obedecen. Hay se\u00f1al\u00e9ticas aqu\u00ed pero son muy chicas y pasan derecho (\u2026) pediremos una reuni\u00f3n urgente a la Directora de Vialidad de San Felipe, tiene que pronunciarse porque hay que hacer un arreglo aqu\u00ed por estos accidentes\u201d, dijo Ponce.<br \/>\n<strong>Pablo Salinas Sald\u00edas<\/strong><br \/>\n<strong>Fotos: Roberto Gonz\u00e1lez Short<\/strong><\/p>\n<figure id=\"attachment_86392\" aria-describedby=\"caption-attachment-86392\" style=\"width: 579px\" class=\"wp-caption alignnone\"><img data-recalc-dims=\"1\" loading=\"lazy\" decoding=\"async\" class=\"size-full wp-image-86392\" src=\"https:\/\/i0.wp.com\/www.eltrabajo.cl\/2017\/wp-content\/uploads\/2018\/05\/Accidente2.jpg?resize=579%2C740\" alt=\"La violenta colisi\u00f3n entre los veh\u00edculos ocurri\u00f3 alrededor de las 13:00 horas de ayer lunes. Esta pasajera fue atendida en el pavimento.\" width=\"579\" height=\"740\" srcset=\"https:\/\/i0.wp.com\/www.eltrabajo.cl\/2017\/wp-content\/uploads\/2018\/05\/Accidente2.jpg?w=579&amp;ssl=1 579w, https:\/\/i0.wp.com\/www.eltrabajo.cl\/2017\/wp-content\/uploads\/2018\/05\/Accidente2.jpg?resize=235%2C300&amp;ssl=1 235w, https:\/\/i0.wp.com\/www.eltrabajo.cl\/2017\/wp-content\/uploads\/2018\/05\/Accidente2.jpg?resize=117%2C150&amp;ssl=1 117w\" sizes=\"auto, (max-width: 579px) 100vw, 579px\" \/><figcaption id=\"caption-attachment-86392\" class=\"wp-caption-text\">La violenta colisi\u00f3n entre los veh\u00edculos ocurri\u00f3 alrededor de las 13:00 horas de ayer lunes. Esta pasajera fue atendida en el pavimento.<\/figcaption><\/figure>\n<figure id=\"attachment_86393\" aria-describedby=\"caption-attachment-86393\" style=\"width: 579px\" class=\"wp-caption alignnone\"><img data-recalc-dims=\"1\" loading=\"lazy\" decoding=\"async\" class=\"size-full wp-image-86393\" src=\"https:\/\/i0.wp.com\/www.eltrabajo.cl\/2017\/wp-content\/uploads\/2018\/05\/Accidente4.jpg?resize=579%2C386\" alt=\"La concejala se mostr\u00f3 molesta, indignada con esta situaci\u00f3n, la que a su juicio en Vialidad de San Felipe nadie quiere atender.\" width=\"579\" height=\"386\" srcset=\"https:\/\/i0.wp.com\/www.eltrabajo.cl\/2017\/wp-content\/uploads\/2018\/05\/Accidente4.jpg?w=579&amp;ssl=1 579w, https:\/\/i0.wp.com\/www.eltrabajo.cl\/2017\/wp-content\/uploads\/2018\/05\/Accidente4.jpg?resize=300%2C200&amp;ssl=1 300w, https:\/\/i0.wp.com\/www.eltrabajo.cl\/2017\/wp-content\/uploads\/2018\/05\/Accidente4.jpg?resize=150%2C100&amp;ssl=1 150w\" sizes=\"auto, (max-width: 579px) 100vw, 579px\" \/><figcaption id=\"caption-attachment-86393\" class=\"wp-caption-text\">La concejala se mostr\u00f3 molesta, indignada con esta situaci\u00f3n, la que a su juicio en Vialidad de San Felipe nadie quiere atender.<\/figcaption><\/figure>\n<figure id=\"attachment_86394\" aria-describedby=\"caption-attachment-86394\" style=\"width: 579px\" class=\"wp-caption alignnone\"><img data-recalc-dims=\"1\" loading=\"lazy\" decoding=\"async\" class=\"size-full wp-image-86394\" src=\"https:\/\/i0.wp.com\/www.eltrabajo.cl\/2017\/wp-content\/uploads\/2018\/05\/Portada.jpg?resize=579%2C386\" alt=\"Una violenta colisi\u00f3n ocurri\u00f3 a las 13:0 horas de ayer lunes en la bajada El Bar\u00f3n, en Santa Mar\u00eda, dejando cuatro heridos y cuantiosos da\u00f1os materiales.\" width=\"579\" height=\"386\" srcset=\"https:\/\/i0.wp.com\/www.eltrabajo.cl\/2017\/wp-content\/uploads\/2018\/05\/Portada.jpg?w=579&amp;ssl=1 579w, https:\/\/i0.wp.com\/www.eltrabajo.cl\/2017\/wp-content\/uploads\/2018\/05\/Portada.jpg?resize=300%2C200&amp;ssl=1 300w, https:\/\/i0.wp.com\/www.eltrabajo.cl\/2017\/wp-content\/uploads\/2018\/05\/Portada.jpg?resize=150%2C100&amp;ssl=1 150w\" sizes=\"auto, (max-width: 579px) 100vw, 579px\" \/><figcaption id=\"caption-attachment-86394\" class=\"wp-caption-text\">Una violenta colisi\u00f3n ocurri\u00f3 a las 13:0 horas de ayer lunes en la bajada El Bar\u00f3n, en Santa Mar\u00eda, dejando cuatro heridos y cuantiosos da\u00f1os materiales.<\/figcaption><\/figure>\n","protected":false},"excerpt":{"rendered":"<div class=\"mh-excerpt\"><p>Accidente ocurri\u00f3 ayer en bajada El Bar\u00f3n: Lesionados fueron asistidos por Bomberos y el Samu Aconcagua. Autoridad municipal exigir\u00e1 reuni\u00f3n con la Direcci\u00f3n de Vialidad <a class=\"mh-excerpt-more\" href=\"https:\/\/www.eltrabajo.cl\/2017\/cuatro-lesionados-tras-violenta-colision-entre-dos-vehiculos\/\" title=\"Cuatro lesionados tras violenta colisi\u00f3n entre dos veh\u00edculos\">[&#8230;]<\/a><\/p>\n<\/div>","protected":false},"author":1,"featured_media":86394,"comment_status":"open","ping_status":"open","sticky":false,"template":"","format":"standard","meta":{"_jetpack_newsletter_access":"","_jetpack_dont_email_post_to_subs":false,"_jetpack_newsletter_tier_id":0,"_jetpack_memberships_contains_paywalled_content":false,"_jetpack_memberships_contains_paid_content":false,"footnotes":""},"categories":[2],"tags":[],"class_list":["post-86390","post","type-post","status-publish","format-standard","has-post-thumbnail","hentry","category-policial"],"nelio_content":{"autoShareEndMode":"never","automationSources":{"useCustomSentences":false,"customSentences":[]},"efiAlt":"","efiUrl":"","followers":[],"highlights":[],"isAutoShareEnabled":true,"networkImageIds":[],"permalinkQueryArgs":[],"series":[],"suggestedReferences":[]},"jetpack_featured_media_url":"https:\/\/i0.wp.com\/www.eltrabajo.cl\/2017\/wp-content\/uploads\/2018\/05\/Portada.jpg?fit=579%2C386&ssl=1","jetpack_sharing_enabled":true,"_links":{"self":[{"href":"https:\/\/www.eltrabajo.cl\/2017\/wp-json\/wp\/v2\/posts\/86390","targetHints":{"allow":["GET"]}}],"collection":[{"href":"https:\/\/www.eltrabajo.cl\/2017\/wp-json\/wp\/v2\/posts"}],"about":[{"href":"https:\/\/www.eltrabajo.cl\/2017\/wp-json\/wp\/v2\/types\/post"}],"author":[{"embeddable":true,"href":"https:\/\/www.eltrabajo.cl\/2017\/wp-json\/wp\/v2\/users\/1"}],"replies":[{"embeddable":true,"href":"https:\/\/www.eltrabajo.cl\/2017\/wp-json\/wp\/v2\/comments?post=86390"}],"version-history":[{"count":1,"href":"https:\/\/www.eltrabajo.cl\/2017\/wp-json\/wp\/v2\/posts\/86390\/revisions"}],"predecessor-version":[{"id":86395,"href":"https:\/\/www.eltrabajo.cl\/2017\/wp-json\/wp\/v2\/posts\/86390\/revisions\/86395"}],"wp:featuredmedia":[{"embeddable":true,"href":"https:\/\/www.eltrabajo.cl\/2017\/wp-json\/wp\/v2\/media\/86394"}],"wp:attachment":[{"href":"https:\/\/www.eltrabajo.cl\/2017\/wp-json\/wp\/v2\/media?parent=86390"}],"wp:term":[{"taxonomy":"category","embeddable":true,"href":"https:\/\/www.eltrabajo.cl\/2017\/wp-json\/wp\/v2\/categories?post=86390"},{"taxonomy":"post_tag","embeddable":true,"href":"https:\/\/www.eltrabajo.cl\/2017\/wp-json\/wp\/v2\/tags?post=86390"}],"curies":[{"name":"wp","href":"https:\/\/api.w.org\/{rel}","templated":true}]}}