{"id":86396,"date":"2018-05-22T05:06:59","date_gmt":"2018-05-22T09:06:59","guid":{"rendered":"http:\/\/www.eltrabajo.cl\/2017\/?p=86396"},"modified":"2018-05-21T21:00:32","modified_gmt":"2018-05-22T01:00:32","slug":"sobrino-del-loco-klein-entre-la-vida-y-la-muerte-con-punalada-en-el-torax","status":"publish","type":"post","link":"https:\/\/www.eltrabajo.cl\/2017\/sobrino-del-loco-klein-entre-la-vida-y-la-muerte-con-punalada-en-el-torax\/","title":{"rendered":"Sobrino del \u2018Loco Klein\u2019 entre la vida y la muerte con pu\u00f1alada en el t\u00f3rax"},"content":{"rendered":"<figure id=\"attachment_86397\" aria-describedby=\"caption-attachment-86397\" style=\"width: 579px\" class=\"wp-caption alignnone\"><img data-recalc-dims=\"1\" loading=\"lazy\" decoding=\"async\" class=\"size-full wp-image-86397\" src=\"https:\/\/i0.wp.com\/www.eltrabajo.cl\/2017\/wp-content\/uploads\/2018\/05\/CUCHILLO.jpg?resize=579%2C295\" alt=\"El agresor apu\u00f1al\u00f3 a la v\u00edctima en el t\u00f3rax dej\u00e1ndolo gravemente herido y en riesgo vital. (Foto Referencial).\" width=\"579\" height=\"295\" srcset=\"https:\/\/i0.wp.com\/www.eltrabajo.cl\/2017\/wp-content\/uploads\/2018\/05\/CUCHILLO.jpg?w=579&amp;ssl=1 579w, https:\/\/i0.wp.com\/www.eltrabajo.cl\/2017\/wp-content\/uploads\/2018\/05\/CUCHILLO.jpg?resize=300%2C153&amp;ssl=1 300w, https:\/\/i0.wp.com\/www.eltrabajo.cl\/2017\/wp-content\/uploads\/2018\/05\/CUCHILLO.jpg?resize=150%2C76&amp;ssl=1 150w\" sizes=\"auto, (max-width: 579px) 100vw, 579px\" \/><figcaption id=\"caption-attachment-86397\" class=\"wp-caption-text\">El agresor apu\u00f1al\u00f3 a la v\u00edctima en el t\u00f3rax dej\u00e1ndolo gravemente herido y en riesgo vital. (Foto Referencial).<\/figcaption><\/figure>\n<ul>\n<li><strong><span style=\"color: #ff0000;\">Agresor ser\u00e1 formalizado hoy martes en Tribunales:<\/span>\u00a0Noche de ingesta de alcohol origin\u00f3 una violeta ri\u00f1a entre v\u00edctima y victimario, quienes habitan juntos en un domicilio de la comuna de Putaendo. El atacante habr\u00eda tomado un cuchillo para herir a la pareja de su sobrina, dej\u00e1ndolo en estado grave en el Hospital San Camilo de San Felipe.<\/strong><\/li>\n<\/ul>\n<p>Internado en estado grave y con riesgo vital permanece internado un joven de 26 a\u00f1os de edad, identificado como Francis Milton Klein Alvarado \u2013sobrino del homicida apodado \u2018El Loco Klein\u2019-, quien result\u00f3 herido tras recibir una profunda pu\u00f1alada en el t\u00f3rax de parte del t\u00edo de su pareja, tras compartir en una reuni\u00f3n en la que abundaba la ingesta de bebidas alcoh\u00f3lica, esto en el mismo domicilio donde ambos habitan en el comuna de Putaendo.<br \/>\nEl hecho de sangre se habr\u00eda originado durante la madrugada de este domingo, luego que v\u00edctima conocido como \u2018El Loco Klein Chico\u2019 y victimario compart\u00edan una amena velada bebiendo alcohol en su residencia, ubicada en Calle Eduardo Wegner de dicha comuna.<\/p>\n<p><span style=\"color: #ff0000;\"><strong>LA TRAGEDIA<\/strong><\/span><br \/>\nAvanzada la noche ambos protagonistas habr\u00edan iniciado una fuerte discusi\u00f3n. La din\u00e1mica del suceso habr\u00eda culpado al t\u00edo de la pareja de Klein, quien tom\u00f3 un cuchillo cocinero para asestar una profunda pu\u00f1alada en el pecho del joven quien se desplom\u00f3.<br \/>\nEl herido debi\u00f3 ser trasladado de Urgencias hasta el Hospital San Camilo de San Felipe en riesgo vital, siendo estabilizado por los m\u00e9dicos permaneciendo en observaci\u00f3n. Momentos m\u00e1s tarde el agresor se entreg\u00f3 voluntariamente ante Carabineros de la Tenencia de Putaendo, confesando su delito de Homicidio Frustrado por el cual fue detenido.<br \/>\nEl Fiscal de Turno dispuso de las pericias a cargo de la Brigada de Homicidios de Polic\u00eda de Investigaciones de Los Andes, realizando las diligencias correspondientes en el sitio del suceso, as\u00ed lo inform\u00f3 a Diario El Trabajo el comisario Gino Guti\u00e9rrez C\u00e1ceres.<br \/>\n\u201cSe genera una disputa por rencillas anteriores con este hombre quien en definitiva resulta con una herida tor\u00e1cica cortopunzante. Fue traslado por el Servicio Samu y permanece en este momento en el Hospital San Camilo. Ambas personas tienen domicilio en el mismo lugar, fue detenido por Carabineros y la Fiscal\u00eda determina que la Brigada de Homicidios realice el trabajo t\u00e9cnico, lo que refiere a la revisi\u00f3n del sitio del suceso, crimen y din\u00e1mica\u201d.<br \/>\nEl imputado individualizado con las iniciales G.E.O.M., de 54 a\u00f1os de edad, fue derivado este domingo hasta el Juzgado de Garant\u00eda de San Felipe para efectuar el control de la detenci\u00f3n por la Fiscal\u00eda, ampli\u00e1ndose la audiencia fijada para hoy martes para determinar la evoluci\u00f3n del estado de salud de la v\u00edctima.<br \/>\nHasta el cierre de esta nota, el paciente de 26 a\u00f1os se encontraba en riesgo vital internado en el Hospital San Camilo bajo estricta supervisi\u00f3n m\u00e9dica, debido a la gravedad de la lesi\u00f3n sufrida.<br \/>\n<strong>Pablo Salinas Sald\u00edas<\/strong><\/p>\n<figure id=\"attachment_86398\" aria-describedby=\"caption-attachment-86398\" style=\"width: 579px\" class=\"wp-caption alignnone\"><img data-recalc-dims=\"1\" loading=\"lazy\" decoding=\"async\" class=\"size-full wp-image-86398\" src=\"https:\/\/i0.wp.com\/www.eltrabajo.cl\/2017\/wp-content\/uploads\/2018\/05\/gino_gutierrez-a-1.jpg?resize=579%2C568\" alt=\"El Jefe de la Brigada de Homicidios de la PDI, comisario Gino Guti\u00e9rrez C\u00e1ceres. \" width=\"579\" height=\"568\" srcset=\"https:\/\/i0.wp.com\/www.eltrabajo.cl\/2017\/wp-content\/uploads\/2018\/05\/gino_gutierrez-a-1.jpg?w=579&amp;ssl=1 579w, https:\/\/i0.wp.com\/www.eltrabajo.cl\/2017\/wp-content\/uploads\/2018\/05\/gino_gutierrez-a-1.jpg?resize=300%2C294&amp;ssl=1 300w, https:\/\/i0.wp.com\/www.eltrabajo.cl\/2017\/wp-content\/uploads\/2018\/05\/gino_gutierrez-a-1.jpg?resize=150%2C147&amp;ssl=1 150w\" sizes=\"auto, (max-width: 579px) 100vw, 579px\" \/><figcaption id=\"caption-attachment-86398\" class=\"wp-caption-text\">El Jefe de la Brigada de Homicidios de la PDI, comisario Gino Guti\u00e9rrez C\u00e1ceres.<\/figcaption><\/figure>\n","protected":false},"excerpt":{"rendered":"<div class=\"mh-excerpt\"><p>Agresor ser\u00e1 formalizado hoy martes en Tribunales:\u00a0Noche de ingesta de alcohol origin\u00f3 una violeta ri\u00f1a entre v\u00edctima y victimario, quienes habitan juntos en un domicilio <a class=\"mh-excerpt-more\" href=\"https:\/\/www.eltrabajo.cl\/2017\/sobrino-del-loco-klein-entre-la-vida-y-la-muerte-con-punalada-en-el-torax\/\" title=\"Sobrino del \u2018Loco Klein\u2019 entre la vida y la muerte con pu\u00f1alada en el t\u00f3rax\">[&#8230;]<\/a><\/p>\n<\/div>","protected":false},"author":1,"featured_media":86397,"comment_status":"open","ping_status":"open","sticky":false,"template":"","format":"standard","meta":{"_jetpack_newsletter_access":"","_jetpack_dont_email_post_to_subs":false,"_jetpack_newsletter_tier_id":0,"_jetpack_memberships_contains_paywalled_content":false,"_jetpack_memberships_contains_paid_content":false,"footnotes":""},"categories":[2],"tags":[],"class_list":["post-86396","post","type-post","status-publish","format-standard","has-post-thumbnail","hentry","category-policial"],"nelio_content":{"autoShareEndMode":"never","automationSources":{"useCustomSentences":false,"customSentences":[]},"efiAlt":"","efiUrl":"","followers":[],"highlights":[],"isAutoShareEnabled":true,"networkImageIds":[],"permalinkQueryArgs":[],"series":[],"suggestedReferences":[]},"jetpack_featured_media_url":"https:\/\/i0.wp.com\/www.eltrabajo.cl\/2017\/wp-content\/uploads\/2018\/05\/CUCHILLO.jpg?fit=579%2C295&ssl=1","jetpack_sharing_enabled":true,"_links":{"self":[{"href":"https:\/\/www.eltrabajo.cl\/2017\/wp-json\/wp\/v2\/posts\/86396","targetHints":{"allow":["GET"]}}],"collection":[{"href":"https:\/\/www.eltrabajo.cl\/2017\/wp-json\/wp\/v2\/posts"}],"about":[{"href":"https:\/\/www.eltrabajo.cl\/2017\/wp-json\/wp\/v2\/types\/post"}],"author":[{"embeddable":true,"href":"https:\/\/www.eltrabajo.cl\/2017\/wp-json\/wp\/v2\/users\/1"}],"replies":[{"embeddable":true,"href":"https:\/\/www.eltrabajo.cl\/2017\/wp-json\/wp\/v2\/comments?post=86396"}],"version-history":[{"count":1,"href":"https:\/\/www.eltrabajo.cl\/2017\/wp-json\/wp\/v2\/posts\/86396\/revisions"}],"predecessor-version":[{"id":86399,"href":"https:\/\/www.eltrabajo.cl\/2017\/wp-json\/wp\/v2\/posts\/86396\/revisions\/86399"}],"wp:featuredmedia":[{"embeddable":true,"href":"https:\/\/www.eltrabajo.cl\/2017\/wp-json\/wp\/v2\/media\/86397"}],"wp:attachment":[{"href":"https:\/\/www.eltrabajo.cl\/2017\/wp-json\/wp\/v2\/media?parent=86396"}],"wp:term":[{"taxonomy":"category","embeddable":true,"href":"https:\/\/www.eltrabajo.cl\/2017\/wp-json\/wp\/v2\/categories?post=86396"},{"taxonomy":"post_tag","embeddable":true,"href":"https:\/\/www.eltrabajo.cl\/2017\/wp-json\/wp\/v2\/tags?post=86396"}],"curies":[{"name":"wp","href":"https:\/\/api.w.org\/{rel}","templated":true}]}}