{"id":86423,"date":"2018-05-23T05:05:11","date_gmt":"2018-05-23T09:05:11","guid":{"rendered":"http:\/\/www.eltrabajo.cl\/2017\/?p=86423"},"modified":"2018-05-22T21:02:48","modified_gmt":"2018-05-23T01:02:48","slug":"joven-haitiano-es-detenido-por-receptacion-de-telefono-celular-robado","status":"publish","type":"post","link":"https:\/\/www.eltrabajo.cl\/2017\/joven-haitiano-es-detenido-por-receptacion-de-telefono-celular-robado\/","title":{"rendered":"Joven haitiano es detenido por receptaci\u00f3n de tel\u00e9fono celular robado"},"content":{"rendered":"<figure id=\"attachment_86424\" aria-describedby=\"caption-attachment-86424\" style=\"width: 580px\" class=\"wp-caption alignnone\"><img data-recalc-dims=\"1\" loading=\"lazy\" decoding=\"async\" class=\"size-full wp-image-86424\" src=\"https:\/\/i0.wp.com\/www.eltrabajo.cl\/2017\/wp-content\/uploads\/2018\/05\/celular-recuperado.jpg?resize=580%2C399\" alt=\"La Bicrim de la PDI recuper\u00f3 la especie denunciada por robo, confirmando la detenci\u00f3n de un joven de nacionalidad haitiana.\" width=\"580\" height=\"399\" srcset=\"https:\/\/i0.wp.com\/www.eltrabajo.cl\/2017\/wp-content\/uploads\/2018\/05\/celular-recuperado.jpg?w=580&amp;ssl=1 580w, https:\/\/i0.wp.com\/www.eltrabajo.cl\/2017\/wp-content\/uploads\/2018\/05\/celular-recuperado.jpg?resize=300%2C206&amp;ssl=1 300w, https:\/\/i0.wp.com\/www.eltrabajo.cl\/2017\/wp-content\/uploads\/2018\/05\/celular-recuperado.jpg?resize=150%2C103&amp;ssl=1 150w\" sizes=\"auto, (max-width: 580px) 100vw, 580px\" \/><figcaption id=\"caption-attachment-86424\" class=\"wp-caption-text\">La Bicrim de la PDI recuper\u00f3 la especie denunciada por robo, confirmando la detenci\u00f3n de un joven de nacionalidad haitiana.<\/figcaption><\/figure>\n<ul>\n<li><strong><span style=\"color: #ff0000;\">Por falta de int\u00e9rprete suspenden la audiencia:<\/span>\u00a0V\u00edctima denunci\u00f3 ante la polic\u00eda civil el delito de robo por sorpresa. Tras el rastreo del m\u00f3vil, la PDI logr\u00f3 establecer que el imputado extranjero manten\u00eda en su poder el celular avaluado en $180.000.<\/strong><\/li>\n<\/ul>\n<p>Un joven de 21 a\u00f1os de edad de nacionalidad haitiana fue detenido por funcionarios de la Brigada del Crimen de la Polic\u00eda de Investigaciones de San Felipe, luego de diversas diligencias que establecieron el delito de receptaci\u00f3n de un tel\u00e9fono celular tras una denuncia de robo de esta especie.<br \/>\nLas diligencias policiales se iniciaron tras la denuncia de la v\u00edctima, quien manifest\u00f3 haber sufrido el robo por sorpresa de su tel\u00e9fono marca Xiaomi de color dorado, denunciando el hecho ante la Polic\u00eda de Investigaciones de San Felipe.<br \/>\nTras los antecedentes reportados por el denunciante y mediante la aplicaci\u00f3n de rastreo del tel\u00e9fono m\u00f3vil, se logr\u00f3 determinar la ubicaci\u00f3n del imputado, adem\u00e1s de las grabaciones de c\u00e1maras de seguridad ubicadas en el sitio del suceso donde se acreditar\u00eda la autor\u00eda del delito denunciado.<br \/>\nLa Polic\u00eda, al trasladarse al lugar donde se encontrar\u00eda el m\u00f3vil robado, se logr\u00f3 la individualizaci\u00f3n de un ciudadano haitiano de 21 a\u00f1os de edad de iniciales J.L.Y., quien ingres\u00f3 al pa\u00eds el pasado 1 de abril de este a\u00f1o en calidad de turista, sin registrar antecedentes policiales.<br \/>\nLa polic\u00eda civil inform\u00f3 que el imputado manten\u00eda en su poder la especie robada avaluada en $180.000, siendo detenido por el delito flagrante de receptaci\u00f3n. El Fiscal dispuso que el imputado fuese trasladado hasta el Juzgado de Garant\u00eda de San Felipe para ser controlada la detenci\u00f3n.<br \/>\nSin embargo, dicha audiencia debi\u00f3 suspenderse debido a que el Tribunal no contaba con un traductor en creol para informar al imputado de la investigaci\u00f3n que iniciar\u00eda la Fiscal\u00eda por el delito imputado, fij\u00e1ndose una pr\u00f3xima fecha de realizaci\u00f3n de este proceso, quedando el acusado citado a comparecer pr\u00f3ximamente a la formalizaci\u00f3n de cargos.<br \/>\n<strong>Pablo Salinas Sald\u00edas<\/strong><\/p>\n","protected":false},"excerpt":{"rendered":"<div class=\"mh-excerpt\"><p>Por falta de int\u00e9rprete suspenden la audiencia:\u00a0V\u00edctima denunci\u00f3 ante la polic\u00eda civil el delito de robo por sorpresa. Tras el rastreo del m\u00f3vil, la PDI <a class=\"mh-excerpt-more\" href=\"https:\/\/www.eltrabajo.cl\/2017\/joven-haitiano-es-detenido-por-receptacion-de-telefono-celular-robado\/\" title=\"Joven haitiano es detenido por receptaci\u00f3n de tel\u00e9fono celular robado\">[&#8230;]<\/a><\/p>\n<\/div>","protected":false},"author":1,"featured_media":86424,"comment_status":"open","ping_status":"open","sticky":false,"template":"","format":"standard","meta":{"_jetpack_newsletter_access":"","_jetpack_dont_email_post_to_subs":false,"_jetpack_newsletter_tier_id":0,"_jetpack_memberships_contains_paywalled_content":false,"_jetpack_memberships_contains_paid_content":false,"footnotes":""},"categories":[2],"tags":[],"class_list":["post-86423","post","type-post","status-publish","format-standard","has-post-thumbnail","hentry","category-policial"],"nelio_content":{"autoShareEndMode":"never","automationSources":{"useCustomSentences":false,"customSentences":[]},"efiAlt":"","efiUrl":"","followers":[],"highlights":[],"isAutoShareEnabled":true,"networkImageIds":[],"permalinkQueryArgs":[],"series":[],"suggestedReferences":[]},"jetpack_featured_media_url":"https:\/\/i0.wp.com\/www.eltrabajo.cl\/2017\/wp-content\/uploads\/2018\/05\/celular-recuperado.jpg?fit=580%2C399&ssl=1","jetpack_sharing_enabled":true,"_links":{"self":[{"href":"https:\/\/www.eltrabajo.cl\/2017\/wp-json\/wp\/v2\/posts\/86423","targetHints":{"allow":["GET"]}}],"collection":[{"href":"https:\/\/www.eltrabajo.cl\/2017\/wp-json\/wp\/v2\/posts"}],"about":[{"href":"https:\/\/www.eltrabajo.cl\/2017\/wp-json\/wp\/v2\/types\/post"}],"author":[{"embeddable":true,"href":"https:\/\/www.eltrabajo.cl\/2017\/wp-json\/wp\/v2\/users\/1"}],"replies":[{"embeddable":true,"href":"https:\/\/www.eltrabajo.cl\/2017\/wp-json\/wp\/v2\/comments?post=86423"}],"version-history":[{"count":1,"href":"https:\/\/www.eltrabajo.cl\/2017\/wp-json\/wp\/v2\/posts\/86423\/revisions"}],"predecessor-version":[{"id":86425,"href":"https:\/\/www.eltrabajo.cl\/2017\/wp-json\/wp\/v2\/posts\/86423\/revisions\/86425"}],"wp:featuredmedia":[{"embeddable":true,"href":"https:\/\/www.eltrabajo.cl\/2017\/wp-json\/wp\/v2\/media\/86424"}],"wp:attachment":[{"href":"https:\/\/www.eltrabajo.cl\/2017\/wp-json\/wp\/v2\/media?parent=86423"}],"wp:term":[{"taxonomy":"category","embeddable":true,"href":"https:\/\/www.eltrabajo.cl\/2017\/wp-json\/wp\/v2\/categories?post=86423"},{"taxonomy":"post_tag","embeddable":true,"href":"https:\/\/www.eltrabajo.cl\/2017\/wp-json\/wp\/v2\/tags?post=86423"}],"curies":[{"name":"wp","href":"https:\/\/api.w.org\/{rel}","templated":true}]}}