{"id":86426,"date":"2018-05-23T05:06:58","date_gmt":"2018-05-23T09:06:58","guid":{"rendered":"http:\/\/www.eltrabajo.cl\/2017\/?p=86426"},"modified":"2018-05-22T21:05:16","modified_gmt":"2018-05-23T01:05:16","slug":"se-llevan-tractor-y-hasta-las-canerias-de-complejo-las-3-canchas-en-parrasia","status":"publish","type":"post","link":"https:\/\/www.eltrabajo.cl\/2017\/se-llevan-tractor-y-hasta-las-canerias-de-complejo-las-3-canchas-en-parrasia\/","title":{"rendered":"Se llevan tractor y hasta las ca\u00f1er\u00edas de complejo Las 3 Canchas en Parras\u00eda"},"content":{"rendered":"<figure id=\"attachment_86429\" aria-describedby=\"caption-attachment-86429\" style=\"width: 580px\" class=\"wp-caption alignnone\"><img data-recalc-dims=\"1\" loading=\"lazy\" decoding=\"async\" class=\"size-full wp-image-86429\" src=\"https:\/\/i0.wp.com\/www.eltrabajo.cl\/2017\/wp-content\/uploads\/2018\/05\/Canchas2.jpg?resize=580%2C400\" alt=\"NADA ES SEGURO.- Las puertas y candados fueron violentados con herramientas, lo que les permiti\u00f3 cargar con todo lo de valor, hasta un tractor.\" width=\"580\" height=\"400\" srcset=\"https:\/\/i0.wp.com\/www.eltrabajo.cl\/2017\/wp-content\/uploads\/2018\/05\/Canchas2.jpg?w=580&amp;ssl=1 580w, https:\/\/i0.wp.com\/www.eltrabajo.cl\/2017\/wp-content\/uploads\/2018\/05\/Canchas2.jpg?resize=300%2C207&amp;ssl=1 300w, https:\/\/i0.wp.com\/www.eltrabajo.cl\/2017\/wp-content\/uploads\/2018\/05\/Canchas2.jpg?resize=150%2C103&amp;ssl=1 150w\" sizes=\"auto, (max-width: 580px) 100vw, 580px\" \/><figcaption id=\"caption-attachment-86429\" class=\"wp-caption-text\">NADA ES SEGURO.- Las puertas y candados fueron violentados con herramientas, lo que les permiti\u00f3 cargar con todo lo de valor, hasta un tractor.<\/figcaption><\/figure>\n<ul>\n<li><span style=\"color: #ff0000;\"><strong>Ladrones cargaron con todo lo de valor este fin de semana largo:<\/strong><\/span><\/li>\n<\/ul>\n<p>En m\u00e1s de 5 millones de pesos valora el presidente de la Asociaci\u00f3n de F\u00fatbol Amateur de San Felipe, Ra\u00fal \u2018Rulo\u2019 Reinoso, lo sustra\u00eddo por delincuentes del interior de las bodegas y camarines del complejo Las 3 Canchas, en Parras\u00eda, entre la noche del jueves y madrugada del pasado viernes.<br \/>\nSeg\u00fan el dirigente, este robo a \u00e9l le parece muy sospechoso, pues asegura que aunque sin duda alguna los hampones debieron cargar con lo robado en una camioneta, porque est\u00e1n las huellas en el lugar, el port\u00f3n principal, la \u00fanica entrada posible, no est\u00e1 forzada, y los moradores en ese recinto no vieron o escucharon ruidos.<\/p>\n<p><span style=\"color: #ff0000;\"><strong>\u00abESTOY EMPUTECIDO\u00bb<\/strong><\/span><br \/>\nReinoso se mostr\u00f3 muy molesto, indignado por este nuevo golpe recibido, ya que \u00e9l y los dem\u00e1s presidentes de clubes deportivos han luchado por a\u00f1os para llegar a tener estos recursos, mismos que en gran parte han sido aportados por el municipio sanfelipe\u00f1o.<br \/>\n\u00ab\u00bfC\u00f3mo crees que me siento?, estoy profundamente \u2018emputecido\u2019 de rabia y dolor, porque es una detr\u00e1s de otra, hace pocos d\u00edas perdimos a nuestra secretaria que era un lujo, y hoy en d\u00eda nos vemos involucrados en este robo (\u2026) lo m\u00e1s que se siente en primera instancia es el tractor, nos llevaron dos bombas de agua para el riego de las tres canchas, cable el\u00e9ctrico, toda la instalaci\u00f3n de cobre de los cinco camarines, si me propusiera reponer de nuevo todo lo robado, no lo har\u00edamos con cinco millones de pesos. Las puertas de los camarines fueron descerrajadas, se llevaron todo, me cuesta mucho tambi\u00e9n comprender c\u00f3mo ingresaron y salieron estos delincuentes sin que las personas que viven ac\u00e1 no se percataran de los ruidos que estas herramientas para romper los candados\u00bb, dijo el dirigente deportivo.<br \/>\nEste delito fue ya reportado a Carabineros, los oficiales desarrollan en ese sentido la respectiva investigaci\u00f3n para dar con los delincuentes y recuperar las herramientas y recursos robados.<br \/>\n<strong>Roberto Gonz\u00e1lez Short<\/strong><\/p>\n<figure id=\"attachment_86427\" aria-describedby=\"caption-attachment-86427\" style=\"width: 580px\" class=\"wp-caption alignnone\"><img data-recalc-dims=\"1\" loading=\"lazy\" decoding=\"async\" class=\"size-full wp-image-86427\" src=\"https:\/\/i0.wp.com\/www.eltrabajo.cl\/2017\/wp-content\/uploads\/2018\/05\/Canchas_Raul-Reinoso.jpg?resize=580%2C576\" alt=\"Presidente de la Asociaci\u00f3n de F\u00fatbol Amateur de San Felipe, Ra\u00fal Reinoso.\" width=\"580\" height=\"576\" srcset=\"https:\/\/i0.wp.com\/www.eltrabajo.cl\/2017\/wp-content\/uploads\/2018\/05\/Canchas_Raul-Reinoso.jpg?w=580&amp;ssl=1 580w, https:\/\/i0.wp.com\/www.eltrabajo.cl\/2017\/wp-content\/uploads\/2018\/05\/Canchas_Raul-Reinoso.jpg?resize=100%2C100&amp;ssl=1 100w, https:\/\/i0.wp.com\/www.eltrabajo.cl\/2017\/wp-content\/uploads\/2018\/05\/Canchas_Raul-Reinoso.jpg?resize=150%2C150&amp;ssl=1 150w, https:\/\/i0.wp.com\/www.eltrabajo.cl\/2017\/wp-content\/uploads\/2018\/05\/Canchas_Raul-Reinoso.jpg?resize=300%2C298&amp;ssl=1 300w\" sizes=\"auto, (max-width: 580px) 100vw, 580px\" \/><figcaption id=\"caption-attachment-86427\" class=\"wp-caption-text\">Presidente de la Asociaci\u00f3n de F\u00fatbol Amateur de San Felipe, Ra\u00fal Reinoso.<\/figcaption><\/figure>\n<figure id=\"attachment_86428\" aria-describedby=\"caption-attachment-86428\" style=\"width: 580px\" class=\"wp-caption alignnone\"><img data-recalc-dims=\"1\" loading=\"lazy\" decoding=\"async\" class=\"size-full wp-image-86428\" src=\"https:\/\/i0.wp.com\/www.eltrabajo.cl\/2017\/wp-content\/uploads\/2018\/05\/Canchas1.jpg?resize=580%2C400\" alt=\"POCA O NADA SEGURAS.- En estas dependencias eran guardadas las herramientas y otras especies sustra\u00eddas de Las 3 Canchas, en La Parras\u00eda.\" width=\"580\" height=\"400\" srcset=\"https:\/\/i0.wp.com\/www.eltrabajo.cl\/2017\/wp-content\/uploads\/2018\/05\/Canchas1.jpg?w=580&amp;ssl=1 580w, https:\/\/i0.wp.com\/www.eltrabajo.cl\/2017\/wp-content\/uploads\/2018\/05\/Canchas1.jpg?resize=300%2C207&amp;ssl=1 300w, https:\/\/i0.wp.com\/www.eltrabajo.cl\/2017\/wp-content\/uploads\/2018\/05\/Canchas1.jpg?resize=150%2C103&amp;ssl=1 150w\" sizes=\"auto, (max-width: 580px) 100vw, 580px\" \/><figcaption id=\"caption-attachment-86428\" class=\"wp-caption-text\">POCA O NADA SEGURAS.- En estas dependencias eran guardadas las herramientas y otras especies sustra\u00eddas de Las 3 Canchas, en La Parras\u00eda.<\/figcaption><\/figure>\n<figure id=\"attachment_86430\" aria-describedby=\"caption-attachment-86430\" style=\"width: 580px\" class=\"wp-caption alignnone\"><img data-recalc-dims=\"1\" loading=\"lazy\" decoding=\"async\" class=\"size-full wp-image-86430\" src=\"https:\/\/i0.wp.com\/www.eltrabajo.cl\/2017\/wp-content\/uploads\/2018\/05\/Canchas3.jpg?resize=580%2C399\" alt=\"TRACTOR ROBADO.- Este ser\u00eda el modelo del tractor robado de los camarines de la cancha N\u00ba1, en Las 3 Canchas, pero en color verde.\" width=\"580\" height=\"399\" srcset=\"https:\/\/i0.wp.com\/www.eltrabajo.cl\/2017\/wp-content\/uploads\/2018\/05\/Canchas3.jpg?w=580&amp;ssl=1 580w, https:\/\/i0.wp.com\/www.eltrabajo.cl\/2017\/wp-content\/uploads\/2018\/05\/Canchas3.jpg?resize=300%2C206&amp;ssl=1 300w, https:\/\/i0.wp.com\/www.eltrabajo.cl\/2017\/wp-content\/uploads\/2018\/05\/Canchas3.jpg?resize=150%2C103&amp;ssl=1 150w\" sizes=\"auto, (max-width: 580px) 100vw, 580px\" \/><figcaption id=\"caption-attachment-86430\" class=\"wp-caption-text\">TRACTOR ROBADO.- Este ser\u00eda el modelo del tractor robado de los camarines de la cancha N\u00ba1, en Las 3 Canchas, pero en color verde.<\/figcaption><\/figure>\n","protected":false},"excerpt":{"rendered":"<div class=\"mh-excerpt\"><p>Ladrones cargaron con todo lo de valor este fin de semana largo: En m\u00e1s de 5 millones de pesos valora el presidente de la Asociaci\u00f3n <a class=\"mh-excerpt-more\" href=\"https:\/\/www.eltrabajo.cl\/2017\/se-llevan-tractor-y-hasta-las-canerias-de-complejo-las-3-canchas-en-parrasia\/\" title=\"Se llevan tractor y hasta las ca\u00f1er\u00edas de complejo Las 3 Canchas en Parras\u00eda\">[&#8230;]<\/a><\/p>\n<\/div>","protected":false},"author":1,"featured_media":86428,"comment_status":"open","ping_status":"open","sticky":false,"template":"","format":"standard","meta":{"_jetpack_newsletter_access":"","_jetpack_dont_email_post_to_subs":false,"_jetpack_newsletter_tier_id":0,"_jetpack_memberships_contains_paywalled_content":false,"_jetpack_memberships_contains_paid_content":false,"footnotes":""},"categories":[2],"tags":[],"class_list":["post-86426","post","type-post","status-publish","format-standard","has-post-thumbnail","hentry","category-policial"],"nelio_content":{"autoShareEndMode":"never","automationSources":{"useCustomSentences":false,"customSentences":[]},"efiAlt":"","efiUrl":"","followers":[],"highlights":[],"isAutoShareEnabled":true,"networkImageIds":[],"permalinkQueryArgs":[],"series":[],"suggestedReferences":[]},"jetpack_featured_media_url":"https:\/\/i0.wp.com\/www.eltrabajo.cl\/2017\/wp-content\/uploads\/2018\/05\/Canchas1.jpg?fit=580%2C400&ssl=1","jetpack_sharing_enabled":true,"_links":{"self":[{"href":"https:\/\/www.eltrabajo.cl\/2017\/wp-json\/wp\/v2\/posts\/86426","targetHints":{"allow":["GET"]}}],"collection":[{"href":"https:\/\/www.eltrabajo.cl\/2017\/wp-json\/wp\/v2\/posts"}],"about":[{"href":"https:\/\/www.eltrabajo.cl\/2017\/wp-json\/wp\/v2\/types\/post"}],"author":[{"embeddable":true,"href":"https:\/\/www.eltrabajo.cl\/2017\/wp-json\/wp\/v2\/users\/1"}],"replies":[{"embeddable":true,"href":"https:\/\/www.eltrabajo.cl\/2017\/wp-json\/wp\/v2\/comments?post=86426"}],"version-history":[{"count":1,"href":"https:\/\/www.eltrabajo.cl\/2017\/wp-json\/wp\/v2\/posts\/86426\/revisions"}],"predecessor-version":[{"id":86431,"href":"https:\/\/www.eltrabajo.cl\/2017\/wp-json\/wp\/v2\/posts\/86426\/revisions\/86431"}],"wp:featuredmedia":[{"embeddable":true,"href":"https:\/\/www.eltrabajo.cl\/2017\/wp-json\/wp\/v2\/media\/86428"}],"wp:attachment":[{"href":"https:\/\/www.eltrabajo.cl\/2017\/wp-json\/wp\/v2\/media?parent=86426"}],"wp:term":[{"taxonomy":"category","embeddable":true,"href":"https:\/\/www.eltrabajo.cl\/2017\/wp-json\/wp\/v2\/categories?post=86426"},{"taxonomy":"post_tag","embeddable":true,"href":"https:\/\/www.eltrabajo.cl\/2017\/wp-json\/wp\/v2\/tags?post=86426"}],"curies":[{"name":"wp","href":"https:\/\/api.w.org\/{rel}","templated":true}]}}