{"id":86432,"date":"2018-05-24T05:00:53","date_gmt":"2018-05-24T09:00:53","guid":{"rendered":"http:\/\/www.eltrabajo.cl\/2017\/?p=86432"},"modified":"2018-05-24T08:36:10","modified_gmt":"2018-05-24T12:36:10","slug":"camioneta-choca-contra-pared-y-vuelca-en-media-calle-en-curimon","status":"publish","type":"post","link":"https:\/\/www.eltrabajo.cl\/2017\/camioneta-choca-contra-pared-y-vuelca-en-media-calle-en-curimon\/","title":{"rendered":"Camioneta choca contra pared y vuelca en media calle en Curim\u00f3n"},"content":{"rendered":"<figure id=\"attachment_86434\" aria-describedby=\"caption-attachment-86434\" style=\"width: 580px\" class=\"wp-caption alignnone\"><img data-recalc-dims=\"1\" loading=\"lazy\" decoding=\"async\" class=\"size-full wp-image-86434\" src=\"https:\/\/i0.wp.com\/www.eltrabajo.cl\/2017\/wp-content\/uploads\/2018\/05\/Camioneta2.jpg?resize=580%2C399\" alt=\"MUJERES HERIDAS.- Rescatistas de San Felipe atendieron la emergencia, la que dej\u00f3 a dos mujeres heridas en el San Camilo.\" width=\"580\" height=\"399\" srcset=\"https:\/\/i0.wp.com\/www.eltrabajo.cl\/2017\/wp-content\/uploads\/2018\/05\/Camioneta2.jpg?w=580&amp;ssl=1 580w, https:\/\/i0.wp.com\/www.eltrabajo.cl\/2017\/wp-content\/uploads\/2018\/05\/Camioneta2.jpg?resize=300%2C206&amp;ssl=1 300w, https:\/\/i0.wp.com\/www.eltrabajo.cl\/2017\/wp-content\/uploads\/2018\/05\/Camioneta2.jpg?resize=150%2C103&amp;ssl=1 150w\" sizes=\"auto, (max-width: 580px) 100vw, 580px\" \/><figcaption id=\"caption-attachment-86434\" class=\"wp-caption-text\">MUJERES HERIDAS.- Rescatistas de San Felipe atendieron la emergencia, la que dej\u00f3 a dos mujeres heridas en el San Camilo.<\/figcaption><\/figure>\n<ul>\n<li><span style=\"color: #ff0000;\"><strong>Imprudente conductor que caus\u00f3 el accidente se dio a la fuga:<\/strong><\/span><\/li>\n<\/ul>\n<p>Un aparatoso accidente ocurri\u00f3 la tarde de ayer mi\u00e9rcoles en Curim\u00f3n, a la altura de Los Naranjos, entre los paraderos 10 y 11, cuando la camioneta TF 30 39, impact\u00f3 violentamente contra el muro perimetral derecho, subiendo hacia Los Andes, impacto que ocasion\u00f3 serios da\u00f1os a un poste del tendido el\u00e9ctrico.<br \/>\nEsta maniobra o choque contra la pared fue generada por un autom\u00f3vil que ven\u00eda aparentemente manejando de manera irregular, la mujer que conduc\u00eda la camioneta tuvo que salirse de la v\u00eda para evitar la colisi\u00f3n frontal, en tanto el otro conductor se dio a la fuga.<br \/>\nBomberos hizo extracci\u00f3n de dos mujeres, quienes fueron trasladadas al Hospital San Camilo por personal del Samu. Por m\u00e1s de dos horas el tr\u00e1nsito fue desviado por calle San Francisco.<br \/>\n<strong>Roberto Gonz\u00e1lez Short<\/strong><\/p>\n<figure id=\"attachment_86433\" aria-describedby=\"caption-attachment-86433\" style=\"width: 580px\" class=\"wp-caption alignnone\"><img data-recalc-dims=\"1\" loading=\"lazy\" decoding=\"async\" class=\"size-full wp-image-86433\" src=\"https:\/\/i0.wp.com\/www.eltrabajo.cl\/2017\/wp-content\/uploads\/2018\/05\/Camioneta1.jpg?resize=580%2C400\" alt=\"SE DIO A LA FUGA.- As\u00ed qued\u00f3 la camioneta a la altura de Los Naranjos, en Curim\u00f3n, luego de volcar para evitar chocar de frente contra otro auto.\" width=\"580\" height=\"400\" srcset=\"https:\/\/i0.wp.com\/www.eltrabajo.cl\/2017\/wp-content\/uploads\/2018\/05\/Camioneta1.jpg?w=580&amp;ssl=1 580w, https:\/\/i0.wp.com\/www.eltrabajo.cl\/2017\/wp-content\/uploads\/2018\/05\/Camioneta1.jpg?resize=300%2C207&amp;ssl=1 300w, https:\/\/i0.wp.com\/www.eltrabajo.cl\/2017\/wp-content\/uploads\/2018\/05\/Camioneta1.jpg?resize=150%2C103&amp;ssl=1 150w\" sizes=\"auto, (max-width: 580px) 100vw, 580px\" \/><figcaption id=\"caption-attachment-86433\" class=\"wp-caption-text\">SE DIO A LA FUGA.- As\u00ed qued\u00f3 la camioneta a la altura de Los Naranjos, en Curim\u00f3n, luego de volcar para evitar chocar de frente contra otro auto.<\/figcaption><\/figure>\n<figure id=\"attachment_86435\" aria-describedby=\"caption-attachment-86435\" style=\"width: 580px\" class=\"wp-caption alignnone\"><img data-recalc-dims=\"1\" loading=\"lazy\" decoding=\"async\" class=\"size-full wp-image-86435\" src=\"https:\/\/i0.wp.com\/www.eltrabajo.cl\/2017\/wp-content\/uploads\/2018\/05\/Camioneta3.jpg?resize=580%2C399\" alt=\"PUDO SER PEOR.- En esta pared perimetral choc\u00f3 la camioneta, para rebotar y volcar aparatosamente en el pavimento.\" width=\"580\" height=\"399\" srcset=\"https:\/\/i0.wp.com\/www.eltrabajo.cl\/2017\/wp-content\/uploads\/2018\/05\/Camioneta3.jpg?w=580&amp;ssl=1 580w, https:\/\/i0.wp.com\/www.eltrabajo.cl\/2017\/wp-content\/uploads\/2018\/05\/Camioneta3.jpg?resize=300%2C206&amp;ssl=1 300w, https:\/\/i0.wp.com\/www.eltrabajo.cl\/2017\/wp-content\/uploads\/2018\/05\/Camioneta3.jpg?resize=150%2C103&amp;ssl=1 150w\" sizes=\"auto, (max-width: 580px) 100vw, 580px\" \/><figcaption id=\"caption-attachment-86435\" class=\"wp-caption-text\">PUDO SER PEOR.- En esta pared perimetral choc\u00f3 la camioneta, para rebotar y volcar aparatosamente en el pavimento.<\/figcaption><\/figure>\n","protected":false},"excerpt":{"rendered":"<div class=\"mh-excerpt\"><p>Imprudente conductor que caus\u00f3 el accidente se dio a la fuga: Un aparatoso accidente ocurri\u00f3 la tarde de ayer mi\u00e9rcoles en Curim\u00f3n, a la altura <a class=\"mh-excerpt-more\" href=\"https:\/\/www.eltrabajo.cl\/2017\/camioneta-choca-contra-pared-y-vuelca-en-media-calle-en-curimon\/\" title=\"Camioneta choca contra pared y vuelca en media calle en Curim\u00f3n\">[&#8230;]<\/a><\/p>\n<\/div>","protected":false},"author":1,"featured_media":86433,"comment_status":"open","ping_status":"open","sticky":false,"template":"","format":"standard","meta":{"_jetpack_newsletter_access":"","_jetpack_dont_email_post_to_subs":false,"_jetpack_newsletter_tier_id":0,"_jetpack_memberships_contains_paywalled_content":false,"_jetpack_memberships_contains_paid_content":false,"footnotes":""},"categories":[2],"tags":[],"class_list":["post-86432","post","type-post","status-publish","format-standard","has-post-thumbnail","hentry","category-policial"],"nelio_content":{"autoShareEndMode":"never","automationSources":{"useCustomSentences":false,"customSentences":[]},"efiAlt":"","efiUrl":"","followers":[],"highlights":[],"isAutoShareEnabled":true,"networkImageIds":[],"permalinkQueryArgs":[],"series":[],"suggestedReferences":[]},"jetpack_featured_media_url":"https:\/\/i0.wp.com\/www.eltrabajo.cl\/2017\/wp-content\/uploads\/2018\/05\/Camioneta1.jpg?fit=580%2C400&ssl=1","jetpack_sharing_enabled":true,"_links":{"self":[{"href":"https:\/\/www.eltrabajo.cl\/2017\/wp-json\/wp\/v2\/posts\/86432","targetHints":{"allow":["GET"]}}],"collection":[{"href":"https:\/\/www.eltrabajo.cl\/2017\/wp-json\/wp\/v2\/posts"}],"about":[{"href":"https:\/\/www.eltrabajo.cl\/2017\/wp-json\/wp\/v2\/types\/post"}],"author":[{"embeddable":true,"href":"https:\/\/www.eltrabajo.cl\/2017\/wp-json\/wp\/v2\/users\/1"}],"replies":[{"embeddable":true,"href":"https:\/\/www.eltrabajo.cl\/2017\/wp-json\/wp\/v2\/comments?post=86432"}],"version-history":[{"count":2,"href":"https:\/\/www.eltrabajo.cl\/2017\/wp-json\/wp\/v2\/posts\/86432\/revisions"}],"predecessor-version":[{"id":86459,"href":"https:\/\/www.eltrabajo.cl\/2017\/wp-json\/wp\/v2\/posts\/86432\/revisions\/86459"}],"wp:featuredmedia":[{"embeddable":true,"href":"https:\/\/www.eltrabajo.cl\/2017\/wp-json\/wp\/v2\/media\/86433"}],"wp:attachment":[{"href":"https:\/\/www.eltrabajo.cl\/2017\/wp-json\/wp\/v2\/media?parent=86432"}],"wp:term":[{"taxonomy":"category","embeddable":true,"href":"https:\/\/www.eltrabajo.cl\/2017\/wp-json\/wp\/v2\/categories?post=86432"},{"taxonomy":"post_tag","embeddable":true,"href":"https:\/\/www.eltrabajo.cl\/2017\/wp-json\/wp\/v2\/tags?post=86432"}],"curies":[{"name":"wp","href":"https:\/\/api.w.org\/{rel}","templated":true}]}}