{"id":86570,"date":"2018-05-31T05:03:37","date_gmt":"2018-05-31T09:03:37","guid":{"rendered":"http:\/\/www.eltrabajo.cl\/2017\/?p=86570"},"modified":"2018-05-30T21:20:05","modified_gmt":"2018-05-31T01:20:05","slug":"sujeto-de-24-anos-detenido-por-disparar-contra-padre-e-hijo-en-villa-250-anos","status":"publish","type":"post","link":"https:\/\/www.eltrabajo.cl\/2017\/sujeto-de-24-anos-detenido-por-disparar-contra-padre-e-hijo-en-villa-250-anos\/","title":{"rendered":"Sujeto de 24 a\u00f1os detenido por disparar contra padre e hijo en Villa 250 A\u00f1os"},"content":{"rendered":"<figure id=\"attachment_86572\" aria-describedby=\"caption-attachment-86572\" style=\"width: 580px\" class=\"wp-caption alignnone\"><img data-recalc-dims=\"1\" loading=\"lazy\" decoding=\"async\" class=\"size-full wp-image-86572\" src=\"https:\/\/i0.wp.com\/www.eltrabajo.cl\/2017\/wp-content\/uploads\/2018\/05\/homicidio-frustrado-2.jpg?resize=580%2C400\" alt=\"El arma incautada en el domicilio del detenido ser\u00e1 periciada para establecer si es el arma utilizada en el intento de homicidio.\" width=\"580\" height=\"400\" srcset=\"https:\/\/i0.wp.com\/www.eltrabajo.cl\/2017\/wp-content\/uploads\/2018\/05\/homicidio-frustrado-2.jpg?w=580&amp;ssl=1 580w, https:\/\/i0.wp.com\/www.eltrabajo.cl\/2017\/wp-content\/uploads\/2018\/05\/homicidio-frustrado-2.jpg?resize=300%2C207&amp;ssl=1 300w, https:\/\/i0.wp.com\/www.eltrabajo.cl\/2017\/wp-content\/uploads\/2018\/05\/homicidio-frustrado-2.jpg?resize=150%2C103&amp;ssl=1 150w\" sizes=\"auto, (max-width: 580px) 100vw, 580px\" \/><figcaption id=\"caption-attachment-86572\" class=\"wp-caption-text\">El arma incautada en el domicilio del detenido ser\u00e1 periciada para establecer si es el arma utilizada en el intento de homicidio.<\/figcaption><\/figure>\n<ul>\n<li><strong><span style=\"color: #ff0000;\">Formalizado por doble homicidio frustrado siendo enviado a la c\u00e1rcel:<\/span>\u00a0V\u00edctimas de 63 y 27 a\u00f1os de edad salvaron con vida tras el ataque ocurrido al interior de su domicilio en la misma villa el pasado 13 de mayo. M\u00e1s de 50 funcionarios de la PDI concretaron la detenci\u00f3n del imputado a primeras horas de ayer mi\u00e9rcoles.<\/strong><\/li>\n<\/ul>\n<p>Un amplio operativo policial a cargo de m\u00e1s de 50 funcionarios de la Brigada de Homicidios de la PDI de Los Andes, se efectu\u00f3 a primeras horas de la ma\u00f1ana de ayer mi\u00e9rcoles al interior de la Villa 250 A\u00f1os de San Felipe, en b\u00fasqueda de un sujeto de 24 a\u00f1os de edad que fue acusado de disparar en contra de un padre y su hijo, residentes en este sector, quedando una de ellos grave y el segundo con lesiones leves.<br \/>\nTras aparentes rencillas anteriores, el pasado domingo 13 de mayo de este a\u00f1o, el imputado se habr\u00eda dirigido hasta el domicilio de las v\u00edctimas disparando una pistola en contra de un hombre de 63 a\u00f1os de edad, de iniciales R.G.C.E., quien se encontraba compartiendo junto a su grupo familiar, resultando con una herida grave en el t\u00f3rax.<br \/>\nEn este lugar se encontraba el hijo de la v\u00edctima de iniciales R.A.E.B., de 27 a\u00f1os de edad, quien del mismo modo intervino en la escena resultando con una herida a bala. Posteriormente el atacante escap\u00f3 sin ser aprehendido por la polic\u00eda tras este grave hecho, concret\u00e1ndose su detenci\u00f3n ayer en la ma\u00f1ana luego de las declaraciones de los lesionados.<br \/>\nEn este sentido ambas v\u00edctimas debieron ser derivados hasta el servicio de urgencias del Hospital San Camilo de San Felipe, permaneciendo bajo vigilancia m\u00e9dica, salvando con vida de las lesiones.<br \/>\n\u201cEl imputado habr\u00eda sido reconocido por las v\u00edctimas, logrando el d\u00eda de hoy (ayer) por un dispositivo a cargo de la PDI de Los Andes, se procedi\u00f3 a la detenci\u00f3n de esta persona en su inmueble residente en la Villa 250 A\u00f1os. Los motivos ser\u00edan por problemas personales que mantendr\u00eda el imputado en contra de uno de los integrantes de esta familia, en horas de la noche del 13 de mayo, mientras estaban compartiendo en su casa, el imputado concurre y procede a disparar en contra de ellos para posteriormente darse a la fuga\u201d, inform\u00f3 a Diario El Trabajo, el Comisario de la PDI, Luis B\u00e1ez.<br \/>\nSeg\u00fan se pudo conocer, el adulto mayor lesionado se mantuvo hasta hace pocos d\u00edas internado en dicho centro hospitalario, mientras que el impacto bal\u00edstico que recibi\u00f3 su hijo fue menor, siendo ambos dados de alta m\u00e9dica.<\/p>\n<p><span style=\"color: #ff0000;\"><strong>LA DETENCI\u00d3N<\/strong><\/span><br \/>\nCabe destacar que para la detenci\u00f3n del sujeto fue necesario desarrollar todo un trabajo de inteligencia para establecer los domicilios donde podr\u00eda encontrarse, debiendo participar m\u00e1s de 50 funcionarios policiales como una forma de prevenir que la poblaci\u00f3n actuara en contra de la acci\u00f3n policial.<br \/>\nDe esta manera, la ma\u00f1ana de este mi\u00e9rcoles, a primera hora, se procedi\u00f3 a realizar el procedimiento que termin\u00f3 con la detenci\u00f3n, donde a pesar de todos los resguardos, algunos \u2018malos vecinos\u2019 de esa conflictiva poblaci\u00f3n reaccionaron airadamente y comenzaron a lanzar piedras y objetos contundentes a los polic\u00edas, no resultando detectives lesionados debido a que el procedimiento fue bastante r\u00e1pido.<br \/>\nAsimismo la polic\u00eda, al mantener una orden de entrada y registro al domicilio del imputado, logr\u00f3 incautar un arma corta tipo rev\u00f3lver y una munici\u00f3n que ser\u00e1n periciadas para comprobar que este armamento habr\u00eda sido el utilizado para cometer el delito.<br \/>\nEl detenido, de iniciales W.S.M.C., de 24 a\u00f1os de edad, fue derivado durante la misma ma\u00f1ana de ayer mi\u00e9rcoles hasta el Juzgado de Garant\u00eda de San Felipe para ser formalizado por el Fiscal Alejandro Bustos Ibarra por doble homicidio en grado frustrado.<br \/>\nEl Ministerio P\u00fablico requiri\u00f3 ante este tribunal la cautelar de prisi\u00f3n preventiva en contra de este sujeto por representar un serio peligro para la seguridad de la sociedad y de las v\u00edctimas referidas.<br \/>\nEl Juez de Garant\u00eda accedi\u00f3 a dicha petici\u00f3n, ordenando el ingreso del acusado hasta la c\u00e1rcel, decretando un plazo de investigaci\u00f3n de 75 d\u00edas.<br \/>\n<strong>Pablo Salinas Sald\u00edas<\/strong><\/p>\n<figure id=\"attachment_86571\" aria-describedby=\"caption-attachment-86571\" style=\"width: 580px\" class=\"wp-caption alignnone\"><img data-recalc-dims=\"1\" loading=\"lazy\" decoding=\"async\" class=\"size-full wp-image-86571\" src=\"https:\/\/i0.wp.com\/www.eltrabajo.cl\/2017\/wp-content\/uploads\/2018\/05\/homicidio-frustrado-1.jpg?resize=580%2C399\" alt=\"El imputado de 24 a\u00f1os de edad, tras ser formalizado en tribunales, qued\u00f3 en prisi\u00f3n preventiva tras ser acusado de doble homicidio frustrado ocurrido en la Villa 250 A\u00f1os de San Felipe.\" width=\"580\" height=\"399\" srcset=\"https:\/\/i0.wp.com\/www.eltrabajo.cl\/2017\/wp-content\/uploads\/2018\/05\/homicidio-frustrado-1.jpg?w=580&amp;ssl=1 580w, https:\/\/i0.wp.com\/www.eltrabajo.cl\/2017\/wp-content\/uploads\/2018\/05\/homicidio-frustrado-1.jpg?resize=300%2C206&amp;ssl=1 300w, https:\/\/i0.wp.com\/www.eltrabajo.cl\/2017\/wp-content\/uploads\/2018\/05\/homicidio-frustrado-1.jpg?resize=150%2C103&amp;ssl=1 150w\" sizes=\"auto, (max-width: 580px) 100vw, 580px\" \/><figcaption id=\"caption-attachment-86571\" class=\"wp-caption-text\">El imputado de 24 a\u00f1os de edad, tras ser formalizado en tribunales, qued\u00f3 en prisi\u00f3n preventiva tras ser acusado de doble homicidio frustrado ocurrido en la Villa 250 A\u00f1os de San Felipe.<\/figcaption><\/figure>\n","protected":false},"excerpt":{"rendered":"<div class=\"mh-excerpt\"><p>Formalizado por doble homicidio frustrado siendo enviado a la c\u00e1rcel:\u00a0V\u00edctimas de 63 y 27 a\u00f1os de edad salvaron con vida tras el ataque ocurrido al <a class=\"mh-excerpt-more\" href=\"https:\/\/www.eltrabajo.cl\/2017\/sujeto-de-24-anos-detenido-por-disparar-contra-padre-e-hijo-en-villa-250-anos\/\" title=\"Sujeto de 24 a\u00f1os detenido por disparar contra padre e hijo en Villa 250 A\u00f1os\">[&#8230;]<\/a><\/p>\n<\/div>","protected":false},"author":1,"featured_media":86571,"comment_status":"open","ping_status":"open","sticky":false,"template":"","format":"standard","meta":{"_jetpack_newsletter_access":"","_jetpack_dont_email_post_to_subs":false,"_jetpack_newsletter_tier_id":0,"_jetpack_memberships_contains_paywalled_content":false,"_jetpack_memberships_contains_paid_content":false,"footnotes":""},"categories":[2],"tags":[],"class_list":["post-86570","post","type-post","status-publish","format-standard","has-post-thumbnail","hentry","category-policial"],"nelio_content":{"autoShareEndMode":"never","automationSources":{"useCustomSentences":false,"customSentences":[]},"efiAlt":"","efiUrl":"","followers":[],"highlights":[],"isAutoShareEnabled":true,"networkImageIds":[],"permalinkQueryArgs":[],"series":[],"suggestedReferences":[]},"jetpack_featured_media_url":"https:\/\/i0.wp.com\/www.eltrabajo.cl\/2017\/wp-content\/uploads\/2018\/05\/homicidio-frustrado-1.jpg?fit=580%2C399&ssl=1","jetpack_sharing_enabled":true,"_links":{"self":[{"href":"https:\/\/www.eltrabajo.cl\/2017\/wp-json\/wp\/v2\/posts\/86570","targetHints":{"allow":["GET"]}}],"collection":[{"href":"https:\/\/www.eltrabajo.cl\/2017\/wp-json\/wp\/v2\/posts"}],"about":[{"href":"https:\/\/www.eltrabajo.cl\/2017\/wp-json\/wp\/v2\/types\/post"}],"author":[{"embeddable":true,"href":"https:\/\/www.eltrabajo.cl\/2017\/wp-json\/wp\/v2\/users\/1"}],"replies":[{"embeddable":true,"href":"https:\/\/www.eltrabajo.cl\/2017\/wp-json\/wp\/v2\/comments?post=86570"}],"version-history":[{"count":2,"href":"https:\/\/www.eltrabajo.cl\/2017\/wp-json\/wp\/v2\/posts\/86570\/revisions"}],"predecessor-version":[{"id":86595,"href":"https:\/\/www.eltrabajo.cl\/2017\/wp-json\/wp\/v2\/posts\/86570\/revisions\/86595"}],"wp:featuredmedia":[{"embeddable":true,"href":"https:\/\/www.eltrabajo.cl\/2017\/wp-json\/wp\/v2\/media\/86571"}],"wp:attachment":[{"href":"https:\/\/www.eltrabajo.cl\/2017\/wp-json\/wp\/v2\/media?parent=86570"}],"wp:term":[{"taxonomy":"category","embeddable":true,"href":"https:\/\/www.eltrabajo.cl\/2017\/wp-json\/wp\/v2\/categories?post=86570"},{"taxonomy":"post_tag","embeddable":true,"href":"https:\/\/www.eltrabajo.cl\/2017\/wp-json\/wp\/v2\/tags?post=86570"}],"curies":[{"name":"wp","href":"https:\/\/api.w.org\/{rel}","templated":true}]}}