{"id":86575,"date":"2018-06-01T05:00:21","date_gmt":"2018-06-01T09:00:21","guid":{"rendered":"http:\/\/www.eltrabajo.cl\/2017\/?p=86575"},"modified":"2018-05-31T20:41:38","modified_gmt":"2018-06-01T00:41:38","slug":"a-5-anos-de-carcel-condenan-a-traficante-de-drogas-en-villa-departamental","status":"publish","type":"post","link":"https:\/\/www.eltrabajo.cl\/2017\/a-5-anos-de-carcel-condenan-a-traficante-de-drogas-en-villa-departamental\/","title":{"rendered":"A 5 a\u00f1os de c\u00e1rcel condenan a traficante de drogas en Villa Departamental"},"content":{"rendered":"<figure id=\"attachment_86576\" aria-describedby=\"caption-attachment-86576\" style=\"width: 580px\" class=\"wp-caption alignnone\"><img data-recalc-dims=\"1\" loading=\"lazy\" decoding=\"async\" class=\"size-full wp-image-86576\" src=\"https:\/\/i0.wp.com\/www.eltrabajo.cl\/2017\/wp-content\/uploads\/2018\/05\/TRAFICO-DEPARTAMENTAL.jpg?resize=580%2C398\" alt=\"El operativo ejecutado por el OS7 de Carabineros Aconcagua incaut\u00f3 desde el domicilio del actual sentenciado en la Villa Departamental de San Felipe, pasta base de coca\u00edna y marihuana elaborada.\" width=\"580\" height=\"398\" srcset=\"https:\/\/i0.wp.com\/www.eltrabajo.cl\/2017\/wp-content\/uploads\/2018\/05\/TRAFICO-DEPARTAMENTAL.jpg?w=580&amp;ssl=1 580w, https:\/\/i0.wp.com\/www.eltrabajo.cl\/2017\/wp-content\/uploads\/2018\/05\/TRAFICO-DEPARTAMENTAL.jpg?resize=300%2C206&amp;ssl=1 300w, https:\/\/i0.wp.com\/www.eltrabajo.cl\/2017\/wp-content\/uploads\/2018\/05\/TRAFICO-DEPARTAMENTAL.jpg?resize=150%2C103&amp;ssl=1 150w\" sizes=\"auto, (max-width: 580px) 100vw, 580px\" \/><figcaption id=\"caption-attachment-86576\" class=\"wp-caption-text\">El operativo ejecutado por el OS7 de Carabineros Aconcagua incaut\u00f3 desde el domicilio del actual sentenciado en la Villa Departamental de San Felipe, pasta base de coca\u00edna y marihuana elaborada.<\/figcaption><\/figure>\n<ul>\n<li><strong><span style=\"color: #ff0000;\">OS7 incaut\u00f3 pasta base de coca\u00edna y marihuana elaborada:<\/span>\u00a0Sentenciado de 38 a\u00f1os de edad fue enjuiciado esta semana en el Tribunal Oral en Lo Penal de San Felipe, siendo declarado culpable de este delito y condenado a una pena privativa de libertad.<\/strong><\/li>\n<\/ul>\n<p>El Tribunal Oral en Lo Penal de San Felipe conden\u00f3 por el delito de tr\u00e1fico de drogas a un sujeto de 38 a\u00f1os de edad, tras comprobarse la venta il\u00edcita de pasta base de coca\u00edna y marihuana desde su domicilio en la Villa Departamental de esta ciudad, siendo sentenciado a cumplir 5 a\u00f1os y un d\u00eda de c\u00e1rcel.<br \/>\nEl Fiscal del Ministerio P\u00fablico de San Felipe, Julio Palacios Bobadilla, acus\u00f3 el procedimiento policial a cargo del OS7 de Carabineros ejecutado el 16 de mayo de 2017, en circunstancias en que un agente revelador concurre hasta el domicilio del imputado para adquirir drogas.<br \/>\nTras una orden judicial de entrada y registro del inmueble, los funcionarios policiales allanaron la vivienda, observando que en el interior se encontraba un hombre y una mujer que estaban manipulando papeles para dosificar las sustancias il\u00edcitas.<br \/>\nDurante el operativo policial se acus\u00f3 que uno de ellos arroj\u00f3 por la ventana, bolsas y envoltorios de pasta base de coca\u00edna, encontrando en el domicilio bolsas que conten\u00edan marihuana elaborada, arrojando un peso total bruto de 163 gramos de pasta base y 8,4 gramos de marihuana, adem\u00e1s de la suma de $219.200 en dinero en efectivo atribuible a las ganancias obtenidas por la venta de drogas.<br \/>\nTras las pruebas obtenidas por Carabineros, El\u00edas Aros Albornoz, con antecedentes delictuales, fue detenido y formalizado en el Juzgado de Garant\u00eda de San Felipe por el delito de tr\u00e1fico de drogas.<br \/>\nA m\u00e1s de un a\u00f1o de los hechos descritos, el imputado fue enjuiciado esta semana en el Tribunal Oral en Lo Penal de San Felipe, siendo declarado culpable de este delito luego de las pruebas rendidas por la Fiscal\u00eda.<br \/>\nEn este sentido la terna de jueces del Tribunal aplic\u00f3 una pena de 5 a\u00f1os y un d\u00eda por tr\u00e1fico de drogas, cuya sentencia deber\u00e1 ser cumplida en forma efectiva en la c\u00e1rcel.<br \/>\n<strong>Pablo Salinas Sald\u00edas<\/strong><\/p>\n","protected":false},"excerpt":{"rendered":"<div class=\"mh-excerpt\"><p>OS7 incaut\u00f3 pasta base de coca\u00edna y marihuana elaborada:\u00a0Sentenciado de 38 a\u00f1os de edad fue enjuiciado esta semana en el Tribunal Oral en Lo Penal <a class=\"mh-excerpt-more\" href=\"https:\/\/www.eltrabajo.cl\/2017\/a-5-anos-de-carcel-condenan-a-traficante-de-drogas-en-villa-departamental\/\" title=\"A 5 a\u00f1os de c\u00e1rcel condenan a traficante de drogas en Villa Departamental\">[&#8230;]<\/a><\/p>\n<\/div>","protected":false},"author":1,"featured_media":86576,"comment_status":"open","ping_status":"open","sticky":false,"template":"","format":"standard","meta":{"_jetpack_newsletter_access":"","_jetpack_dont_email_post_to_subs":false,"_jetpack_newsletter_tier_id":0,"_jetpack_memberships_contains_paywalled_content":false,"_jetpack_memberships_contains_paid_content":false,"footnotes":""},"categories":[2],"tags":[],"class_list":["post-86575","post","type-post","status-publish","format-standard","has-post-thumbnail","hentry","category-policial"],"nelio_content":{"autoShareEndMode":"never","automationSources":{"useCustomSentences":false,"customSentences":[]},"efiAlt":"","efiUrl":"","followers":[],"highlights":[],"isAutoShareEnabled":true,"networkImageIds":[],"permalinkQueryArgs":[],"series":[],"suggestedReferences":[]},"jetpack_featured_media_url":"https:\/\/i0.wp.com\/www.eltrabajo.cl\/2017\/wp-content\/uploads\/2018\/05\/TRAFICO-DEPARTAMENTAL.jpg?fit=580%2C398&ssl=1","jetpack_sharing_enabled":true,"_links":{"self":[{"href":"https:\/\/www.eltrabajo.cl\/2017\/wp-json\/wp\/v2\/posts\/86575","targetHints":{"allow":["GET"]}}],"collection":[{"href":"https:\/\/www.eltrabajo.cl\/2017\/wp-json\/wp\/v2\/posts"}],"about":[{"href":"https:\/\/www.eltrabajo.cl\/2017\/wp-json\/wp\/v2\/types\/post"}],"author":[{"embeddable":true,"href":"https:\/\/www.eltrabajo.cl\/2017\/wp-json\/wp\/v2\/users\/1"}],"replies":[{"embeddable":true,"href":"https:\/\/www.eltrabajo.cl\/2017\/wp-json\/wp\/v2\/comments?post=86575"}],"version-history":[{"count":1,"href":"https:\/\/www.eltrabajo.cl\/2017\/wp-json\/wp\/v2\/posts\/86575\/revisions"}],"predecessor-version":[{"id":86577,"href":"https:\/\/www.eltrabajo.cl\/2017\/wp-json\/wp\/v2\/posts\/86575\/revisions\/86577"}],"wp:featuredmedia":[{"embeddable":true,"href":"https:\/\/www.eltrabajo.cl\/2017\/wp-json\/wp\/v2\/media\/86576"}],"wp:attachment":[{"href":"https:\/\/www.eltrabajo.cl\/2017\/wp-json\/wp\/v2\/media?parent=86575"}],"wp:term":[{"taxonomy":"category","embeddable":true,"href":"https:\/\/www.eltrabajo.cl\/2017\/wp-json\/wp\/v2\/categories?post=86575"},{"taxonomy":"post_tag","embeddable":true,"href":"https:\/\/www.eltrabajo.cl\/2017\/wp-json\/wp\/v2\/tags?post=86575"}],"curies":[{"name":"wp","href":"https:\/\/api.w.org\/{rel}","templated":true}]}}