{"id":86583,"date":"2018-06-01T05:02:26","date_gmt":"2018-06-01T09:02:26","guid":{"rendered":"http:\/\/www.eltrabajo.cl\/2017\/?p=86583"},"modified":"2018-05-31T20:45:47","modified_gmt":"2018-06-01T00:45:47","slug":"en-julio-parte-juicio-oral-por-homicidio-de-matias-delgado-el-care-tuto","status":"publish","type":"post","link":"https:\/\/www.eltrabajo.cl\/2017\/en-julio-parte-juicio-oral-por-homicidio-de-matias-delgado-el-care-tuto\/","title":{"rendered":"En julio parte juicio oral por homicidio de Mat\u00edas Delgado \u2018El Care Tuto\u2019"},"content":{"rendered":"<figure id=\"attachment_86584\" aria-describedby=\"caption-attachment-86584\" style=\"width: 580px\" class=\"wp-caption alignnone\"><img data-recalc-dims=\"1\" loading=\"lazy\" decoding=\"async\" class=\"size-full wp-image-86584\" src=\"https:\/\/i0.wp.com\/www.eltrabajo.cl\/2017\/wp-content\/uploads\/2018\/05\/MATIAS-DELGADO.jpg?resize=580%2C399\" alt=\"Mat\u00edas Delgado Olgu\u00edn ten\u00eda solo 20 a\u00f1os de edad al momento de ser asesinado de tres impactos de escopeta en su cuerpo.\" width=\"580\" height=\"399\" srcset=\"https:\/\/i0.wp.com\/www.eltrabajo.cl\/2017\/wp-content\/uploads\/2018\/05\/MATIAS-DELGADO.jpg?w=580&amp;ssl=1 580w, https:\/\/i0.wp.com\/www.eltrabajo.cl\/2017\/wp-content\/uploads\/2018\/05\/MATIAS-DELGADO.jpg?resize=300%2C206&amp;ssl=1 300w, https:\/\/i0.wp.com\/www.eltrabajo.cl\/2017\/wp-content\/uploads\/2018\/05\/MATIAS-DELGADO.jpg?resize=150%2C103&amp;ssl=1 150w\" sizes=\"auto, (max-width: 580px) 100vw, 580px\" \/><figcaption id=\"caption-attachment-86584\" class=\"wp-caption-text\">Mat\u00edas Delgado Olgu\u00edn ten\u00eda solo 20 a\u00f1os de edad al momento de ser asesinado de tres impactos de escopeta en su cuerpo.<\/figcaption><\/figure>\n<ul>\n<li><strong><span style=\"color: #ff0000;\">Fallecido de tres escopetazos en Villa 250 a\u00f1os:<\/span>\u00a0Imputado identificado como Abraham Olgu\u00edn Gallardo enfrentar\u00e1 cargos por homicidio, tenencia ilegal de arma de fuego y municiones.<\/strong><\/li>\n<\/ul>\n<p>Para este pr\u00f3ximo martes 17 de julio qued\u00f3 programada la audiencia de juicio oral en contra del \u00fanico imputado identificado como Abraham Enoc Olgu\u00edn Gallardo, acusado de asesinar a Mat\u00edas Nicol\u00e1s Delgado Olgu\u00edn, de 20 a\u00f1os de edad, al interior de la Villa 250 A\u00f1os de San Felipe a principios del mes de diciembre del a\u00f1o pasado.<br \/>\nLa Fiscal\u00eda present\u00f3 al Tribunal Oral en Lo Penal de San Felipe, la acusaci\u00f3n en contra del imputado tras las investigaciones realizadas por el homicidio del joven integrante del clan delictual conocido como \u2018Los Care Tuto\u2019.<br \/>\nLos primeros antecedentes revelar\u00edan que v\u00edctima y victimario se enfrascaron en una ri\u00f1a por rencillas anteriores, enfrent\u00e1ndose a golpes en el pasaje Estadio esquina Dardignac de esta ciudad.<br \/>\nLa hip\u00f3tesis policial revelar\u00eda que Olgu\u00edn, tras haber resultado con una fractura en su nariz, enfurecido dispar\u00f3 a corta distancia una escopeta frontalmente sobre el cuerpo de su contrincante, disparando posteriormente dos veces m\u00e1s por la espalda de Mat\u00edas Delgado Olgu\u00edn y en su muslo.<br \/>\nEl imputado, tras ser detenido y formalizado en tribunales, se encuentra actualmente bajo la cautelar de prisi\u00f3n preventiva a la espera de la realizaci\u00f3n de este juicio que demostrar\u00eda su inocencia o culpabilidad.<br \/>\nEn tanto la Fiscal\u00eda formular\u00e1 los cargos de homicidio simple en contra del acusado, adem\u00e1s de tenencia ilegal de arma de fuego y tenencia ilegal de municiones.<br \/>\n<strong>Pablo Salinas Sald\u00edas<\/strong><\/p>\n","protected":false},"excerpt":{"rendered":"<div class=\"mh-excerpt\"><p>Fallecido de tres escopetazos en Villa 250 a\u00f1os:\u00a0Imputado identificado como Abraham Olgu\u00edn Gallardo enfrentar\u00e1 cargos por homicidio, tenencia ilegal de arma de fuego y municiones. <a class=\"mh-excerpt-more\" href=\"https:\/\/www.eltrabajo.cl\/2017\/en-julio-parte-juicio-oral-por-homicidio-de-matias-delgado-el-care-tuto\/\" title=\"En julio parte juicio oral por homicidio de Mat\u00edas Delgado \u2018El Care Tuto\u2019\">[&#8230;]<\/a><\/p>\n<\/div>","protected":false},"author":1,"featured_media":86584,"comment_status":"open","ping_status":"open","sticky":false,"template":"","format":"standard","meta":{"_jetpack_newsletter_access":"","_jetpack_dont_email_post_to_subs":false,"_jetpack_newsletter_tier_id":0,"_jetpack_memberships_contains_paywalled_content":false,"_jetpack_memberships_contains_paid_content":false,"footnotes":""},"categories":[2],"tags":[],"class_list":["post-86583","post","type-post","status-publish","format-standard","has-post-thumbnail","hentry","category-policial"],"nelio_content":{"autoShareEndMode":"never","automationSources":{"useCustomSentences":false,"customSentences":[]},"efiAlt":"","efiUrl":"","followers":[],"highlights":[],"isAutoShareEnabled":true,"networkImageIds":[],"permalinkQueryArgs":[],"series":[],"suggestedReferences":[]},"jetpack_featured_media_url":"https:\/\/i0.wp.com\/www.eltrabajo.cl\/2017\/wp-content\/uploads\/2018\/05\/MATIAS-DELGADO.jpg?fit=580%2C399&ssl=1","jetpack_sharing_enabled":true,"_links":{"self":[{"href":"https:\/\/www.eltrabajo.cl\/2017\/wp-json\/wp\/v2\/posts\/86583","targetHints":{"allow":["GET"]}}],"collection":[{"href":"https:\/\/www.eltrabajo.cl\/2017\/wp-json\/wp\/v2\/posts"}],"about":[{"href":"https:\/\/www.eltrabajo.cl\/2017\/wp-json\/wp\/v2\/types\/post"}],"author":[{"embeddable":true,"href":"https:\/\/www.eltrabajo.cl\/2017\/wp-json\/wp\/v2\/users\/1"}],"replies":[{"embeddable":true,"href":"https:\/\/www.eltrabajo.cl\/2017\/wp-json\/wp\/v2\/comments?post=86583"}],"version-history":[{"count":1,"href":"https:\/\/www.eltrabajo.cl\/2017\/wp-json\/wp\/v2\/posts\/86583\/revisions"}],"predecessor-version":[{"id":86585,"href":"https:\/\/www.eltrabajo.cl\/2017\/wp-json\/wp\/v2\/posts\/86583\/revisions\/86585"}],"wp:featuredmedia":[{"embeddable":true,"href":"https:\/\/www.eltrabajo.cl\/2017\/wp-json\/wp\/v2\/media\/86584"}],"wp:attachment":[{"href":"https:\/\/www.eltrabajo.cl\/2017\/wp-json\/wp\/v2\/media?parent=86583"}],"wp:term":[{"taxonomy":"category","embeddable":true,"href":"https:\/\/www.eltrabajo.cl\/2017\/wp-json\/wp\/v2\/categories?post=86583"},{"taxonomy":"post_tag","embeddable":true,"href":"https:\/\/www.eltrabajo.cl\/2017\/wp-json\/wp\/v2\/tags?post=86583"}],"curies":[{"name":"wp","href":"https:\/\/api.w.org\/{rel}","templated":true}]}}