{"id":86863,"date":"2018-06-15T05:04:34","date_gmt":"2018-06-15T09:04:34","guid":{"rendered":"http:\/\/www.eltrabajo.cl\/2017\/?p=86863"},"modified":"2018-06-14T20:32:42","modified_gmt":"2018-06-15T00:32:42","slug":"jardinero-de-74-anos-fallece-de-un-infarto-en-su-lugar-de-trabajo","status":"publish","type":"post","link":"https:\/\/www.eltrabajo.cl\/2017\/jardinero-de-74-anos-fallece-de-un-infarto-en-su-lugar-de-trabajo\/","title":{"rendered":"Jardinero de 74 a\u00f1os fallece de un infarto en su lugar de trabajo"},"content":{"rendered":"<figure id=\"attachment_86864\" aria-describedby=\"caption-attachment-86864\" style=\"width: 580px\" class=\"wp-caption alignnone\"><img data-recalc-dims=\"1\" loading=\"lazy\" decoding=\"async\" class=\"size-full wp-image-86864\" src=\"https:\/\/i0.wp.com\/www.eltrabajo.cl\/2017\/wp-content\/uploads\/2018\/06\/gino_gutierrez-a.jpg?resize=580%2C380\" alt=\"Comisario Gino Guti\u00e9rrez C\u00e1ceres, Jefe de la Brigada de Homicidios de la PDI de Los Andes.\" width=\"580\" height=\"380\" srcset=\"https:\/\/i0.wp.com\/www.eltrabajo.cl\/2017\/wp-content\/uploads\/2018\/06\/gino_gutierrez-a.jpg?w=580&amp;ssl=1 580w, https:\/\/i0.wp.com\/www.eltrabajo.cl\/2017\/wp-content\/uploads\/2018\/06\/gino_gutierrez-a.jpg?resize=300%2C197&amp;ssl=1 300w, https:\/\/i0.wp.com\/www.eltrabajo.cl\/2017\/wp-content\/uploads\/2018\/06\/gino_gutierrez-a.jpg?resize=150%2C98&amp;ssl=1 150w\" sizes=\"auto, (max-width: 580px) 100vw, 580px\" \/><figcaption id=\"caption-attachment-86864\" class=\"wp-caption-text\">Comisario Gino Guti\u00e9rrez C\u00e1ceres, Jefe de la Brigada de Homicidios de la PDI de Los Andes.<\/figcaption><\/figure>\n<ul>\n<li><strong><span style=\"color: #ff0000;\">Cuerpo fue hallado en una vivienda en calle Guillermo Echeverr\u00eda:<\/span>\u00a0El adulto mayor se encontraba a solas realizando sus labores habituales en el domicilio de su empleador, quien horas m\u00e1s tarde se percat\u00f3 del lamentable episodio, solicitando la presencia del Samu que finalmente constat\u00f3 su deceso en el lugar.<\/strong><\/li>\n<\/ul>\n<p>Un adulto mayor de 74 a\u00f1os de edad, identificado como Reinaldo Ren\u00e9 Espinosa Mozahuett, falleci\u00f3 aparentemente de un paro cardio respiratorio mientras desarrollaba sus labores como jardinero habitual dentro de un domicilio ubicado en calle Guillermo Echeverr\u00eda en San Felipe la tarde de este mi\u00e9rcoles.<br \/>\nDe acuerdo a las primeras diligencias policiales, el propietario del inmueble se percat\u00f3 del fallecimiento del trabajador en un transcurso de unas cuatro horas en que la v\u00edctima permaneci\u00f3 solo en el domicilio realizando sus labores de jardiner\u00eda.<br \/>\nFue as\u00ed que el due\u00f1o de casa, consternado al ver al adulto mayor tendido, requiri\u00f3 de inmediato la presencia del Samu para poder practicarle la reanimaci\u00f3n. Sin embargo los param\u00e9dicos solo constataron el fallecimiento.<br \/>\nEl Fiscal de turno dispuso de las pericias de la Brigada de Homicidios de la Polic\u00eda de Investigaciones de Los Andes para la investigaci\u00f3n del caso. El Comisario Gino Guti\u00e9rrez C\u00e1ceres inform\u00f3 a Diario El Trabajo que de acuerdo a las primeras diligencias efectuadas en el sitio del suceso, se descart\u00f3 la intervenci\u00f3n de terceros en el hecho, presumi\u00e9ndose que la causal de muerte se deber\u00eda a un infarto.<br \/>\n\u201cEs encontrado mientras desarrollaba labores de jardiner\u00eda en un domicilio particular, el propietario del inmueble alrededor de las 17:00 horas se percata del cuerpo sin vida, convoca al servicio Samu quienes lamentablemente en su llegada constatan el deceso. No existen lesiones externas que hayamos podido detectar atribuible a terceras personas, antecedentes podr\u00edan indicar que sufri\u00f3 un paro cardiaco, tiene que establecerlo el Servicio M\u00e9dico Legal en estos momentos, existieron enfermedades de base que estaban siendo tratadas, respecto de esto la necropsia nos va a determinar cu\u00e1l fue la causa del deceso en definitiva de esta persona\u201d.<br \/>\nEl cuerpo de Reinaldo Espinosa, domiciliado en la poblaci\u00f3n La Santita de San Felipe, fue derivado hasta el Servicio M\u00e9dico Legal para la pr\u00e1ctica de la autopsia de rigor para determinar con exactitud la causa de su fallecimiento.<br \/>\n<strong>Pablo Salinas Sald\u00edas<\/strong><\/p>\n","protected":false},"excerpt":{"rendered":"<div class=\"mh-excerpt\"><p>Cuerpo fue hallado en una vivienda en calle Guillermo Echeverr\u00eda:\u00a0El adulto mayor se encontraba a solas realizando sus labores habituales en el domicilio de su <a class=\"mh-excerpt-more\" href=\"https:\/\/www.eltrabajo.cl\/2017\/jardinero-de-74-anos-fallece-de-un-infarto-en-su-lugar-de-trabajo\/\" title=\"Jardinero de 74 a\u00f1os fallece de un infarto en su lugar de trabajo\">[&#8230;]<\/a><\/p>\n<\/div>","protected":false},"author":1,"featured_media":86864,"comment_status":"open","ping_status":"open","sticky":false,"template":"","format":"standard","meta":{"_jetpack_newsletter_access":"","_jetpack_dont_email_post_to_subs":false,"_jetpack_newsletter_tier_id":0,"_jetpack_memberships_contains_paywalled_content":false,"_jetpack_memberships_contains_paid_content":false,"footnotes":""},"categories":[2],"tags":[],"class_list":["post-86863","post","type-post","status-publish","format-standard","has-post-thumbnail","hentry","category-policial"],"nelio_content":{"autoShareEndMode":"never","automationSources":{"useCustomSentences":false,"customSentences":[]},"efiAlt":"","efiUrl":"","followers":[],"highlights":[],"isAutoShareEnabled":true,"networkImageIds":[],"permalinkQueryArgs":[],"series":[],"suggestedReferences":[]},"jetpack_featured_media_url":"https:\/\/i0.wp.com\/www.eltrabajo.cl\/2017\/wp-content\/uploads\/2018\/06\/gino_gutierrez-a.jpg?fit=580%2C380&ssl=1","jetpack_sharing_enabled":true,"_links":{"self":[{"href":"https:\/\/www.eltrabajo.cl\/2017\/wp-json\/wp\/v2\/posts\/86863","targetHints":{"allow":["GET"]}}],"collection":[{"href":"https:\/\/www.eltrabajo.cl\/2017\/wp-json\/wp\/v2\/posts"}],"about":[{"href":"https:\/\/www.eltrabajo.cl\/2017\/wp-json\/wp\/v2\/types\/post"}],"author":[{"embeddable":true,"href":"https:\/\/www.eltrabajo.cl\/2017\/wp-json\/wp\/v2\/users\/1"}],"replies":[{"embeddable":true,"href":"https:\/\/www.eltrabajo.cl\/2017\/wp-json\/wp\/v2\/comments?post=86863"}],"version-history":[{"count":1,"href":"https:\/\/www.eltrabajo.cl\/2017\/wp-json\/wp\/v2\/posts\/86863\/revisions"}],"predecessor-version":[{"id":86865,"href":"https:\/\/www.eltrabajo.cl\/2017\/wp-json\/wp\/v2\/posts\/86863\/revisions\/86865"}],"wp:featuredmedia":[{"embeddable":true,"href":"https:\/\/www.eltrabajo.cl\/2017\/wp-json\/wp\/v2\/media\/86864"}],"wp:attachment":[{"href":"https:\/\/www.eltrabajo.cl\/2017\/wp-json\/wp\/v2\/media?parent=86863"}],"wp:term":[{"taxonomy":"category","embeddable":true,"href":"https:\/\/www.eltrabajo.cl\/2017\/wp-json\/wp\/v2\/categories?post=86863"},{"taxonomy":"post_tag","embeddable":true,"href":"https:\/\/www.eltrabajo.cl\/2017\/wp-json\/wp\/v2\/tags?post=86863"}],"curies":[{"name":"wp","href":"https:\/\/api.w.org\/{rel}","templated":true}]}}