{"id":86994,"date":"2018-06-25T05:00:27","date_gmt":"2018-06-25T09:00:27","guid":{"rendered":"http:\/\/www.eltrabajo.cl\/2017\/?p=86994"},"modified":"2018-06-24T20:39:34","modified_gmt":"2018-06-25T00:39:34","slug":"lo-capturan-robando-especies-desde-fundo-en-carretera-san-martin","status":"publish","type":"post","link":"https:\/\/www.eltrabajo.cl\/2017\/lo-capturan-robando-especies-desde-fundo-en-carretera-san-martin\/","title":{"rendered":"Lo capturan robando especies desde fundo en Carretera San Mart\u00edn"},"content":{"rendered":"<figure id=\"attachment_86995\" aria-describedby=\"caption-attachment-86995\" style=\"width: 580px\" class=\"wp-caption alignnone\"><img data-recalc-dims=\"1\" loading=\"lazy\" decoding=\"async\" class=\"size-full wp-image-86995\" src=\"https:\/\/i0.wp.com\/www.eltrabajo.cl\/2017\/wp-content\/uploads\/2018\/06\/DETENIDO-ROBO.jpg?resize=580%2C399\" alt=\"El imputado tras ser capturado por Carabineros fue formalizado por la Fiscal\u00eda por Robo en lugar habitado, quedando sujeto a la cautelar de prisi\u00f3n preventiva. (Foto Archivo).\" width=\"580\" height=\"399\" srcset=\"https:\/\/i0.wp.com\/www.eltrabajo.cl\/2017\/wp-content\/uploads\/2018\/06\/DETENIDO-ROBO.jpg?w=580&amp;ssl=1 580w, https:\/\/i0.wp.com\/www.eltrabajo.cl\/2017\/wp-content\/uploads\/2018\/06\/DETENIDO-ROBO.jpg?resize=300%2C206&amp;ssl=1 300w, https:\/\/i0.wp.com\/www.eltrabajo.cl\/2017\/wp-content\/uploads\/2018\/06\/DETENIDO-ROBO.jpg?resize=150%2C103&amp;ssl=1 150w\" sizes=\"auto, (max-width: 580px) 100vw, 580px\" \/><figcaption id=\"caption-attachment-86995\" class=\"wp-caption-text\">El imputado tras ser capturado por Carabineros fue formalizado por la Fiscal\u00eda por Robo en lugar habitado, quedando sujeto a la cautelar de prisi\u00f3n preventiva. (Foto Archivo).<\/figcaption><\/figure>\n<ul>\n<li><strong><span style=\"color: #ff0000;\">Tras ser formalizado en tribunales qued\u00f3 en prisi\u00f3n preventiva:\u00a0<\/span>El delincuente de 24 a\u00f1os de edad en compa\u00f1\u00eda de otro desconocido, pretend\u00edan desvalijar una vivienda de adultos mayores trabajadores del fundo.<\/strong><\/li>\n<\/ul>\n<p>En flagrancia fue capturado por Carabineros del Ret\u00e9n de Curim\u00f3n un antisocial de 24 a\u00f1os de edad, luego de haber ingresado hasta el interior de un inmueble de adultos mayores trabajadores de un fundo ubicado a un costado de Carretera San Mart\u00edn de San Felipe, la semana pasada.<br \/>\nDe acuerdo a los antecedentes que figuran en la carpeta investigativa de la Fiscal\u00eda, los residentes -adultos mayores- abandonaron el domicilio para compartir con su grupo familiar. Momentos m\u00e1s tarde recibieron una llamada telef\u00f3nica de parte del cuidador del fundo, advirtiendo la presencia de dos desconocidos intentando robar especies en horas de la noche.<br \/>\nEl nieto de estas v\u00edctimas es quien habr\u00eda denunciado el hecho a Carabineros tras percatarse que en la entrada de la propiedad se encontraba un veh\u00edculo cargado con especies y un sujeto que conduc\u00eda el autom\u00f3vil estacionado a un costado de las ciclov\u00edas emplazadas en Carretera San Mart\u00edn.<br \/>\nSeg\u00fan este testigo, el sujeto escap\u00f3 movilizado por el borde de esta ruta, perdiendo el control del m\u00f3vil tras impactar contra un desv\u00edo de aguas, abandonando el veh\u00edculo para escapar cojeando por la carretera, siendo perseguido por el nieto de los afectados.<\/p>\n<p><span style=\"color: #ff0000;\"><strong>VIEJO TRUCO<\/strong><\/span><br \/>\nEl delincuente al verse acorralado por el testigo, habr\u00eda realizado un adem\u00e1n simulando mantener un arma de fuego para intimidar a la v\u00edctima, quien dej\u00f3 escapar al sujeto regresando hasta el veh\u00edculo utilizado por el antisocial comprobando que las especies en su interior pertenecen a su abuelo.<br \/>\nAsimismo, se comprob\u00f3 que los delincuentes previamente habr\u00edan efectuado da\u00f1os a un port\u00f3n de acceso a estacionamientos vehiculares del fundo, intentado sustraer una camioneta, la cual utilizar\u00edan para sustraer las especies encontr\u00e1ndose especies apiladas a un costado, desistiendo de esta acci\u00f3n tras la llegada de los testigos y las v\u00edctimas.<br \/>\nMinutos m\u00e1s tarde Carabineros del Ret\u00e9n de Curim\u00f3n tras recepcionar la denuncia, en compa\u00f1\u00eda del testigo concurrieron hasta la Carretera San Mart\u00edn logrando divisar al delincuente cojeando, quien fue detenido de inmediato tras su reconocimiento como presunto autor del delito.<\/p>\n<p><span style=\"color: #ff0000;\"><strong>FUE DETENIDO<\/strong><\/span><br \/>\nEl imputado fue identificado como Joaqu\u00edn Alfredo Estay Tapia, de 24 a\u00f1os de edad, quien fue derivado hasta el Juzgado de Garant\u00eda de San Felipe, siendo formalizado por el delito de Robo en lugar habitado. El Fiscal Alejandro Bustos requiri\u00f3 ante este tribunal la cautelar de Prisi\u00f3n Preventiva por representar un peligro para la seguridad de las v\u00edctimas y el resto de la sociedad, medida que fue aceptada por el Juez de Garant\u00eda, ordenando el ingreso del acusado hasta la c\u00e1rcel.<br \/>\n<strong>Pablo Salinas Sald\u00edas<\/strong><\/p>\n","protected":false},"excerpt":{"rendered":"<div class=\"mh-excerpt\"><p>Tras ser formalizado en tribunales qued\u00f3 en prisi\u00f3n preventiva:\u00a0El delincuente de 24 a\u00f1os de edad en compa\u00f1\u00eda de otro desconocido, pretend\u00edan desvalijar una vivienda de <a class=\"mh-excerpt-more\" href=\"https:\/\/www.eltrabajo.cl\/2017\/lo-capturan-robando-especies-desde-fundo-en-carretera-san-martin\/\" title=\"Lo capturan robando especies desde fundo en Carretera San Mart\u00edn\">[&#8230;]<\/a><\/p>\n<\/div>","protected":false},"author":1,"featured_media":86995,"comment_status":"open","ping_status":"open","sticky":false,"template":"","format":"standard","meta":{"_jetpack_newsletter_access":"","_jetpack_dont_email_post_to_subs":false,"_jetpack_newsletter_tier_id":0,"_jetpack_memberships_contains_paywalled_content":false,"_jetpack_memberships_contains_paid_content":false,"footnotes":""},"categories":[2],"tags":[],"class_list":["post-86994","post","type-post","status-publish","format-standard","has-post-thumbnail","hentry","category-policial"],"nelio_content":{"autoShareEndMode":"never","automationSources":{"useCustomSentences":false,"customSentences":[]},"efiAlt":"","efiUrl":"","followers":[],"highlights":[],"isAutoShareEnabled":true,"networkImageIds":[],"permalinkQueryArgs":[],"series":[],"suggestedReferences":[]},"jetpack_featured_media_url":"https:\/\/i0.wp.com\/www.eltrabajo.cl\/2017\/wp-content\/uploads\/2018\/06\/DETENIDO-ROBO.jpg?fit=580%2C399&ssl=1","jetpack_sharing_enabled":true,"_links":{"self":[{"href":"https:\/\/www.eltrabajo.cl\/2017\/wp-json\/wp\/v2\/posts\/86994","targetHints":{"allow":["GET"]}}],"collection":[{"href":"https:\/\/www.eltrabajo.cl\/2017\/wp-json\/wp\/v2\/posts"}],"about":[{"href":"https:\/\/www.eltrabajo.cl\/2017\/wp-json\/wp\/v2\/types\/post"}],"author":[{"embeddable":true,"href":"https:\/\/www.eltrabajo.cl\/2017\/wp-json\/wp\/v2\/users\/1"}],"replies":[{"embeddable":true,"href":"https:\/\/www.eltrabajo.cl\/2017\/wp-json\/wp\/v2\/comments?post=86994"}],"version-history":[{"count":1,"href":"https:\/\/www.eltrabajo.cl\/2017\/wp-json\/wp\/v2\/posts\/86994\/revisions"}],"predecessor-version":[{"id":86996,"href":"https:\/\/www.eltrabajo.cl\/2017\/wp-json\/wp\/v2\/posts\/86994\/revisions\/86996"}],"wp:featuredmedia":[{"embeddable":true,"href":"https:\/\/www.eltrabajo.cl\/2017\/wp-json\/wp\/v2\/media\/86995"}],"wp:attachment":[{"href":"https:\/\/www.eltrabajo.cl\/2017\/wp-json\/wp\/v2\/media?parent=86994"}],"wp:term":[{"taxonomy":"category","embeddable":true,"href":"https:\/\/www.eltrabajo.cl\/2017\/wp-json\/wp\/v2\/categories?post=86994"},{"taxonomy":"post_tag","embeddable":true,"href":"https:\/\/www.eltrabajo.cl\/2017\/wp-json\/wp\/v2\/tags?post=86994"}],"curies":[{"name":"wp","href":"https:\/\/api.w.org\/{rel}","templated":true}]}}