{"id":87006,"date":"2018-06-25T05:04:56","date_gmt":"2018-06-25T09:04:56","guid":{"rendered":"http:\/\/www.eltrabajo.cl\/2017\/?p=87006"},"modified":"2018-06-24T20:46:11","modified_gmt":"2018-06-25T00:46:11","slug":"incautan-cocaina-pura-y-pasta-base-en-villas-250-anos-e-industrial","status":"publish","type":"post","link":"https:\/\/www.eltrabajo.cl\/2017\/incautan-cocaina-pura-y-pasta-base-en-villas-250-anos-e-industrial\/","title":{"rendered":"Incautan coca\u00edna pura y pasta base en villas 250 A\u00f1os e Industrial"},"content":{"rendered":"<figure id=\"attachment_87007\" aria-describedby=\"caption-attachment-87007\" style=\"width: 580px\" class=\"wp-caption alignnone\"><img data-recalc-dims=\"1\" loading=\"lazy\" decoding=\"async\" class=\"size-full wp-image-87007\" src=\"https:\/\/i0.wp.com\/www.eltrabajo.cl\/2017\/wp-content\/uploads\/2018\/06\/DROGAS-250-INDUSTRIAL.jpg?resize=580%2C399\" alt=\"Tras un masivo operativo policial efectuado por Carabineros, se incaut\u00f3 desde tres domicilios clorhidrato de coca\u00edna, pasta base y casi un mill\u00f3n de pesos en efectivo en las villas 250 a\u00f1os e Industrial de San Felipe.\" width=\"580\" height=\"399\" srcset=\"https:\/\/i0.wp.com\/www.eltrabajo.cl\/2017\/wp-content\/uploads\/2018\/06\/DROGAS-250-INDUSTRIAL.jpg?w=580&amp;ssl=1 580w, https:\/\/i0.wp.com\/www.eltrabajo.cl\/2017\/wp-content\/uploads\/2018\/06\/DROGAS-250-INDUSTRIAL.jpg?resize=300%2C206&amp;ssl=1 300w, https:\/\/i0.wp.com\/www.eltrabajo.cl\/2017\/wp-content\/uploads\/2018\/06\/DROGAS-250-INDUSTRIAL.jpg?resize=150%2C103&amp;ssl=1 150w\" sizes=\"auto, (max-width: 580px) 100vw, 580px\" \/><figcaption id=\"caption-attachment-87007\" class=\"wp-caption-text\">Tras un masivo operativo policial efectuado por Carabineros, se incaut\u00f3 desde tres domicilios clorhidrato de coca\u00edna, pasta base y casi un mill\u00f3n de pesos en efectivo en las villas 250 a\u00f1os e Industrial de San Felipe.<\/figcaption><\/figure>\n<ul>\n<li><strong><span style=\"color: #ff0000;\">A prisi\u00f3n tres detenidas por OS7 de Carabineros:<\/span>\u00a0Las imputadas fueron formalizadas por la Fiscal\u00eda, quedando sujetas a la cautelar de Prisi\u00f3n Preventiva tras el procedimiento policial efectuado por Carabineros el pasado jueves.<\/strong><\/li>\n<\/ul>\n<p>Un masivo operativo organizado por personal de OS7 de Carabineros Aconcagua con el apoyo de Fuerzas Especiales, personal policial de la Prefectura Aconcagua y el Grupo de Operaciones Policiales Especiales (Gope) de Carabineros, dej\u00f3 como resultado las importantes incautaciones de pasta base, coca\u00edna pura y comprimidos de psicotr\u00f3picos desde tres inmuebles de las villas Industrial y 250 a\u00f1os, siendo detenidas tres mujeres familiares entre s\u00ed, que fueron procesadas ante la justicia por Microtr\u00e1fico de drogas.<br \/>\nLas diligencias se llevaron a cabo tras una coordinaci\u00f3n con la Fiscal\u00eda de San Felipe, luego de diversas investigaciones que daban cuenta de la venta de sustancias il\u00edcitas desde distintos domicilios en las mencionadas villas a microtraficantes de la zona que requer\u00edan coca\u00edna pura y pasta base.<br \/>\nFue as\u00ed que durante la jornada de este jueves, la Polic\u00eda efectu\u00f3 los allanamientos masivos para dar cumplimiento simult\u00e1neamente espec\u00edficamente en tres domicilios, decomis\u00e1ndose la cantidad de 245 gramos de pasta base de coca\u00edna, 455 gramos de coca\u00edna pura y 17 comprimidos de medicamentos sujetos a control de psicotr\u00f3picos.<br \/>\nAsimismo durante los operativos, Carabineros incaut\u00f3 un total de $967.000 en dinero en efectivo atribuible a las ganancias obtenidas de las ventas de las drogas. Tras los allanamientos, tres mujeres fueron detenidas por el delito de Microtr\u00e1fico de drogas sancionado en la Ley 20.000 de drogas, siendo derivadas hasta el Juzgado de Garant\u00eda de San Felipe este viernes para ser formalizadas por la Fiscal\u00eda.<br \/>\nPor representar un serio peligro para la salud de la sociedad, las imputadas identificadas con las iniciales D.M.R.Z., de 24 a\u00f1os de edad, P.D.P.D., de 46 a\u00f1os de edad y E.D.P.D. de 44 a\u00f1os, sin antecedentes anteriores, quedaron sujetas a la cautelar de prisi\u00f3n preventiva fij\u00e1ndose un plazo de investigaci\u00f3n de 90 d\u00edas.<br \/>\n<strong>Pablo Salinas Sald\u00edas<\/strong><\/p>\n","protected":false},"excerpt":{"rendered":"<div class=\"mh-excerpt\"><p>A prisi\u00f3n tres detenidas por OS7 de Carabineros:\u00a0Las imputadas fueron formalizadas por la Fiscal\u00eda, quedando sujetas a la cautelar de Prisi\u00f3n Preventiva tras el procedimiento <a class=\"mh-excerpt-more\" href=\"https:\/\/www.eltrabajo.cl\/2017\/incautan-cocaina-pura-y-pasta-base-en-villas-250-anos-e-industrial\/\" title=\"Incautan coca\u00edna pura y pasta base en villas 250 A\u00f1os e Industrial\">[&#8230;]<\/a><\/p>\n<\/div>","protected":false},"author":1,"featured_media":87007,"comment_status":"open","ping_status":"open","sticky":false,"template":"","format":"standard","meta":{"_jetpack_newsletter_access":"","_jetpack_dont_email_post_to_subs":false,"_jetpack_newsletter_tier_id":0,"_jetpack_memberships_contains_paywalled_content":false,"_jetpack_memberships_contains_paid_content":false,"footnotes":""},"categories":[2],"tags":[],"class_list":["post-87006","post","type-post","status-publish","format-standard","has-post-thumbnail","hentry","category-policial"],"nelio_content":{"autoShareEndMode":"never","automationSources":{"useCustomSentences":false,"customSentences":[]},"efiAlt":"","efiUrl":"","followers":[],"highlights":[],"isAutoShareEnabled":true,"networkImageIds":[],"permalinkQueryArgs":[],"series":[],"suggestedReferences":[]},"jetpack_featured_media_url":"https:\/\/i0.wp.com\/www.eltrabajo.cl\/2017\/wp-content\/uploads\/2018\/06\/DROGAS-250-INDUSTRIAL.jpg?fit=580%2C399&ssl=1","jetpack_sharing_enabled":true,"_links":{"self":[{"href":"https:\/\/www.eltrabajo.cl\/2017\/wp-json\/wp\/v2\/posts\/87006","targetHints":{"allow":["GET"]}}],"collection":[{"href":"https:\/\/www.eltrabajo.cl\/2017\/wp-json\/wp\/v2\/posts"}],"about":[{"href":"https:\/\/www.eltrabajo.cl\/2017\/wp-json\/wp\/v2\/types\/post"}],"author":[{"embeddable":true,"href":"https:\/\/www.eltrabajo.cl\/2017\/wp-json\/wp\/v2\/users\/1"}],"replies":[{"embeddable":true,"href":"https:\/\/www.eltrabajo.cl\/2017\/wp-json\/wp\/v2\/comments?post=87006"}],"version-history":[{"count":1,"href":"https:\/\/www.eltrabajo.cl\/2017\/wp-json\/wp\/v2\/posts\/87006\/revisions"}],"predecessor-version":[{"id":87008,"href":"https:\/\/www.eltrabajo.cl\/2017\/wp-json\/wp\/v2\/posts\/87006\/revisions\/87008"}],"wp:featuredmedia":[{"embeddable":true,"href":"https:\/\/www.eltrabajo.cl\/2017\/wp-json\/wp\/v2\/media\/87007"}],"wp:attachment":[{"href":"https:\/\/www.eltrabajo.cl\/2017\/wp-json\/wp\/v2\/media?parent=87006"}],"wp:term":[{"taxonomy":"category","embeddable":true,"href":"https:\/\/www.eltrabajo.cl\/2017\/wp-json\/wp\/v2\/categories?post=87006"},{"taxonomy":"post_tag","embeddable":true,"href":"https:\/\/www.eltrabajo.cl\/2017\/wp-json\/wp\/v2\/tags?post=87006"}],"curies":[{"name":"wp","href":"https:\/\/api.w.org\/{rel}","templated":true}]}}