{"id":87021,"date":"2018-06-26T05:03:11","date_gmt":"2018-06-26T09:03:11","guid":{"rendered":"http:\/\/www.eltrabajo.cl\/2017\/?p=87021"},"modified":"2018-06-25T20:46:52","modified_gmt":"2018-06-26T00:46:52","slug":"cierran-puerta-giratoria-a-ladron-que-entro-a-robar-a-centrico-jardin-infantil","status":"publish","type":"post","link":"https:\/\/www.eltrabajo.cl\/2017\/cierran-puerta-giratoria-a-ladron-que-entro-a-robar-a-centrico-jardin-infantil\/","title":{"rendered":"Cierran \u2018puerta giratoria\u2019 a ladr\u00f3n que entr\u00f3 a robar a c\u00e9ntrico jard\u00edn infantil"},"content":{"rendered":"<figure id=\"attachment_87022\" aria-describedby=\"caption-attachment-87022\" style=\"width: 578px\" class=\"wp-caption alignnone\"><img data-recalc-dims=\"1\" loading=\"lazy\" decoding=\"async\" class=\"size-full wp-image-87022\" src=\"https:\/\/i0.wp.com\/www.eltrabajo.cl\/2017\/wp-content\/uploads\/2018\/06\/FRONTIS-JARDIN.jpg?resize=578%2C326\" alt=\"El robo ocurri\u00f3 al interior del Jard\u00edn Infantil \u2018Barquito de Papel\u2019 ubicado en calle Toro Mazote N\u00ba 278 en San Felipe.\" width=\"578\" height=\"326\" srcset=\"https:\/\/i0.wp.com\/www.eltrabajo.cl\/2017\/wp-content\/uploads\/2018\/06\/FRONTIS-JARDIN.jpg?w=578&amp;ssl=1 578w, https:\/\/i0.wp.com\/www.eltrabajo.cl\/2017\/wp-content\/uploads\/2018\/06\/FRONTIS-JARDIN.jpg?resize=300%2C169&amp;ssl=1 300w, https:\/\/i0.wp.com\/www.eltrabajo.cl\/2017\/wp-content\/uploads\/2018\/06\/FRONTIS-JARDIN.jpg?resize=150%2C85&amp;ssl=1 150w\" sizes=\"auto, (max-width: 578px) 100vw, 578px\" \/><figcaption id=\"caption-attachment-87022\" class=\"wp-caption-text\">El robo ocurri\u00f3 al interior del Jard\u00edn Infantil \u2018Barquito de Papel\u2019 ubicado en calle Toro Mazote N\u00ba 278 en San Felipe.<\/figcaption><\/figure>\n<ul>\n<li><strong><span style=\"color: #ff0000;\">Tribunal resolvi\u00f3 enviarlo a la c\u00e1rcel tras m\u00faltiples causas:<\/span><\/strong><\/li>\n<\/ul>\n<p>En flagrancia fue detenido por Carabineros un avezado delincuente que la tarde de este domingo pretend\u00eda robar diversos \u00fatiles escolares desde el interior del Jard\u00edn Infantil \u2018Barquito de Papel\u2019 ubicado en calle Toro Mazote N\u00ba 278, entre Merced y Freire.<\/p>\n<p>El hecho qued\u00f3 al descubierto luego de un llamado an\u00f3nimo a la Central de Comunicaciones de Carabineros de la presunta ocurrencia de un robo en dicho lugar, traslad\u00e1ndose de inmediato una patrulla de la polic\u00eda uniformada, encontrando la puerta del jard\u00edn infantil abierta.<br \/>\nLos funcionarios, policiales al ingresar al recinto a eso de las 17:10 horas, se percataron que en el interior se encontraba un conocido delincuente, quien manten\u00eda entre sus manos una bolsa pl\u00e1stica con \u00fatiles escolares utilizados por los p\u00e1rvulos, siendo detenido en el lugar.<br \/>\nPosteriormente Carabineros contact\u00f3 a la encargada del jard\u00edn infantil, quien reconoci\u00f3 las especies avaluadas en $300.000. Tras una revisi\u00f3n al establecimiento se observ\u00f3 que la chapa de la puerta principal presentaba da\u00f1os.<br \/>\nEl imputado fue individualizado como Alberto Ulises Gallardo Gallardo, de 41 a\u00f1os de edad, quien fue trasladado la ma\u00f1ana de ayer lunes hasta el Juzgado de Garant\u00eda de San Felipe para ser formalizado por el delito de robo en lugar no habitado.<br \/>\nDebido a las m\u00faltiples causas que registra este sujeto, el Fiscal Julio Palacios Bobadilla requiri\u00f3 ante el tribunal la cautelar de prisi\u00f3n preventiva, la que fue concedida por la Jueza de Garant\u00eda, ordenando el ingreso del acusado hasta la c\u00e1rcel, fijando un plazo de investigaci\u00f3n de 30 d\u00edas.<br \/>\n<strong>Pablo Salinas Sald\u00edas<\/strong><\/p>\n<figure id=\"attachment_87023\" aria-describedby=\"caption-attachment-87023\" style=\"width: 578px\" class=\"wp-caption alignnone\"><img data-recalc-dims=\"1\" loading=\"lazy\" decoding=\"async\" class=\"size-full wp-image-87023\" src=\"https:\/\/i0.wp.com\/www.eltrabajo.cl\/2017\/wp-content\/uploads\/2018\/06\/UTILES-ESCOLARES.jpg?resize=578%2C326\" alt=\"Carabineros recuper\u00f3 la totalidad de los \u00fatiles escolares que pretend\u00eda robar el delincuente la tarde de este domingo.\" width=\"578\" height=\"326\" srcset=\"https:\/\/i0.wp.com\/www.eltrabajo.cl\/2017\/wp-content\/uploads\/2018\/06\/UTILES-ESCOLARES.jpg?w=578&amp;ssl=1 578w, https:\/\/i0.wp.com\/www.eltrabajo.cl\/2017\/wp-content\/uploads\/2018\/06\/UTILES-ESCOLARES.jpg?resize=300%2C169&amp;ssl=1 300w, https:\/\/i0.wp.com\/www.eltrabajo.cl\/2017\/wp-content\/uploads\/2018\/06\/UTILES-ESCOLARES.jpg?resize=150%2C85&amp;ssl=1 150w\" sizes=\"auto, (max-width: 578px) 100vw, 578px\" \/><figcaption id=\"caption-attachment-87023\" class=\"wp-caption-text\">Carabineros recuper\u00f3 la totalidad de los \u00fatiles escolares que pretend\u00eda robar el delincuente la tarde de este domingo.<\/figcaption><\/figure>\n","protected":false},"excerpt":{"rendered":"<div class=\"mh-excerpt\"><p>Tribunal resolvi\u00f3 enviarlo a la c\u00e1rcel tras m\u00faltiples causas: En flagrancia fue detenido por Carabineros un avezado delincuente que la tarde de este domingo pretend\u00eda <a class=\"mh-excerpt-more\" href=\"https:\/\/www.eltrabajo.cl\/2017\/cierran-puerta-giratoria-a-ladron-que-entro-a-robar-a-centrico-jardin-infantil\/\" title=\"Cierran \u2018puerta giratoria\u2019 a ladr\u00f3n que entr\u00f3 a robar a c\u00e9ntrico jard\u00edn infantil\">[&#8230;]<\/a><\/p>\n<\/div>","protected":false},"author":1,"featured_media":87023,"comment_status":"open","ping_status":"open","sticky":false,"template":"","format":"standard","meta":{"_jetpack_newsletter_access":"","_jetpack_dont_email_post_to_subs":false,"_jetpack_newsletter_tier_id":0,"_jetpack_memberships_contains_paywalled_content":false,"_jetpack_memberships_contains_paid_content":false,"footnotes":""},"categories":[2],"tags":[],"class_list":["post-87021","post","type-post","status-publish","format-standard","has-post-thumbnail","hentry","category-policial"],"nelio_content":{"autoShareEndMode":"never","automationSources":{"useCustomSentences":false,"customSentences":[]},"efiAlt":"","efiUrl":"","followers":[],"highlights":[],"isAutoShareEnabled":true,"networkImageIds":[],"permalinkQueryArgs":[],"series":[],"suggestedReferences":[]},"jetpack_featured_media_url":"https:\/\/i0.wp.com\/www.eltrabajo.cl\/2017\/wp-content\/uploads\/2018\/06\/UTILES-ESCOLARES.jpg?fit=578%2C326&ssl=1","jetpack_sharing_enabled":true,"_links":{"self":[{"href":"https:\/\/www.eltrabajo.cl\/2017\/wp-json\/wp\/v2\/posts\/87021","targetHints":{"allow":["GET"]}}],"collection":[{"href":"https:\/\/www.eltrabajo.cl\/2017\/wp-json\/wp\/v2\/posts"}],"about":[{"href":"https:\/\/www.eltrabajo.cl\/2017\/wp-json\/wp\/v2\/types\/post"}],"author":[{"embeddable":true,"href":"https:\/\/www.eltrabajo.cl\/2017\/wp-json\/wp\/v2\/users\/1"}],"replies":[{"embeddable":true,"href":"https:\/\/www.eltrabajo.cl\/2017\/wp-json\/wp\/v2\/comments?post=87021"}],"version-history":[{"count":1,"href":"https:\/\/www.eltrabajo.cl\/2017\/wp-json\/wp\/v2\/posts\/87021\/revisions"}],"predecessor-version":[{"id":87024,"href":"https:\/\/www.eltrabajo.cl\/2017\/wp-json\/wp\/v2\/posts\/87021\/revisions\/87024"}],"wp:featuredmedia":[{"embeddable":true,"href":"https:\/\/www.eltrabajo.cl\/2017\/wp-json\/wp\/v2\/media\/87023"}],"wp:attachment":[{"href":"https:\/\/www.eltrabajo.cl\/2017\/wp-json\/wp\/v2\/media?parent=87021"}],"wp:term":[{"taxonomy":"category","embeddable":true,"href":"https:\/\/www.eltrabajo.cl\/2017\/wp-json\/wp\/v2\/categories?post=87021"},{"taxonomy":"post_tag","embeddable":true,"href":"https:\/\/www.eltrabajo.cl\/2017\/wp-json\/wp\/v2\/tags?post=87021"}],"curies":[{"name":"wp","href":"https:\/\/api.w.org\/{rel}","templated":true}]}}