{"id":87031,"date":"2018-06-26T05:05:20","date_gmt":"2018-06-26T09:05:20","guid":{"rendered":"http:\/\/www.eltrabajo.cl\/2017\/?p=87031"},"modified":"2018-06-25T20:50:45","modified_gmt":"2018-06-26T00:50:45","slug":"millonarias-perdidas-deja-incendio-en-inmueble-de-condominio-en-el-bolson","status":"publish","type":"post","link":"https:\/\/www.eltrabajo.cl\/2017\/millonarias-perdidas-deja-incendio-en-inmueble-de-condominio-en-el-bolson\/","title":{"rendered":"Millonarias p\u00e9rdidas deja incendio en inmueble de condominio en El Bols\u00f3n"},"content":{"rendered":"<figure id=\"attachment_87032\" aria-describedby=\"caption-attachment-87032\" style=\"width: 579px\" class=\"wp-caption alignnone\"><img data-recalc-dims=\"1\" loading=\"lazy\" decoding=\"async\" class=\"size-full wp-image-87032\" src=\"https:\/\/i0.wp.com\/www.eltrabajo.cl\/2017\/wp-content\/uploads\/2018\/06\/incendio-El-bolson.jpg?resize=579%2C326\" alt=\"Con millonarios da\u00f1os result\u00f3 el inmueble perteneciente a un m\u00e9dico tras el incendio.\" width=\"579\" height=\"326\" srcset=\"https:\/\/i0.wp.com\/www.eltrabajo.cl\/2017\/wp-content\/uploads\/2018\/06\/incendio-El-bolson.jpg?w=579&amp;ssl=1 579w, https:\/\/i0.wp.com\/www.eltrabajo.cl\/2017\/wp-content\/uploads\/2018\/06\/incendio-El-bolson.jpg?resize=300%2C169&amp;ssl=1 300w, https:\/\/i0.wp.com\/www.eltrabajo.cl\/2017\/wp-content\/uploads\/2018\/06\/incendio-El-bolson.jpg?resize=150%2C84&amp;ssl=1 150w\" sizes=\"auto, (max-width: 579px) 100vw, 579px\" \/><figcaption id=\"caption-attachment-87032\" class=\"wp-caption-text\">Con millonarios da\u00f1os result\u00f3 el inmueble perteneciente a un m\u00e9dico tras el incendio.<\/figcaption><\/figure>\n<p>Con cuantiosos da\u00f1os result\u00f3 una vivienda afectada por un incendio que se declar\u00f3 alrededor de las 13:00 horas de este domingo en el sector El Bols\u00f3n, en un inmueble de grandes proporciones ubicado en un exclusivo condominio que se ubica a unos 50 metros de la agr\u00edcola R\u00edo Blanco<br \/>\nAl llamado de emergencia concurri\u00f3 el Cuerpo de Bomberos de Rinconada, quienes avanzaron r\u00e1pidamente, activando posteriormente a Bomberos de San Felipe.<br \/>\nAs\u00ed lo inform\u00f3 el Comandante de Bomberos de San Felipe, Juan Carlos Herrera Lillo, quien se\u00f1al\u00f3 que en primera instancia se estaba quemando el segundo piso, donde el fuego se propag\u00f3 r\u00e1pidamente, provocando p\u00e9rdidas millonarias. El primer piso result\u00f3 con da\u00f1os por efecto del agua, principalmente, por fortuna el trabajo de bomberos evit\u00f3 que se siguiera propagando hac\u00eda las dem\u00e1s dependencias, por tratarse de una casa grande, afortunadamente el trabajo de bomberos evit\u00f3 que se pudiera propagar.<br \/>\n<strong>&#8211; \u00bfLas causas del incendio las tienen ustedes preliminarmente o algo que se haya comentado? <\/strong><br \/>\n&#8211; Hasta ayer (domingo), cerca de las 16:00 horas, todav\u00eda segu\u00eda trabajando el departamento de investigaci\u00f3n de San Felipe, para saber la causa de este incendio.<br \/>\n<strong>&#8211; \u00bfHab\u00eda personas en el inmueble durante el incendio?<\/strong><br \/>\n&#8211; S\u00ed, estaban los propietarios, ellos no vieron como empez\u00f3 el fuego. Unos vecinos se percataron en primera instancia, que sal\u00eda humo del segundo piso, se alert\u00f3 a la familia comenzando ellos a trabajar con unas mangueras de jard\u00edn para ver si lo pod\u00edan controlar, lamentablemente el fuego tom\u00f3 fuerza y se empez\u00f3 a propagar por el segundo piso. Fue bastante complicado trabajar en este incendio, porque un segundo piso, la estructura de tejas\u2026 pesado, con el peligro que se derrumbara con los bomberos en el lugar, por eso fue un trabajo bastante complicado, pero afortunadamente se pudo controlar y evitar que el fuego se siguiera propagando.<br \/>\nCabe destacar que la vivienda, de grandes proporciones y material s\u00f3lido, pertenece a un m\u00e9dico y afortunadamente no hubo personas ni voluntarios heridos.<\/p>\n<p><span style=\"color: #ff0000;\"><strong>PORTONES DEL INCA<\/strong><\/span><br \/>\nTambi\u00e9n el Comandante Juan Carlos Herrera Lillo inform\u00f3 sobre un incendio ocurrido en un inmueble que estaba sin moradores en Villa Portones del Inca: \u201cEl vecino se percat\u00f3 que sal\u00eda una gran cantidad de humo, fue afectada la cocina donde se quemaron todos los electrodom\u00e9sticos, l\u00ednea blanca (cocina, refrigerador, microonda).<br \/>\nAfortunadamente el fuego no se propag\u00f3 a otras casas (ya que son viviendas pareadas) por el hecho que se encontraba todo cerrado, por lo tanto no ingres\u00f3 oxigeno y por eso no se produjo un incendio de mayores proporciones, finaliz\u00f3 el oficial bomberil.<\/p>\n","protected":false},"excerpt":{"rendered":"<div class=\"mh-excerpt\"><p>Con cuantiosos da\u00f1os result\u00f3 una vivienda afectada por un incendio que se declar\u00f3 alrededor de las 13:00 horas de este domingo en el sector El <a class=\"mh-excerpt-more\" href=\"https:\/\/www.eltrabajo.cl\/2017\/millonarias-perdidas-deja-incendio-en-inmueble-de-condominio-en-el-bolson\/\" title=\"Millonarias p\u00e9rdidas deja incendio en inmueble de condominio en El Bols\u00f3n\">[&#8230;]<\/a><\/p>\n<\/div>","protected":false},"author":1,"featured_media":87032,"comment_status":"open","ping_status":"open","sticky":false,"template":"","format":"standard","meta":{"_jetpack_newsletter_access":"","_jetpack_dont_email_post_to_subs":false,"_jetpack_newsletter_tier_id":0,"_jetpack_memberships_contains_paywalled_content":false,"_jetpack_memberships_contains_paid_content":false,"footnotes":""},"categories":[2],"tags":[],"class_list":["post-87031","post","type-post","status-publish","format-standard","has-post-thumbnail","hentry","category-policial"],"nelio_content":{"autoShareEndMode":"never","automationSources":{"useCustomSentences":false,"customSentences":[]},"efiAlt":"","efiUrl":"","followers":[],"highlights":[],"isAutoShareEnabled":true,"networkImageIds":[],"permalinkQueryArgs":[],"series":[],"suggestedReferences":[]},"jetpack_featured_media_url":"https:\/\/i0.wp.com\/www.eltrabajo.cl\/2017\/wp-content\/uploads\/2018\/06\/incendio-El-bolson.jpg?fit=579%2C326&ssl=1","jetpack_sharing_enabled":true,"_links":{"self":[{"href":"https:\/\/www.eltrabajo.cl\/2017\/wp-json\/wp\/v2\/posts\/87031","targetHints":{"allow":["GET"]}}],"collection":[{"href":"https:\/\/www.eltrabajo.cl\/2017\/wp-json\/wp\/v2\/posts"}],"about":[{"href":"https:\/\/www.eltrabajo.cl\/2017\/wp-json\/wp\/v2\/types\/post"}],"author":[{"embeddable":true,"href":"https:\/\/www.eltrabajo.cl\/2017\/wp-json\/wp\/v2\/users\/1"}],"replies":[{"embeddable":true,"href":"https:\/\/www.eltrabajo.cl\/2017\/wp-json\/wp\/v2\/comments?post=87031"}],"version-history":[{"count":1,"href":"https:\/\/www.eltrabajo.cl\/2017\/wp-json\/wp\/v2\/posts\/87031\/revisions"}],"predecessor-version":[{"id":87033,"href":"https:\/\/www.eltrabajo.cl\/2017\/wp-json\/wp\/v2\/posts\/87031\/revisions\/87033"}],"wp:featuredmedia":[{"embeddable":true,"href":"https:\/\/www.eltrabajo.cl\/2017\/wp-json\/wp\/v2\/media\/87032"}],"wp:attachment":[{"href":"https:\/\/www.eltrabajo.cl\/2017\/wp-json\/wp\/v2\/media?parent=87031"}],"wp:term":[{"taxonomy":"category","embeddable":true,"href":"https:\/\/www.eltrabajo.cl\/2017\/wp-json\/wp\/v2\/categories?post=87031"},{"taxonomy":"post_tag","embeddable":true,"href":"https:\/\/www.eltrabajo.cl\/2017\/wp-json\/wp\/v2\/tags?post=87031"}],"curies":[{"name":"wp","href":"https:\/\/api.w.org\/{rel}","templated":true}]}}