{"id":87034,"date":"2018-06-26T05:06:55","date_gmt":"2018-06-26T09:06:55","guid":{"rendered":"http:\/\/www.eltrabajo.cl\/2017\/?p=87034"},"modified":"2018-06-25T20:52:43","modified_gmt":"2018-06-26T00:52:43","slug":"conductor-y-acompanante-mueren-en-accidente-en-ruta-putaendo-cabildo","status":"publish","type":"post","link":"https:\/\/www.eltrabajo.cl\/2017\/conductor-y-acompanante-mueren-en-accidente-en-ruta-putaendo-cabildo\/","title":{"rendered":"Conductor y acompa\u00f1ante mueren en accidente en ruta Putaendo-Cabildo"},"content":{"rendered":"<ul>\n<li><strong><span style=\"color: #ff0000;\">Siat investiga causas basales de la tragedia:<\/span>\u00a0El accidente ocurri\u00f3 la noche de este domingo en la ruta E-411, luego que el conductor perdiera el control del m\u00f3vil, estrell\u00e1ndose contra la ladera del cerro, perdiendo la vida \u00e9l y su acompa\u00f1ante.<\/strong><\/li>\n<\/ul>\n<p>El conductor de un cami\u00f3n, identificado como <strong>Renato Hern\u00e1ndez Dur\u00e1n<\/strong>, de 52 a\u00f1os de edad, y su acompa\u00f1ante<strong> Ram\u00f3n Hurtado Dur\u00e1n<\/strong>, de 54 a\u00f1os, fallecieron a ra\u00edz de un tr\u00e1gico accidente vehicular ocurrido en el kil\u00f3metro 58 de la ruta E-411 que une a Putaendo con Cabildo, alrededor de las 21:40 horas de este domingo.<br \/>\nPor causas que se investigan, el conductor del cami\u00f3n de transportes de frutos secos, placa patente KP-23 17, se desplazaba por dicha ruta en direcci\u00f3n al sur, perdiendo el control del m\u00f3vil hasta chocar contra la ladera de un cerro existente en el lugar, arrastr\u00e1ndose por la pendiente por varios metros.<br \/>\nFueron los propios automovilistas que circulaban por dicha carretera quienes alertaron a Carabineros de la Tenencia de Carabineros de Putaendo, Bomberos y el Samu Aconcagua sobre la ocurrencia del accidente.<br \/>\nEl Teniente de Carabineros <strong>Marcelo Gonz\u00e1lez<\/strong>, inform\u00f3 a Diario El Trabajo que tras la concurrencia del personal del Samu, se constat\u00f3 lamentablemente la muerte en el sitio del suceso de los dos ocupantes del veh\u00edcuolo mayor, ambos domiciliados en la ciudad de Chill\u00e1n.<br \/>\nPor disposici\u00f3n del Fiscal de turno, se dispuso la concurrencia del personal de la Subcomisar\u00eda Investigadora de Accidentes de Tr\u00e1nsito, Siat, de Carabineros para iniciar las investigaciones correspondientes para determinar las causas basales del accidente de tr\u00e1nsito con resultado de muerte.<br \/>\nAsimismo los cuerpos de los fallecidos fueron levantados por personal del Servicio M\u00e9dico Legal para la autopsia de rigor.<br \/>\n<strong>Pablo Salinas Sald\u00edas<\/strong><\/p>\n<figure id=\"attachment_87035\" aria-describedby=\"caption-attachment-87035\" style=\"width: 579px\" class=\"wp-caption alignnone\"><img data-recalc-dims=\"1\" loading=\"lazy\" decoding=\"async\" class=\"size-full wp-image-87035\" src=\"https:\/\/i0.wp.com\/www.eltrabajo.cl\/2017\/wp-content\/uploads\/2018\/06\/MUERTOS-ACCIDENTE-copia.jpg?resize=579%2C773\" alt=\"El accidente de tr\u00e1nsito arrebat\u00f3 la vida de dos personas que iban a bordo del cami\u00f3n que transportaba frutos secos por la ruta que une Putaendo con Cabildo la noche de este domingo.\" width=\"579\" height=\"773\" srcset=\"https:\/\/i0.wp.com\/www.eltrabajo.cl\/2017\/wp-content\/uploads\/2018\/06\/MUERTOS-ACCIDENTE-copia.jpg?w=579&amp;ssl=1 579w, https:\/\/i0.wp.com\/www.eltrabajo.cl\/2017\/wp-content\/uploads\/2018\/06\/MUERTOS-ACCIDENTE-copia.jpg?resize=225%2C300&amp;ssl=1 225w, https:\/\/i0.wp.com\/www.eltrabajo.cl\/2017\/wp-content\/uploads\/2018\/06\/MUERTOS-ACCIDENTE-copia.jpg?resize=112%2C150&amp;ssl=1 112w\" sizes=\"auto, (max-width: 579px) 100vw, 579px\" \/><figcaption id=\"caption-attachment-87035\" class=\"wp-caption-text\">El accidente de tr\u00e1nsito arrebat\u00f3 la vida de dos personas que iban a bordo del cami\u00f3n que transportaba frutos secos por la ruta que une Putaendo con Cabildo la noche de este domingo.<\/figcaption><\/figure>\n","protected":false},"excerpt":{"rendered":"<div class=\"mh-excerpt\"><p>Siat investiga causas basales de la tragedia:\u00a0El accidente ocurri\u00f3 la noche de este domingo en la ruta E-411, luego que el conductor perdiera el control <a class=\"mh-excerpt-more\" href=\"https:\/\/www.eltrabajo.cl\/2017\/conductor-y-acompanante-mueren-en-accidente-en-ruta-putaendo-cabildo\/\" title=\"Conductor y acompa\u00f1ante mueren en accidente en ruta Putaendo-Cabildo\">[&#8230;]<\/a><\/p>\n<\/div>","protected":false},"author":1,"featured_media":87036,"comment_status":"open","ping_status":"open","sticky":false,"template":"","format":"standard","meta":{"_jetpack_newsletter_access":"","_jetpack_dont_email_post_to_subs":false,"_jetpack_newsletter_tier_id":0,"_jetpack_memberships_contains_paywalled_content":false,"_jetpack_memberships_contains_paid_content":false,"footnotes":""},"categories":[2],"tags":[],"class_list":["post-87034","post","type-post","status-publish","format-standard","has-post-thumbnail","hentry","category-policial"],"nelio_content":{"autoShareEndMode":"never","automationSources":{"useCustomSentences":false,"customSentences":[]},"efiAlt":"","efiUrl":"","followers":[],"highlights":[],"isAutoShareEnabled":true,"networkImageIds":[],"permalinkQueryArgs":[],"series":[],"suggestedReferences":[]},"jetpack_featured_media_url":"https:\/\/i0.wp.com\/www.eltrabajo.cl\/2017\/wp-content\/uploads\/2018\/06\/MUERTOS-ACCIDENTE.jpg?fit=580%2C389&ssl=1","jetpack_sharing_enabled":true,"_links":{"self":[{"href":"https:\/\/www.eltrabajo.cl\/2017\/wp-json\/wp\/v2\/posts\/87034","targetHints":{"allow":["GET"]}}],"collection":[{"href":"https:\/\/www.eltrabajo.cl\/2017\/wp-json\/wp\/v2\/posts"}],"about":[{"href":"https:\/\/www.eltrabajo.cl\/2017\/wp-json\/wp\/v2\/types\/post"}],"author":[{"embeddable":true,"href":"https:\/\/www.eltrabajo.cl\/2017\/wp-json\/wp\/v2\/users\/1"}],"replies":[{"embeddable":true,"href":"https:\/\/www.eltrabajo.cl\/2017\/wp-json\/wp\/v2\/comments?post=87034"}],"version-history":[{"count":1,"href":"https:\/\/www.eltrabajo.cl\/2017\/wp-json\/wp\/v2\/posts\/87034\/revisions"}],"predecessor-version":[{"id":87037,"href":"https:\/\/www.eltrabajo.cl\/2017\/wp-json\/wp\/v2\/posts\/87034\/revisions\/87037"}],"wp:featuredmedia":[{"embeddable":true,"href":"https:\/\/www.eltrabajo.cl\/2017\/wp-json\/wp\/v2\/media\/87036"}],"wp:attachment":[{"href":"https:\/\/www.eltrabajo.cl\/2017\/wp-json\/wp\/v2\/media?parent=87034"}],"wp:term":[{"taxonomy":"category","embeddable":true,"href":"https:\/\/www.eltrabajo.cl\/2017\/wp-json\/wp\/v2\/categories?post=87034"},{"taxonomy":"post_tag","embeddable":true,"href":"https:\/\/www.eltrabajo.cl\/2017\/wp-json\/wp\/v2\/tags?post=87034"}],"curies":[{"name":"wp","href":"https:\/\/api.w.org\/{rel}","templated":true}]}}