{"id":87038,"date":"2018-06-26T05:07:55","date_gmt":"2018-06-26T09:07:55","guid":{"rendered":"http:\/\/www.eltrabajo.cl\/2017\/?p=87038"},"modified":"2018-06-25T20:55:35","modified_gmt":"2018-06-26T00:55:35","slug":"roban-mas-de-un-millon-de-pesos-a-estudiante-en-probador-de-johnsons","status":"publish","type":"post","link":"https:\/\/www.eltrabajo.cl\/2017\/roban-mas-de-un-millon-de-pesos-a-estudiante-en-probador-de-johnsons\/","title":{"rendered":"Roban m\u00e1s de un mill\u00f3n de pesos a estudiante en probador de Johnson\u2019s"},"content":{"rendered":"<figure id=\"attachment_87039\" aria-describedby=\"caption-attachment-87039\" style=\"width: 579px\" class=\"wp-caption alignnone\"><img data-recalc-dims=\"1\" loading=\"lazy\" decoding=\"async\" class=\"size-full wp-image-87039\" src=\"https:\/\/i0.wp.com\/www.eltrabajo.cl\/2017\/wp-content\/uploads\/2018\/06\/Robo_Gloria-Silva.jpg?resize=579%2C386\" alt=\"SIGUEN LOS ROBOS.- La madre de la v\u00edctima, Gloria Silva muestra indignada la denuncia hecha en Carabineros, ella solicita tener acceso a la foto de la ladrona, para hacerla p\u00fablica.\" width=\"579\" height=\"386\" srcset=\"https:\/\/i0.wp.com\/www.eltrabajo.cl\/2017\/wp-content\/uploads\/2018\/06\/Robo_Gloria-Silva.jpg?w=579&amp;ssl=1 579w, https:\/\/i0.wp.com\/www.eltrabajo.cl\/2017\/wp-content\/uploads\/2018\/06\/Robo_Gloria-Silva.jpg?resize=300%2C200&amp;ssl=1 300w, https:\/\/i0.wp.com\/www.eltrabajo.cl\/2017\/wp-content\/uploads\/2018\/06\/Robo_Gloria-Silva.jpg?resize=150%2C100&amp;ssl=1 150w\" sizes=\"auto, (max-width: 579px) 100vw, 579px\" \/><figcaption id=\"caption-attachment-87039\" class=\"wp-caption-text\">SIGUEN LOS ROBOS.- La madre de la v\u00edctima, Gloria Silva muestra indignada la denuncia hecha en Carabineros, ella solicita tener acceso a la foto de la ladrona, para hacerla p\u00fablica.<\/figcaption><\/figure>\n<ul>\n<li><span style=\"color: #ff0000;\"><strong>Universitaria perdi\u00f3 los $745.000 de su beca y el celular:<\/strong><\/span><\/li>\n<\/ul>\n<p>Una nueva acci\u00f3n criminal ocurri\u00f3 este viernes en nuestra comuna, esta vez al interior de Tienda Johnson de San Felipe, luego que a una joven estudiante de Derecho de la Universidad Cat\u00f3lica Salesiana Cardenal Silva Henr\u00edquez, de Santiago, cobrara su beca estudiantil por $745.000 en Banco de Chile. As\u00ed lo denunci\u00f3 la madre de la joven (a la v\u00edctima le dio pena ser fotografiada) a Carabineros y tambi\u00e9n en Diario El Trabajo.<br \/>\n\u00abSoy Gloria Silva, madre de la v\u00edctima, yo laboro en una empresa subcontratista de Codelco, este a\u00f1o postul\u00e9, en marzo, a una beca para mi hija, una beca que esta empresa otorga a estudiantes con notas excelentes; hace pocos d\u00edas se nos comunic\u00f3 que ella hab\u00eda ganado la suya, y como el cheque viene a su nombre, ella viaj\u00f3 hoy a San Felipe para cobrar ese dinero, el que usa para pagar su arriendo con otra joven, y para sus pasajes. Suponemos que ella fue \u2018marcada\u2019 por los delincuentes en el Banco de Chile, y cuando mi hija se estaba probando un chaleco para el fr\u00edo, en un descuido cuando ella se mir\u00f3 al espejo, una mujer pas\u00f3, tom\u00f3 su mochila y se la llev\u00f3, ah\u00ed ten\u00eda mi hija su dinero y un celular, todo lo robado asciende a poco m\u00e1s de un mill\u00f3n de pesos, as\u00ed qued\u00f3 grabado en las c\u00e1maras de la tienda, nos permitieron ver el robo, pero no nos entregar\u00e1n copia de la grabaci\u00f3n a menos que tengamos una orden de Fiscal\u00eda, y nos dicen en la tienda que ellos cada dos d\u00edas borran las grabaciones, cuando fuimos al Banco de Chile para solicitar grabaci\u00f3n, nos explicaron que en ese banco no tienen c\u00e1maras de vigilancia, es el colmo\u00bb, coment\u00f3 do\u00f1a Gloria a Diario El Trabajo.<br \/>\n<strong>Roberto Gonz\u00e1lez Short<\/strong><\/p>\n<figure id=\"attachment_87040\" aria-describedby=\"caption-attachment-87040\" style=\"width: 579px\" class=\"wp-caption alignnone\"><img data-recalc-dims=\"1\" loading=\"lazy\" decoding=\"async\" class=\"size-full wp-image-87040\" src=\"https:\/\/i0.wp.com\/www.eltrabajo.cl\/2017\/wp-content\/uploads\/2018\/06\/Robo2.jpg?resize=579%2C720\" alt=\"\u00bfQUI\u00c9N PODR\u00c1 DEFENDERNOS?- Esta es parte de la denuncia presentada a Carabineros por la v\u00edctima.\" width=\"579\" height=\"720\" srcset=\"https:\/\/i0.wp.com\/www.eltrabajo.cl\/2017\/wp-content\/uploads\/2018\/06\/Robo2.jpg?w=579&amp;ssl=1 579w, https:\/\/i0.wp.com\/www.eltrabajo.cl\/2017\/wp-content\/uploads\/2018\/06\/Robo2.jpg?resize=241%2C300&amp;ssl=1 241w, https:\/\/i0.wp.com\/www.eltrabajo.cl\/2017\/wp-content\/uploads\/2018\/06\/Robo2.jpg?resize=121%2C150&amp;ssl=1 121w\" sizes=\"auto, (max-width: 579px) 100vw, 579px\" \/><figcaption id=\"caption-attachment-87040\" class=\"wp-caption-text\">\u00bfQUI\u00c9N PODR\u00c1 DEFENDERNOS?- Esta es parte de la denuncia presentada a Carabineros por la v\u00edctima.<\/figcaption><\/figure>\n","protected":false},"excerpt":{"rendered":"<div class=\"mh-excerpt\"><p>Universitaria perdi\u00f3 los $745.000 de su beca y el celular: Una nueva acci\u00f3n criminal ocurri\u00f3 este viernes en nuestra comuna, esta vez al interior de <a class=\"mh-excerpt-more\" href=\"https:\/\/www.eltrabajo.cl\/2017\/roban-mas-de-un-millon-de-pesos-a-estudiante-en-probador-de-johnsons\/\" title=\"Roban m\u00e1s de un mill\u00f3n de pesos a estudiante en probador de Johnson\u2019s\">[&#8230;]<\/a><\/p>\n<\/div>","protected":false},"author":1,"featured_media":87039,"comment_status":"open","ping_status":"open","sticky":false,"template":"","format":"standard","meta":{"_jetpack_newsletter_access":"","_jetpack_dont_email_post_to_subs":false,"_jetpack_newsletter_tier_id":0,"_jetpack_memberships_contains_paywalled_content":false,"_jetpack_memberships_contains_paid_content":false,"footnotes":""},"categories":[2],"tags":[],"class_list":["post-87038","post","type-post","status-publish","format-standard","has-post-thumbnail","hentry","category-policial"],"nelio_content":{"autoShareEndMode":"never","automationSources":{"useCustomSentences":false,"customSentences":[]},"efiAlt":"","efiUrl":"","followers":[],"highlights":[],"isAutoShareEnabled":true,"networkImageIds":[],"permalinkQueryArgs":[],"series":[],"suggestedReferences":[]},"jetpack_featured_media_url":"https:\/\/i0.wp.com\/www.eltrabajo.cl\/2017\/wp-content\/uploads\/2018\/06\/Robo_Gloria-Silva.jpg?fit=579%2C386&ssl=1","jetpack_sharing_enabled":true,"_links":{"self":[{"href":"https:\/\/www.eltrabajo.cl\/2017\/wp-json\/wp\/v2\/posts\/87038","targetHints":{"allow":["GET"]}}],"collection":[{"href":"https:\/\/www.eltrabajo.cl\/2017\/wp-json\/wp\/v2\/posts"}],"about":[{"href":"https:\/\/www.eltrabajo.cl\/2017\/wp-json\/wp\/v2\/types\/post"}],"author":[{"embeddable":true,"href":"https:\/\/www.eltrabajo.cl\/2017\/wp-json\/wp\/v2\/users\/1"}],"replies":[{"embeddable":true,"href":"https:\/\/www.eltrabajo.cl\/2017\/wp-json\/wp\/v2\/comments?post=87038"}],"version-history":[{"count":1,"href":"https:\/\/www.eltrabajo.cl\/2017\/wp-json\/wp\/v2\/posts\/87038\/revisions"}],"predecessor-version":[{"id":87041,"href":"https:\/\/www.eltrabajo.cl\/2017\/wp-json\/wp\/v2\/posts\/87038\/revisions\/87041"}],"wp:featuredmedia":[{"embeddable":true,"href":"https:\/\/www.eltrabajo.cl\/2017\/wp-json\/wp\/v2\/media\/87039"}],"wp:attachment":[{"href":"https:\/\/www.eltrabajo.cl\/2017\/wp-json\/wp\/v2\/media?parent=87038"}],"wp:term":[{"taxonomy":"category","embeddable":true,"href":"https:\/\/www.eltrabajo.cl\/2017\/wp-json\/wp\/v2\/categories?post=87038"},{"taxonomy":"post_tag","embeddable":true,"href":"https:\/\/www.eltrabajo.cl\/2017\/wp-json\/wp\/v2\/tags?post=87038"}],"curies":[{"name":"wp","href":"https:\/\/api.w.org\/{rel}","templated":true}]}}