{"id":87053,"date":"2018-06-27T05:02:14","date_gmt":"2018-06-27T09:02:14","guid":{"rendered":"http:\/\/www.eltrabajo.cl\/2017\/?p=87053"},"modified":"2018-06-26T20:40:21","modified_gmt":"2018-06-27T00:40:21","slug":"condenan-a-el-camello-a-5-anos-tras-asaltar-con-arma-a-un-adolescente","status":"publish","type":"post","link":"https:\/\/www.eltrabajo.cl\/2017\/condenan-a-el-camello-a-5-anos-tras-asaltar-con-arma-a-un-adolescente\/","title":{"rendered":"Condenan a \u2018El Camello\u2019 a 5 a\u00f1os tras asaltar con arma a un adolescente"},"content":{"rendered":"<figure id=\"attachment_87054\" aria-describedby=\"caption-attachment-87054\" style=\"width: 580px\" class=\"wp-caption alignnone\"><img data-recalc-dims=\"1\" loading=\"lazy\" decoding=\"async\" class=\"size-full wp-image-87054\" src=\"https:\/\/i0.wp.com\/www.eltrabajo.cl\/2017\/wp-content\/uploads\/2018\/06\/CARLOS-ESPINOSA-CAMELLO.jpg?resize=580%2C399\" alt=\"El sentenciado Carlos Espinosa, alias \u2018El Camello\u2019, deber\u00e1 cumplir una pena de 5 a\u00f1os y un d\u00eda de c\u00e1rcel por robo con intimidaci\u00f3n.\" width=\"580\" height=\"399\" srcset=\"https:\/\/i0.wp.com\/www.eltrabajo.cl\/2017\/wp-content\/uploads\/2018\/06\/CARLOS-ESPINOSA-CAMELLO.jpg?w=580&amp;ssl=1 580w, https:\/\/i0.wp.com\/www.eltrabajo.cl\/2017\/wp-content\/uploads\/2018\/06\/CARLOS-ESPINOSA-CAMELLO.jpg?resize=300%2C206&amp;ssl=1 300w, https:\/\/i0.wp.com\/www.eltrabajo.cl\/2017\/wp-content\/uploads\/2018\/06\/CARLOS-ESPINOSA-CAMELLO.jpg?resize=150%2C103&amp;ssl=1 150w\" sizes=\"auto, (max-width: 580px) 100vw, 580px\" \/><figcaption id=\"caption-attachment-87054\" class=\"wp-caption-text\">El sentenciado Carlos Espinosa, alias \u2018El Camello\u2019, deber\u00e1 cumplir una pena de 5 a\u00f1os y un d\u00eda de c\u00e1rcel por robo con intimidaci\u00f3n.<\/figcaption><\/figure>\n<ul>\n<li><span style=\"color: #ff0000;\"><strong>Hecho ocurrido en calle Sargento Aldea de San Felipe:<\/strong><\/span><\/li>\n<\/ul>\n<p>Una pena de 5 a\u00f1os y un d\u00eda de c\u00e1rcel fue la sentencia emitida por el Tribunal Oral en Lo Penal de San Felipe, en contra de un antisocial identificado como Carlos Ra\u00fal Espinosa Gald\u00e1mez, apodado \u2018El Camello\u2019, tras asaltar a un menor de edad con un arma aparentemente de fuego en calle Sargento Aldea de esta ciudad.<br \/>\nEl Fiscal Rodrigo Zapata Cu\u00e9llar, en los fundamentos de su acusaci\u00f3n detall\u00f3 los hechos ocurridos el 10 de septiembre de 2017, alrededor de las 22:30 horas, luego que el entonces imputado abord\u00f3 al adolescente en calle Hugo Parry esquina Sargento Aldea de San Felipe, momentos en que la v\u00edctima abandonaba la casa de su polola, intimid\u00e1ndolo con un arma presuntamente de fuego.<br \/>\nEl afectado refiri\u00f3 que el delincuente lo oblig\u00f3 a hacer entrega de sus pertenencias, logrando apoderarse de un tel\u00e9fono celular marca Samsung Galaxy avaluado en $120.000.<br \/>\nEl asaltante, al obtener esta especie, obliga a la v\u00edctima a retirarse del lugar amenazando que disparar\u00eda contra \u00e9l.<br \/>\nEl adolescente, al llegar a su domicilio, relat\u00f3 del asalto a sus familiares, quienes toman contacto con el padre de la polola de la v\u00edctima, el cual, seg\u00fan el relato del menor, reconoce al delincuente tras deambular por el sector minutos antes del il\u00edcito cercano a un almac\u00e9n del barrio.<br \/>\nSeg\u00fan se pudo conocer, el menor de edad en compa\u00f1\u00eda de adultos se dirigieron hasta la casa del antisocial en la Villa Los \u00c1lamos de San Felipe, siendo reconocido por la v\u00edctima como el autor del hecho, oblig\u00e1ndolo a hacer entrega del tel\u00e9fono celular sustra\u00eddo para posteriormente dar cuenta del hecho a Carabineros que procedieron a su detenci\u00f3n.<br \/>\nEn los alegatos de apertura del juicio oral en contra de este sujeto, la Fiscal\u00eda solicit\u00f3 que se condene al acusado a la pena de 10 a\u00f1os de presidio mayor en su grado m\u00ednimo por este delito.<br \/>\nNo obstante al culminar el proceso judicial, los magistrados en su veredicto resolvieron considerar culpable a Espinosa Gald\u00e1mez, condenando a sufrir una pena de 5 a\u00f1os y un d\u00eda de presidio mayor en su grado m\u00ednimo como autor del delito consumado de robo con intimidaci\u00f3n.<br \/>\nLa resoluci\u00f3n judicial detalla que debido a la extensi\u00f3n de la pena, dicha sentencia deber\u00e1 ser cumplida en forma efectiva en la c\u00e1rcel, descont\u00e1ndose los 273 d\u00edas que ha permanecido en prisi\u00f3n preventiva en virtud de esta causa.<br \/>\n<strong>Pablo Salinas Sald\u00edas<\/strong><\/p>\n","protected":false},"excerpt":{"rendered":"<div class=\"mh-excerpt\"><p>Hecho ocurrido en calle Sargento Aldea de San Felipe: Una pena de 5 a\u00f1os y un d\u00eda de c\u00e1rcel fue la sentencia emitida por el <a class=\"mh-excerpt-more\" href=\"https:\/\/www.eltrabajo.cl\/2017\/condenan-a-el-camello-a-5-anos-tras-asaltar-con-arma-a-un-adolescente\/\" title=\"Condenan a \u2018El Camello\u2019 a 5 a\u00f1os tras asaltar con arma a un adolescente\">[&#8230;]<\/a><\/p>\n<\/div>","protected":false},"author":1,"featured_media":87054,"comment_status":"open","ping_status":"open","sticky":false,"template":"","format":"standard","meta":{"_jetpack_newsletter_access":"","_jetpack_dont_email_post_to_subs":false,"_jetpack_newsletter_tier_id":0,"_jetpack_memberships_contains_paywalled_content":false,"_jetpack_memberships_contains_paid_content":false,"footnotes":""},"categories":[2],"tags":[],"class_list":["post-87053","post","type-post","status-publish","format-standard","has-post-thumbnail","hentry","category-policial"],"nelio_content":{"autoShareEndMode":"never","automationSources":{"useCustomSentences":false,"customSentences":[]},"efiAlt":"","efiUrl":"","followers":[],"highlights":[],"isAutoShareEnabled":true,"networkImageIds":[],"permalinkQueryArgs":[],"series":[],"suggestedReferences":[]},"jetpack_featured_media_url":"https:\/\/i0.wp.com\/www.eltrabajo.cl\/2017\/wp-content\/uploads\/2018\/06\/CARLOS-ESPINOSA-CAMELLO.jpg?fit=580%2C399&ssl=1","jetpack_sharing_enabled":true,"_links":{"self":[{"href":"https:\/\/www.eltrabajo.cl\/2017\/wp-json\/wp\/v2\/posts\/87053","targetHints":{"allow":["GET"]}}],"collection":[{"href":"https:\/\/www.eltrabajo.cl\/2017\/wp-json\/wp\/v2\/posts"}],"about":[{"href":"https:\/\/www.eltrabajo.cl\/2017\/wp-json\/wp\/v2\/types\/post"}],"author":[{"embeddable":true,"href":"https:\/\/www.eltrabajo.cl\/2017\/wp-json\/wp\/v2\/users\/1"}],"replies":[{"embeddable":true,"href":"https:\/\/www.eltrabajo.cl\/2017\/wp-json\/wp\/v2\/comments?post=87053"}],"version-history":[{"count":1,"href":"https:\/\/www.eltrabajo.cl\/2017\/wp-json\/wp\/v2\/posts\/87053\/revisions"}],"predecessor-version":[{"id":87055,"href":"https:\/\/www.eltrabajo.cl\/2017\/wp-json\/wp\/v2\/posts\/87053\/revisions\/87055"}],"wp:featuredmedia":[{"embeddable":true,"href":"https:\/\/www.eltrabajo.cl\/2017\/wp-json\/wp\/v2\/media\/87054"}],"wp:attachment":[{"href":"https:\/\/www.eltrabajo.cl\/2017\/wp-json\/wp\/v2\/media?parent=87053"}],"wp:term":[{"taxonomy":"category","embeddable":true,"href":"https:\/\/www.eltrabajo.cl\/2017\/wp-json\/wp\/v2\/categories?post=87053"},{"taxonomy":"post_tag","embeddable":true,"href":"https:\/\/www.eltrabajo.cl\/2017\/wp-json\/wp\/v2\/tags?post=87053"}],"curies":[{"name":"wp","href":"https:\/\/api.w.org\/{rel}","templated":true}]}}