{"id":87060,"date":"2018-06-27T05:04:04","date_gmt":"2018-06-27T09:04:04","guid":{"rendered":"http:\/\/www.eltrabajo.cl\/2017\/?p=87060"},"modified":"2018-06-26T20:46:25","modified_gmt":"2018-06-27T00:46:25","slug":"mas-de-diez-millones-roban-desde-inmueble-de-conocido-comerciante","status":"publish","type":"post","link":"https:\/\/www.eltrabajo.cl\/2017\/mas-de-diez-millones-roban-desde-inmueble-de-conocido-comerciante\/","title":{"rendered":"M\u00e1s de diez millones roban desde inmueble de conocido comerciante"},"content":{"rendered":"<figure id=\"attachment_87061\" aria-describedby=\"caption-attachment-87061\" style=\"width: 580px\" class=\"wp-caption alignnone\"><img data-recalc-dims=\"1\" loading=\"lazy\" decoding=\"async\" class=\"size-full wp-image-87061\" src=\"https:\/\/i0.wp.com\/www.eltrabajo.cl\/2017\/wp-content\/uploads\/2018\/06\/Isidro-Fosa.jpg?resize=580%2C398\" alt=\"Isidro Fosa, comerciante afectado por el robo de diez millones de pesos en especies desde su inmueble.\" width=\"580\" height=\"398\" srcset=\"https:\/\/i0.wp.com\/www.eltrabajo.cl\/2017\/wp-content\/uploads\/2018\/06\/Isidro-Fosa.jpg?w=580&amp;ssl=1 580w, https:\/\/i0.wp.com\/www.eltrabajo.cl\/2017\/wp-content\/uploads\/2018\/06\/Isidro-Fosa.jpg?resize=300%2C206&amp;ssl=1 300w, https:\/\/i0.wp.com\/www.eltrabajo.cl\/2017\/wp-content\/uploads\/2018\/06\/Isidro-Fosa.jpg?resize=150%2C103&amp;ssl=1 150w\" sizes=\"auto, (max-width: 580px) 100vw, 580px\" \/><figcaption id=\"caption-attachment-87061\" class=\"wp-caption-text\">Isidro Fosa, comerciante afectado por el robo de diez millones de pesos en especies desde su inmueble.<\/figcaption><\/figure>\n<ul>\n<li><span style=\"color: #ff0000;\"><strong>Durante partido Colombia v\/s Polonia:<\/strong><\/span><\/li>\n<\/ul>\n<p>M\u00e1s diez millones de pesos robaron delincuentes este domingo desde la casa del conocido comerciante de San Felipe, Isidro Fosa, mientras ve\u00eda el partido de Colombia v\/s Polonia por la copa del mundo en casa de su hijo que est\u00e1 ubicada a lado de la suya en calle Freire.<br \/>\nSeg\u00fan la v\u00edctima, el o los delincuentes forzaron la reja de protecci\u00f3n y abrieron la ventana para ingresar a su dormitorio desde donde robaron joyas, un reloj, televisores, todo avaluado en m\u00e1s de diez millones de pesos.<br \/>\n\u201cDebieron haber trabajado tranquilamente mientras yo ve\u00eda el partido de Colombia, a eso de las cuatro y media de la tarde, luego a eso de las cinco y media fui a recoger la ropa, encontr\u00e1ndome con la puerta del living que estaba abierta, percat\u00e1ndome que hab\u00edan entrado a mi pieza donde ten\u00eda las joyas que tienen un valor bastante alto, el reloj que es significativo, televisores grandes, son valores bastantes considerables\u201d.<br \/>\n<strong>&#8211; \u00bfCu\u00e1l es el aval\u00fao aproximado de las especies robadas? <\/strong><br \/>\n&#8211; Pasado los diez millones de pesos.<br \/>\nPosteriormente llam\u00f3 al Plan Cuadrante de Carabineros: \u201cSe demoraron, ah\u00ed me explicaron donde hay poco contingente mandaron una patrulla de Curim\u00f3n, los sacaron de un procedimiento para que fueran a mi casa, despu\u00e9s llegaron otras patrullas, la SIP a tomar huellas, pero esto te quita la privacidad, eso es lo que realmente te enoja, los dem\u00e1s son valores que de apoco se pueden recuperar, pero ya no estamos tranquilos\u201d.<br \/>\n<strong>&#8211; Pero fue una cantidad importante.<\/strong><br \/>\n&#8211; S\u00ed\u2026 yo creo que las joyas las hacen plata o la funden, pero los domingos ya no se puede estar tranquilo.<br \/>\n<strong>&#8211; Los vecinos \u00bfvieron algo?<\/strong><br \/>\n&#8211; No, nada, a esa hora normalmente uno est\u00e1 almorzando, est\u00e1 tranquilo, reposando, est\u00e1 con la familia, a parte que uno abre las ventanas va a entrar confiado, en este tiempo que est\u00e1 helado uno las deja abiertas para ventilarse, ahora con los vecinos no estamos tranquilos, la calle Freire es muy sola, atr\u00e1s hay una construcci\u00f3n y est\u00e1 el sitio eriazo, con mayor raz\u00f3n mi casa tiene seguridad enorme, pero por ir a la casa del lado no puedes estar colocando la alarma, todo eso es bastante molesto, yo les paso el dato a los vecinos, sobre todo por esas personas que andan pidiendo, mirando, chequeando los horarios, lamentablemente aqu\u00ed van a pagar justos por pecadores, algunos piden porque realmente necesitan, pero otros andan vitrineando, sobre todo gente joven que no tendr\u00edan por qu\u00e9 andar pidiendo, esa es la verdad. Ahora no se puede estar tranquilo, es incre\u00edble, yo no le echo la culpa a la polic\u00eda, porque realmente es muy poco el contingente, no hayan qu\u00e9 hacer, ellos trabajan a doble turno, me dicen algunos, no dan abasto, esa es la verdad; qu\u00e9 vamos a hacer m\u00e1s adelante, no s\u00e9, qui\u00e9n sabe (&#8230;) Se llevaron mis documentos, y eso he estado haciendo, bloqueando, sacando documentos nuevos, es p\u00e9rdida de tiempo.<br \/>\nIsidro Fosa es due\u00f1o la casa Almadi ubicada en calle Coimas, primer piso del edificio Caracol de San Felipe.<br \/>\nAgradece que su hija con su nieta hab\u00edan salido del inmueble, eso lo deja tranquilo.<\/p>\n","protected":false},"excerpt":{"rendered":"<div class=\"mh-excerpt\"><p>Durante partido Colombia v\/s Polonia: M\u00e1s diez millones de pesos robaron delincuentes este domingo desde la casa del conocido comerciante de San Felipe, Isidro Fosa, <a class=\"mh-excerpt-more\" href=\"https:\/\/www.eltrabajo.cl\/2017\/mas-de-diez-millones-roban-desde-inmueble-de-conocido-comerciante\/\" title=\"M\u00e1s de diez millones roban desde inmueble de conocido comerciante\">[&#8230;]<\/a><\/p>\n<\/div>","protected":false},"author":1,"featured_media":87061,"comment_status":"open","ping_status":"open","sticky":false,"template":"","format":"standard","meta":{"_jetpack_newsletter_access":"","_jetpack_dont_email_post_to_subs":false,"_jetpack_newsletter_tier_id":0,"_jetpack_memberships_contains_paywalled_content":false,"_jetpack_memberships_contains_paid_content":false,"footnotes":""},"categories":[2],"tags":[],"class_list":["post-87060","post","type-post","status-publish","format-standard","has-post-thumbnail","hentry","category-policial"],"nelio_content":{"autoShareEndMode":"never","automationSources":{"useCustomSentences":false,"customSentences":[]},"efiAlt":"","efiUrl":"","followers":[],"highlights":[],"isAutoShareEnabled":true,"networkImageIds":[],"permalinkQueryArgs":[],"series":[],"suggestedReferences":[]},"jetpack_featured_media_url":"https:\/\/i0.wp.com\/www.eltrabajo.cl\/2017\/wp-content\/uploads\/2018\/06\/Isidro-Fosa.jpg?fit=580%2C398&ssl=1","jetpack_sharing_enabled":true,"_links":{"self":[{"href":"https:\/\/www.eltrabajo.cl\/2017\/wp-json\/wp\/v2\/posts\/87060","targetHints":{"allow":["GET"]}}],"collection":[{"href":"https:\/\/www.eltrabajo.cl\/2017\/wp-json\/wp\/v2\/posts"}],"about":[{"href":"https:\/\/www.eltrabajo.cl\/2017\/wp-json\/wp\/v2\/types\/post"}],"author":[{"embeddable":true,"href":"https:\/\/www.eltrabajo.cl\/2017\/wp-json\/wp\/v2\/users\/1"}],"replies":[{"embeddable":true,"href":"https:\/\/www.eltrabajo.cl\/2017\/wp-json\/wp\/v2\/comments?post=87060"}],"version-history":[{"count":1,"href":"https:\/\/www.eltrabajo.cl\/2017\/wp-json\/wp\/v2\/posts\/87060\/revisions"}],"predecessor-version":[{"id":87062,"href":"https:\/\/www.eltrabajo.cl\/2017\/wp-json\/wp\/v2\/posts\/87060\/revisions\/87062"}],"wp:featuredmedia":[{"embeddable":true,"href":"https:\/\/www.eltrabajo.cl\/2017\/wp-json\/wp\/v2\/media\/87061"}],"wp:attachment":[{"href":"https:\/\/www.eltrabajo.cl\/2017\/wp-json\/wp\/v2\/media?parent=87060"}],"wp:term":[{"taxonomy":"category","embeddable":true,"href":"https:\/\/www.eltrabajo.cl\/2017\/wp-json\/wp\/v2\/categories?post=87060"},{"taxonomy":"post_tag","embeddable":true,"href":"https:\/\/www.eltrabajo.cl\/2017\/wp-json\/wp\/v2\/tags?post=87060"}],"curies":[{"name":"wp","href":"https:\/\/api.w.org\/{rel}","templated":true}]}}