{"id":87063,"date":"2018-06-27T05:05:30","date_gmt":"2018-06-27T09:05:30","guid":{"rendered":"http:\/\/www.eltrabajo.cl\/2017\/?p=87063"},"modified":"2018-06-26T20:49:24","modified_gmt":"2018-06-27T00:49:24","slug":"insolita-muerte-de-bebe-estremece-a-una-familia-en-villa-juan-pablo-ii","status":"publish","type":"post","link":"https:\/\/www.eltrabajo.cl\/2017\/insolita-muerte-de-bebe-estremece-a-una-familia-en-villa-juan-pablo-ii\/","title":{"rendered":"Ins\u00f3lita muerte de beb\u00e9 estremece a una familia en Villa Juan Pablo II"},"content":{"rendered":"<figure id=\"attachment_87065\" aria-describedby=\"caption-attachment-87065\" style=\"width: 580px\" class=\"wp-caption alignnone\"><img data-recalc-dims=\"1\" loading=\"lazy\" decoding=\"async\" class=\"size-full wp-image-87065\" src=\"https:\/\/i0.wp.com\/www.eltrabajo.cl\/2017\/wp-content\/uploads\/2018\/06\/BB_2.jpg?resize=580%2C399\" alt=\"EN INVESTIGACI\u00d3N.- El desconcierto sigue siendo absoluto en torno a este lamentable deceso de un beb\u00e9 de apenas tres meses de edad en Villa Juan pablo II.\" width=\"580\" height=\"399\" srcset=\"https:\/\/i0.wp.com\/www.eltrabajo.cl\/2017\/wp-content\/uploads\/2018\/06\/BB_2.jpg?w=580&amp;ssl=1 580w, https:\/\/i0.wp.com\/www.eltrabajo.cl\/2017\/wp-content\/uploads\/2018\/06\/BB_2.jpg?resize=300%2C206&amp;ssl=1 300w, https:\/\/i0.wp.com\/www.eltrabajo.cl\/2017\/wp-content\/uploads\/2018\/06\/BB_2.jpg?resize=150%2C103&amp;ssl=1 150w\" sizes=\"auto, (max-width: 580px) 100vw, 580px\" \/><figcaption id=\"caption-attachment-87065\" class=\"wp-caption-text\">EN INVESTIGACI\u00d3N.- El desconcierto sigue siendo absoluto en torno a este lamentable deceso de un beb\u00e9 de apenas tres meses de edad en Villa Juan pablo II.<\/figcaption><\/figure>\n<ul>\n<li><span style=\"color: #ff0000;\"><strong>Su madre le dio \u2018papita\u2019 y minutos despu\u00e9s estaba muerto:<\/strong><\/span><\/li>\n<\/ul>\n<p>M\u00e1s que un drama familiar, una espeluznante experiencia de angustia y dolor es la que est\u00e1 viviendo una familia en Pasaje Papa Clemente II de Villa Juan Pablo II, luego que la ma\u00f1ana de ayer martes su beb\u00e9, de apenas tres meses de edad, Vicente Castro Pino, falleciera repentinamente luego de haber sido amamantado por su madre a primeras horas de la ma\u00f1ana.<br \/>\nSe trata de un caso m\u00e1s que ins\u00f3lito, pues el lactante aparentemente amaneci\u00f3 con aparente buena salud, lo \u00fanico que hab\u00eda sufrido desde hace algunos d\u00edas, era un tambi\u00e9n aparente catarro com\u00fan, seg\u00fan la familia y profesionales del Hospital San Camilo.<\/p>\n<p><span style=\"color: #ff0000;\"><strong>FAMILIAR IMPACTADO<\/strong><\/span><br \/>\nDiario El Trabajo pudo hablar ayer con un familiar del menor fallecido, don Jorge Espinoza, quien se identific\u00f3 como el abuelito y quien visiblemente afectado nos concedi\u00f3 unas palabras frente a la casa donde viv\u00eda el peque\u00f1ito: \u00abEl ni\u00f1o ten\u00eda como tos y moquito desde hace tres semanas, lo hab\u00edan llevado al Samu, a Emergencias del Cesfam Segismundo Iturra, cuando lo atend\u00edan s\u00f3lo dec\u00edan que era moquito, que era normal y le pon\u00edan insuflador. Anoche (lunes) lo llevaron a Urgencias del San Camilo, ah\u00ed s\u00f3lo le pusieron esa bombita para mejorar la respiraci\u00f3n un rato, tambi\u00e9n dijeron que s\u00f3lo era tos normal, hoy en la ma\u00f1ana la mam\u00e1 \u2018Mar\u00eda Jamet\u2019 vio que el ni\u00f1o ten\u00eda los labios morados, y estaba sin vida, todos estamos muy golpeados por esta amarga situaci\u00f3n\u00bb, dijo don Jorge.<\/p>\n<p><span style=\"color: #ff0000;\"><strong>HOSPITAL RESPONDE<\/strong><\/span><br \/>\nSeg\u00fan un discreto sondeo hecho en ese pasaje por nuestro medio, la impresi\u00f3n que los vecinos tienen sobre este lamentable deceso, es que en el Hospital San Camilo no se le dio la atenci\u00f3n que el ni\u00f1o merec\u00eda, y que nunca debi\u00f3 ser remitido a su casa, sin embargo la PDI asegura que la madre les inform\u00f3 que el beb\u00e9 despert\u00f3 bien, que inclusive recibi\u00f3 su papita y dem\u00e1s cuidados como todos los d\u00edas.<br \/>\nDiario El Trabajo solicit\u00f3 una explicaci\u00f3n sobre el procedimiento aplicado al menor a la Direcci\u00f3n del Hospital San Camilo, esta fue la respuesta: \u00abEl Hospital San Camilo entreg\u00f3 atenci\u00f3n a un menor de 3 meses de edad que se present\u00f3 en la Unidad de Urgencia con s\u00edntomas de fiebre, tos y mucosidad el d\u00eda 25 de junio a las 18:45, siendo atendido a las 19:00 horas por un m\u00e9dico el que registra que a su ingreso el menor no presentaba signos respiratorios de gravedad como cianosis o retracciones. De igual manera indic\u00f3 radiograf\u00eda de t\u00f3rax, la cual no mostr\u00f3 signos de gravedad que ameritara hospitalizaci\u00f3n, por lo que indic\u00f3 puff de salbutamol, adem\u00e1s de paracetamol y terapia kin\u00e9sica. Luego de estos procedimientos, el menor fue dado de alta a las 21:24 horas, ya que el cuadro inicial hab\u00eda disminuido gracias a los tratamientos otorgados, dejando consignado en la hoja de atenci\u00f3n la indicaci\u00f3n de volver a Urgencia si presentaba una evoluci\u00f3n negativa. De igual manera, se indic\u00f3 control en su Cesfam\u00bb.<\/p>\n<p><span style=\"color: #ff0000;\"><strong>AMANECI\u00d3 VIVO<\/strong><\/span><br \/>\nEl misterio contin\u00faa en este doloroso caso, pues el comisario de la Brigada de Homicidios de la PDI, Gino Guti\u00e9rrez, confirm\u00f3 a Diario El Trabajo que preliminarmente la Polic\u00eda ha descartado intervenci\u00f3n de terceros y que tampoco han hallado marcas de golpes que pudieran sugerir maltrato al menor.<br \/>\n\u00abSe trata de un lactante de tres meses de edad, viv\u00eda en Villa Juan Pablo II, la Fiscal\u00eda de San Felipe instruy\u00f3 que nuestra brigada tomara conocimientos de estos hechos (\u2026) manejamos la informaci\u00f3n que nos indica que la madre del menor acudi\u00f3 a prestarle los cuidados al lactante en horas de la ma\u00f1ana de este martes, luego de alg\u00fan rato ella se percat\u00f3 que el menor estaba fallecido, el examen externo al ni\u00f1o nos indica que no tiene lesiones que se puedan atribuir a terceras personas, la causa de muerte del ni\u00f1o hasta el momento est\u00e1 indeterminada, hasta que la necropsia correspondiente nos indique la patolog\u00eda y causa precisa de su deceso, como antecedente m\u00e9dico cl\u00ednico manejamos que el ni\u00f1o estaba con problemas respiratorios, habiendo sus padres al menos en tres ocasiones acudido a servicios m\u00e9dicos para ser atendido\u00bb, dijo Guti\u00e9rrez.<br \/>\n<strong>Roberto Gonz\u00e1lez Short<\/strong><\/p>\n<figure id=\"attachment_87064\" aria-describedby=\"caption-attachment-87064\" style=\"width: 580px\" class=\"wp-caption alignnone\"><img data-recalc-dims=\"1\" loading=\"lazy\" decoding=\"async\" class=\"size-full wp-image-87064\" src=\"https:\/\/i0.wp.com\/www.eltrabajo.cl\/2017\/wp-content\/uploads\/2018\/06\/BB_1.jpg?resize=580%2C400\" alt=\"INS\u00d3LITO.- Los vecinos no lo pod\u00edan creer, el peque\u00f1ito Vicente Castro Pino tom\u00f3 su papita con normalidad, lo acostaron y minutos despu\u00e9s estaba sin vida.\" width=\"580\" height=\"400\" srcset=\"https:\/\/i0.wp.com\/www.eltrabajo.cl\/2017\/wp-content\/uploads\/2018\/06\/BB_1.jpg?w=580&amp;ssl=1 580w, https:\/\/i0.wp.com\/www.eltrabajo.cl\/2017\/wp-content\/uploads\/2018\/06\/BB_1.jpg?resize=300%2C207&amp;ssl=1 300w, https:\/\/i0.wp.com\/www.eltrabajo.cl\/2017\/wp-content\/uploads\/2018\/06\/BB_1.jpg?resize=150%2C103&amp;ssl=1 150w\" sizes=\"auto, (max-width: 580px) 100vw, 580px\" \/><figcaption id=\"caption-attachment-87064\" class=\"wp-caption-text\">INS\u00d3LITO.- Los vecinos no lo pod\u00edan creer, el peque\u00f1ito Vicente Castro Pino tom\u00f3 su papita con normalidad, lo acostaron y minutos despu\u00e9s estaba sin vida.<\/figcaption><\/figure>\n<figure id=\"attachment_87067\" aria-describedby=\"caption-attachment-87067\" style=\"width: 580px\" class=\"wp-caption alignnone\"><img data-recalc-dims=\"1\" loading=\"lazy\" decoding=\"async\" class=\"size-full wp-image-87067\" src=\"https:\/\/i0.wp.com\/www.eltrabajo.cl\/2017\/wp-content\/uploads\/2018\/06\/BB_Jorge-Espinoza.jpg?resize=580%2C399\" alt=\"Jorge Espinoza se identific\u00f3 como abuelo del menor.\" width=\"580\" height=\"399\" srcset=\"https:\/\/i0.wp.com\/www.eltrabajo.cl\/2017\/wp-content\/uploads\/2018\/06\/BB_Jorge-Espinoza.jpg?w=580&amp;ssl=1 580w, https:\/\/i0.wp.com\/www.eltrabajo.cl\/2017\/wp-content\/uploads\/2018\/06\/BB_Jorge-Espinoza.jpg?resize=300%2C206&amp;ssl=1 300w, https:\/\/i0.wp.com\/www.eltrabajo.cl\/2017\/wp-content\/uploads\/2018\/06\/BB_Jorge-Espinoza.jpg?resize=150%2C103&amp;ssl=1 150w\" sizes=\"auto, (max-width: 580px) 100vw, 580px\" \/><figcaption id=\"caption-attachment-87067\" class=\"wp-caption-text\">Jorge Espinoza se identific\u00f3 como abuelo del menor.<\/figcaption><\/figure>\n<figure id=\"attachment_87066\" aria-describedby=\"caption-attachment-87066\" style=\"width: 580px\" class=\"wp-caption alignnone\"><img data-recalc-dims=\"1\" loading=\"lazy\" decoding=\"async\" class=\"size-full wp-image-87066\" src=\"https:\/\/i0.wp.com\/www.eltrabajo.cl\/2017\/wp-content\/uploads\/2018\/06\/BB_GINO-GUTIERREZ.jpg?resize=580%2C399\" alt=\"Comisario de la Brigada de Homicidios de la PDI, Gino Guti\u00e9rrez.\" width=\"580\" height=\"399\" srcset=\"https:\/\/i0.wp.com\/www.eltrabajo.cl\/2017\/wp-content\/uploads\/2018\/06\/BB_GINO-GUTIERREZ.jpg?w=580&amp;ssl=1 580w, https:\/\/i0.wp.com\/www.eltrabajo.cl\/2017\/wp-content\/uploads\/2018\/06\/BB_GINO-GUTIERREZ.jpg?resize=300%2C206&amp;ssl=1 300w, https:\/\/i0.wp.com\/www.eltrabajo.cl\/2017\/wp-content\/uploads\/2018\/06\/BB_GINO-GUTIERREZ.jpg?resize=150%2C103&amp;ssl=1 150w\" sizes=\"auto, (max-width: 580px) 100vw, 580px\" \/><figcaption id=\"caption-attachment-87066\" class=\"wp-caption-text\">Comisario de la Brigada de Homicidios de la PDI, Gino Guti\u00e9rrez.<\/figcaption><\/figure>\n","protected":false},"excerpt":{"rendered":"<div class=\"mh-excerpt\"><p>Su madre le dio \u2018papita\u2019 y minutos despu\u00e9s estaba muerto: M\u00e1s que un drama familiar, una espeluznante experiencia de angustia y dolor es la que <a class=\"mh-excerpt-more\" href=\"https:\/\/www.eltrabajo.cl\/2017\/insolita-muerte-de-bebe-estremece-a-una-familia-en-villa-juan-pablo-ii\/\" title=\"Ins\u00f3lita muerte de beb\u00e9 estremece a una familia en Villa Juan Pablo II\">[&#8230;]<\/a><\/p>\n<\/div>","protected":false},"author":1,"featured_media":87064,"comment_status":"open","ping_status":"open","sticky":false,"template":"","format":"standard","meta":{"_jetpack_newsletter_access":"","_jetpack_dont_email_post_to_subs":false,"_jetpack_newsletter_tier_id":0,"_jetpack_memberships_contains_paywalled_content":false,"_jetpack_memberships_contains_paid_content":false,"footnotes":""},"categories":[2],"tags":[],"class_list":["post-87063","post","type-post","status-publish","format-standard","has-post-thumbnail","hentry","category-policial"],"nelio_content":{"autoShareEndMode":"never","automationSources":{"useCustomSentences":false,"customSentences":[]},"efiAlt":"","efiUrl":"","followers":[],"highlights":[],"isAutoShareEnabled":true,"networkImageIds":[],"permalinkQueryArgs":[],"series":[],"suggestedReferences":[]},"jetpack_featured_media_url":"https:\/\/i0.wp.com\/www.eltrabajo.cl\/2017\/wp-content\/uploads\/2018\/06\/BB_1.jpg?fit=580%2C400&ssl=1","jetpack_sharing_enabled":true,"_links":{"self":[{"href":"https:\/\/www.eltrabajo.cl\/2017\/wp-json\/wp\/v2\/posts\/87063","targetHints":{"allow":["GET"]}}],"collection":[{"href":"https:\/\/www.eltrabajo.cl\/2017\/wp-json\/wp\/v2\/posts"}],"about":[{"href":"https:\/\/www.eltrabajo.cl\/2017\/wp-json\/wp\/v2\/types\/post"}],"author":[{"embeddable":true,"href":"https:\/\/www.eltrabajo.cl\/2017\/wp-json\/wp\/v2\/users\/1"}],"replies":[{"embeddable":true,"href":"https:\/\/www.eltrabajo.cl\/2017\/wp-json\/wp\/v2\/comments?post=87063"}],"version-history":[{"count":1,"href":"https:\/\/www.eltrabajo.cl\/2017\/wp-json\/wp\/v2\/posts\/87063\/revisions"}],"predecessor-version":[{"id":87068,"href":"https:\/\/www.eltrabajo.cl\/2017\/wp-json\/wp\/v2\/posts\/87063\/revisions\/87068"}],"wp:featuredmedia":[{"embeddable":true,"href":"https:\/\/www.eltrabajo.cl\/2017\/wp-json\/wp\/v2\/media\/87064"}],"wp:attachment":[{"href":"https:\/\/www.eltrabajo.cl\/2017\/wp-json\/wp\/v2\/media?parent=87063"}],"wp:term":[{"taxonomy":"category","embeddable":true,"href":"https:\/\/www.eltrabajo.cl\/2017\/wp-json\/wp\/v2\/categories?post=87063"},{"taxonomy":"post_tag","embeddable":true,"href":"https:\/\/www.eltrabajo.cl\/2017\/wp-json\/wp\/v2\/tags?post=87063"}],"curies":[{"name":"wp","href":"https:\/\/api.w.org\/{rel}","templated":true}]}}