{"id":87342,"date":"2018-07-19T05:01:45","date_gmt":"2018-07-19T09:01:45","guid":{"rendered":"http:\/\/www.eltrabajo.cl\/2017\/?p=87342"},"modified":"2018-07-18T21:20:10","modified_gmt":"2018-07-19T01:20:10","slug":"dos-mujeres-condenadas-por-trafico-de-drogas-en-villa-250-anos","status":"publish","type":"post","link":"https:\/\/www.eltrabajo.cl\/2017\/dos-mujeres-condenadas-por-trafico-de-drogas-en-villa-250-anos\/","title":{"rendered":"Dos mujeres condenadas por tr\u00e1fico de drogas en Villa 250 A\u00f1os"},"content":{"rendered":"<figure id=\"attachment_87343\" aria-describedby=\"caption-attachment-87343\" style=\"width: 580px\" class=\"wp-caption alignnone\"><img data-recalc-dims=\"1\" loading=\"lazy\" decoding=\"async\" class=\"size-full wp-image-87343\" src=\"https:\/\/i0.wp.com\/www.eltrabajo.cl\/2017\/wp-content\/uploads\/2018\/07\/DROGAS-VILLA-250-1.jpg?resize=580%2C400\" alt=\"Durante el operativo policial ejecutado por el OS7 de Carabineros Aconcagua se incautaron marihuana, pasta base de coca\u00edna y m\u00e1s de tres millones de pesos en dinero en efectivo desde la Villa 250 A\u00f1os de San Felipe.\" width=\"580\" height=\"400\" srcset=\"https:\/\/i0.wp.com\/www.eltrabajo.cl\/2017\/wp-content\/uploads\/2018\/07\/DROGAS-VILLA-250-1.jpg?w=580&amp;ssl=1 580w, https:\/\/i0.wp.com\/www.eltrabajo.cl\/2017\/wp-content\/uploads\/2018\/07\/DROGAS-VILLA-250-1.jpg?resize=300%2C207&amp;ssl=1 300w, https:\/\/i0.wp.com\/www.eltrabajo.cl\/2017\/wp-content\/uploads\/2018\/07\/DROGAS-VILLA-250-1.jpg?resize=150%2C103&amp;ssl=1 150w\" sizes=\"auto, (max-width: 580px) 100vw, 580px\" \/><figcaption id=\"caption-attachment-87343\" class=\"wp-caption-text\">Durante el operativo policial ejecutado por el OS7 de Carabineros Aconcagua se incautaron marihuana, pasta base de coca\u00edna y m\u00e1s de tres millones de pesos en dinero en efectivo desde la Villa 250 A\u00f1os de San Felipe.<\/figcaption><\/figure>\n<p><span style=\"color: #ff0000;\"><strong>Traficante con libertad vigilada y microtraficante con 541 d\u00edas de c\u00e1rcel:\u00a0<\/strong><\/span><\/p>\n<ul>\n<li><strong>Tras un operativo ejecutado por el OS7 de Carabineros se incautaron medios de pruebas en contra de las imputadas que fueron sometidas a juicio en el Tribunal Oral en Lo Penal de San Felipe.<\/strong><\/li>\n<\/ul>\n<p>Por tr\u00e1fico y microtr\u00e1fico de drogas fueron condenadas dos mujeres tras ser juzgadas en el Tribunal Oral en Lo Penal de San Felipe, luego de demostrarse su culpabilidad en estos delitos cometidos en la Villa 250 A\u00f1os de esta ciudad, absolvi\u00e9ndose de cargos sobre este mismo il\u00edcito a un joven de 24 a\u00f1os de edad.<br \/>\nSeg\u00fan las pruebas rendidas en juicio por el Ministerio P\u00fablico, el pasado 14 de septiembre de 2017, a eso de las 11:40 horas, los funcionarios del OS7 de Carabineros efectuaron un allanamiento tras una orden judicial en un inmueble de la mencionada villa, encontrando a la acusada Jennifer Paulina Cordero Mu\u00f1oz y el imputado de iniciales F.J.M.P., descubri\u00e9ndose que en un frasco de vidrio manten\u00edan un total de 429 gramos de marihuana elaborada.<br \/>\nAsimismo dentro de una lonchera se incautaron 79 envoltorios de pasta base de coca\u00edna y 14 bolsas contenedoras de 10 gramos de marihuana. Adem\u00e1s Carabineros incaut\u00f3 desde este inmueble un total de $3.193.950 en dinero en efectivo atribuible a las ganancias obtenidas de las ventas de las drogas.<br \/>\nDurante el operativo policial desplegado, se moviliz\u00f3 al mismo tiempo hasta la calle Uno de la Villa 250 a\u00f1os, allanando el domicilio de la entonces imputada Ximena Del Carmen Luengo Barros, incaut\u00e1ndose un total de 23 envoltorios de pasta base de coca\u00edna, 1,17 gramos de esta misma sustancia, 63 gramos de marihuana y la suma de $418.800 en dinero en efectivo obtenido por venta de estos estupefacientes.<br \/>\nFinalizado el juicio oral, la terna de jueces del Tribunal Oral en Lo Penal de San Felipe resolvi\u00f3 condenar por tr\u00e1fico de drogas a Jennifer Cordero Mu\u00f1oz a la pena de tres a\u00f1os y un d\u00eda de presidio m\u00e1s una multa 10 unidades tributarias mensuales, con el beneficio de libertad vigilada intensiva.<br \/>\nEn tanto el imputado de iniciales F.J.M.P. de 24 a\u00f1os de edad, por decisi\u00f3n de los jueces fue absuelto de los cargos imputados de tr\u00e1fico de drogas.<br \/>\nEn el caso de Ximena Luengo Barros, fue condenada como autora del delito consumado de tr\u00e1fico en peque\u00f1as cantidades de sustancias estupefacientes siendo sentenciada a la pena de 541 d\u00edas de presidio efectivo.<br \/>\n<strong>Pablo Salinas Sald\u00edas<\/strong><\/p>\n","protected":false},"excerpt":{"rendered":"<div class=\"mh-excerpt\"><p>Traficante con libertad vigilada y microtraficante con 541 d\u00edas de c\u00e1rcel:\u00a0 Tras un operativo ejecutado por el OS7 de Carabineros se incautaron medios de pruebas <a class=\"mh-excerpt-more\" href=\"https:\/\/www.eltrabajo.cl\/2017\/dos-mujeres-condenadas-por-trafico-de-drogas-en-villa-250-anos\/\" title=\"Dos mujeres condenadas por tr\u00e1fico de drogas en Villa 250 A\u00f1os\">[&#8230;]<\/a><\/p>\n<\/div>","protected":false},"author":1,"featured_media":87343,"comment_status":"open","ping_status":"open","sticky":false,"template":"","format":"standard","meta":{"_jetpack_newsletter_access":"","_jetpack_dont_email_post_to_subs":false,"_jetpack_newsletter_tier_id":0,"_jetpack_memberships_contains_paywalled_content":false,"_jetpack_memberships_contains_paid_content":false,"footnotes":""},"categories":[2],"tags":[],"class_list":["post-87342","post","type-post","status-publish","format-standard","has-post-thumbnail","hentry","category-policial"],"nelio_content":{"autoShareEndMode":"never","automationSources":{"useCustomSentences":false,"customSentences":[]},"efiAlt":"","efiUrl":"","followers":[],"highlights":[],"isAutoShareEnabled":true,"networkImageIds":[],"permalinkQueryArgs":[],"series":[],"suggestedReferences":[]},"jetpack_featured_media_url":"https:\/\/i0.wp.com\/www.eltrabajo.cl\/2017\/wp-content\/uploads\/2018\/07\/DROGAS-VILLA-250-1.jpg?fit=580%2C400&ssl=1","jetpack_sharing_enabled":true,"_links":{"self":[{"href":"https:\/\/www.eltrabajo.cl\/2017\/wp-json\/wp\/v2\/posts\/87342","targetHints":{"allow":["GET"]}}],"collection":[{"href":"https:\/\/www.eltrabajo.cl\/2017\/wp-json\/wp\/v2\/posts"}],"about":[{"href":"https:\/\/www.eltrabajo.cl\/2017\/wp-json\/wp\/v2\/types\/post"}],"author":[{"embeddable":true,"href":"https:\/\/www.eltrabajo.cl\/2017\/wp-json\/wp\/v2\/users\/1"}],"replies":[{"embeddable":true,"href":"https:\/\/www.eltrabajo.cl\/2017\/wp-json\/wp\/v2\/comments?post=87342"}],"version-history":[{"count":1,"href":"https:\/\/www.eltrabajo.cl\/2017\/wp-json\/wp\/v2\/posts\/87342\/revisions"}],"predecessor-version":[{"id":87344,"href":"https:\/\/www.eltrabajo.cl\/2017\/wp-json\/wp\/v2\/posts\/87342\/revisions\/87344"}],"wp:featuredmedia":[{"embeddable":true,"href":"https:\/\/www.eltrabajo.cl\/2017\/wp-json\/wp\/v2\/media\/87343"}],"wp:attachment":[{"href":"https:\/\/www.eltrabajo.cl\/2017\/wp-json\/wp\/v2\/media?parent=87342"}],"wp:term":[{"taxonomy":"category","embeddable":true,"href":"https:\/\/www.eltrabajo.cl\/2017\/wp-json\/wp\/v2\/categories?post=87342"},{"taxonomy":"post_tag","embeddable":true,"href":"https:\/\/www.eltrabajo.cl\/2017\/wp-json\/wp\/v2\/tags?post=87342"}],"curies":[{"name":"wp","href":"https:\/\/api.w.org\/{rel}","templated":true}]}}