{"id":87345,"date":"2018-07-19T05:02:15","date_gmt":"2018-07-19T09:02:15","guid":{"rendered":"http:\/\/www.eltrabajo.cl\/2017\/?p=87345"},"modified":"2018-07-18T21:23:38","modified_gmt":"2018-07-19T01:23:38","slug":"por-tres-delitos-condenan-a-homicida-de-matias-delgado-el-care-tuto","status":"publish","type":"post","link":"https:\/\/www.eltrabajo.cl\/2017\/por-tres-delitos-condenan-a-homicida-de-matias-delgado-el-care-tuto\/","title":{"rendered":"Por tres delitos condenan a homicida de Mat\u00edas Delgado \u2018El Care Tuto\u2019"},"content":{"rendered":"<figure id=\"attachment_87346\" aria-describedby=\"caption-attachment-87346\" style=\"width: 580px\" class=\"wp-caption alignnone\"><img data-recalc-dims=\"1\" loading=\"lazy\" decoding=\"async\" class=\"size-full wp-image-87346\" src=\"https:\/\/i0.wp.com\/www.eltrabajo.cl\/2017\/wp-content\/uploads\/2018\/07\/ABRAHAM-OLGUIN.jpg?resize=580%2C399\" alt=\"El imputado Abraham Olgu\u00edn Gallardo fue considerado culpable de homicidio y posesi\u00f3n de arma prohibida y municiones. Este lunes se conocer\u00e1 su sentencia por el crimen ocurrido en la Villa 250 A\u00f1os de San Felipe.\" width=\"580\" height=\"399\" srcset=\"https:\/\/i0.wp.com\/www.eltrabajo.cl\/2017\/wp-content\/uploads\/2018\/07\/ABRAHAM-OLGUIN.jpg?w=580&amp;ssl=1 580w, https:\/\/i0.wp.com\/www.eltrabajo.cl\/2017\/wp-content\/uploads\/2018\/07\/ABRAHAM-OLGUIN.jpg?resize=300%2C206&amp;ssl=1 300w, https:\/\/i0.wp.com\/www.eltrabajo.cl\/2017\/wp-content\/uploads\/2018\/07\/ABRAHAM-OLGUIN.jpg?resize=150%2C103&amp;ssl=1 150w\" sizes=\"auto, (max-width: 580px) 100vw, 580px\" \/><figcaption id=\"caption-attachment-87346\" class=\"wp-caption-text\">El imputado Abraham Olgu\u00edn Gallardo fue considerado culpable de homicidio y posesi\u00f3n de arma prohibida y municiones. Este lunes se conocer\u00e1 su sentencia por el crimen ocurrido en la Villa 250 A\u00f1os de San Felipe.<\/figcaption><\/figure>\n<p><span style=\"color: #ff0000;\"><strong>Sentencia ser\u00e1 conocida este lunes:<\/strong><\/span><\/p>\n<ul>\n<li><strong>Tribunal Oral en Lo Penal de San Felipe declar\u00f3 culpable a Abraham Olgu\u00edn Gallardo por homicidio simple, tenencia ilegal de arma de fuego prohibida y municiones.<\/strong><\/li>\n<\/ul>\n<p>Durante la tarde de ayer mi\u00e9rcoles, el Tribunal Oral en Lo Penal de San Felipe emiti\u00f3 su veredicto tras culminar el juicio en contra de Abraham Enoc Olgu\u00edn Gallardo, quien fue declarado culpable del delito de homicidio de Mat\u00edas Nicol\u00e1s Delgado Olgu\u00edn, de 20 a\u00f1os de edad alias \u2018El Care Tuto\u2019, ocurrido el 1 de diciembre de 2017 en la Villa 250 A\u00f1os de San Felipe.<br \/>\nEl Fiscal Alejandro Bustos Ibarra inform\u00f3 a Diario El Trabajo que el Tribunal dio por establecido un enfrentamiento entre Mat\u00edas Delgado, quien sostuvo una ri\u00f1a con Abraham Olgu\u00edn, resultando \u00e9ste \u00faltimo con una fractura en la nariz de car\u00e1cter grave.<br \/>\n\u201cEn ese momento el imputado concurre a un domicilio en calle Estadio, desde donde sale premunido de un arma y dispara tres veces en contra de Mat\u00edas, caus\u00e1ndole la muerte. Posteriormente el imputado fue sorprendido por personal de Carabineros, encontrando la misma arma que se encuentra recortada en sus extremos, por lo que tiene caracter\u00edsticas de arma prohibida, adem\u00e1s de tres cartuchos, declar\u00e1ndose culpable de los delitos de homicidio simple, porte de arma de fuego prohibida y porte ilegal de cartuchos\u201d.<br \/>\nEl persecutor a\u00f1adi\u00f3 que el Tribunal dio por establecida dos circunstancias atenuantes, una de ellas la colaboraci\u00f3n sustancial en la investigaci\u00f3n de los hechos por parte del imputado confesando el crimen. En tanto la segunda atenuante refiere a la indicaci\u00f3n de una ofensa grave contra el enjuiciado por haber actuado en represalia a la agresi\u00f3n corporal sufrida.<br \/>\nEn este contexto el tramo de pena que arriesgar\u00eda el condenado, ser\u00eda desde los 5 a\u00f1os y un d\u00eda a 10 a\u00f1os por homicidio simple, sum\u00e1ndose tres a\u00f1os por tenencia de arma de fuego prohibida y dos a\u00f1os por tenencia de municiones.<br \/>\nNo obstante este lunes 23 de julio, se tiene contemplada la lectura de sentencia que ser\u00e1 emitida por el Tribunal Oral en Lo Penal de San Felipe.<br \/>\n<strong>Pablo Salinas Sald\u00edas<\/strong><\/p>\n<figure id=\"attachment_87348\" aria-describedby=\"caption-attachment-87348\" style=\"width: 580px\" class=\"wp-caption alignnone\"><img data-recalc-dims=\"1\" loading=\"lazy\" decoding=\"async\" class=\"size-full wp-image-87348\" src=\"https:\/\/i0.wp.com\/www.eltrabajo.cl\/2017\/wp-content\/uploads\/2018\/07\/MATIAS-DELGADO1.jpg?resize=580%2C399\" alt=\"Mat\u00edas Delgado Olgu\u00edn, \u2018El Care Tuto\u2019, muri\u00f3 el pasado 1 de diciembre de 2017.\" width=\"580\" height=\"399\" srcset=\"https:\/\/i0.wp.com\/www.eltrabajo.cl\/2017\/wp-content\/uploads\/2018\/07\/MATIAS-DELGADO1.jpg?w=580&amp;ssl=1 580w, https:\/\/i0.wp.com\/www.eltrabajo.cl\/2017\/wp-content\/uploads\/2018\/07\/MATIAS-DELGADO1.jpg?resize=300%2C206&amp;ssl=1 300w, https:\/\/i0.wp.com\/www.eltrabajo.cl\/2017\/wp-content\/uploads\/2018\/07\/MATIAS-DELGADO1.jpg?resize=150%2C103&amp;ssl=1 150w\" sizes=\"auto, (max-width: 580px) 100vw, 580px\" \/><figcaption id=\"caption-attachment-87348\" class=\"wp-caption-text\">Mat\u00edas Delgado Olgu\u00edn, \u2018El Care Tuto\u2019, muri\u00f3 el pasado 1 de diciembre de 2017.<\/figcaption><\/figure>\n","protected":false},"excerpt":{"rendered":"<div class=\"mh-excerpt\"><p>Sentencia ser\u00e1 conocida este lunes: Tribunal Oral en Lo Penal de San Felipe declar\u00f3 culpable a Abraham Olgu\u00edn Gallardo por homicidio simple, tenencia ilegal de <a class=\"mh-excerpt-more\" href=\"https:\/\/www.eltrabajo.cl\/2017\/por-tres-delitos-condenan-a-homicida-de-matias-delgado-el-care-tuto\/\" title=\"Por tres delitos condenan a homicida de Mat\u00edas Delgado \u2018El Care Tuto\u2019\">[&#8230;]<\/a><\/p>\n<\/div>","protected":false},"author":1,"featured_media":87347,"comment_status":"open","ping_status":"open","sticky":false,"template":"","format":"standard","meta":{"_jetpack_newsletter_access":"","_jetpack_dont_email_post_to_subs":false,"_jetpack_newsletter_tier_id":0,"_jetpack_memberships_contains_paywalled_content":false,"_jetpack_memberships_contains_paid_content":false,"footnotes":""},"categories":[2],"tags":[],"class_list":["post-87345","post","type-post","status-publish","format-standard","has-post-thumbnail","hentry","category-policial"],"nelio_content":{"autoShareEndMode":"never","automationSources":{"useCustomSentences":false,"customSentences":[]},"efiAlt":"","efiUrl":"","followers":[],"highlights":[],"isAutoShareEnabled":true,"networkImageIds":[],"permalinkQueryArgs":[],"series":[],"suggestedReferences":[]},"jetpack_featured_media_url":"https:\/\/i0.wp.com\/www.eltrabajo.cl\/2017\/wp-content\/uploads\/2018\/07\/ABRAHAM-OLGUIN-MATIAS-DELGADO.jpg?fit=580%2C399&ssl=1","jetpack_sharing_enabled":true,"_links":{"self":[{"href":"https:\/\/www.eltrabajo.cl\/2017\/wp-json\/wp\/v2\/posts\/87345","targetHints":{"allow":["GET"]}}],"collection":[{"href":"https:\/\/www.eltrabajo.cl\/2017\/wp-json\/wp\/v2\/posts"}],"about":[{"href":"https:\/\/www.eltrabajo.cl\/2017\/wp-json\/wp\/v2\/types\/post"}],"author":[{"embeddable":true,"href":"https:\/\/www.eltrabajo.cl\/2017\/wp-json\/wp\/v2\/users\/1"}],"replies":[{"embeddable":true,"href":"https:\/\/www.eltrabajo.cl\/2017\/wp-json\/wp\/v2\/comments?post=87345"}],"version-history":[{"count":1,"href":"https:\/\/www.eltrabajo.cl\/2017\/wp-json\/wp\/v2\/posts\/87345\/revisions"}],"predecessor-version":[{"id":87349,"href":"https:\/\/www.eltrabajo.cl\/2017\/wp-json\/wp\/v2\/posts\/87345\/revisions\/87349"}],"wp:featuredmedia":[{"embeddable":true,"href":"https:\/\/www.eltrabajo.cl\/2017\/wp-json\/wp\/v2\/media\/87347"}],"wp:attachment":[{"href":"https:\/\/www.eltrabajo.cl\/2017\/wp-json\/wp\/v2\/media?parent=87345"}],"wp:term":[{"taxonomy":"category","embeddable":true,"href":"https:\/\/www.eltrabajo.cl\/2017\/wp-json\/wp\/v2\/categories?post=87345"},{"taxonomy":"post_tag","embeddable":true,"href":"https:\/\/www.eltrabajo.cl\/2017\/wp-json\/wp\/v2\/tags?post=87345"}],"curies":[{"name":"wp","href":"https:\/\/api.w.org\/{rel}","templated":true}]}}