{"id":87387,"date":"2018-07-23T05:02:40","date_gmt":"2018-07-23T09:02:40","guid":{"rendered":"http:\/\/www.eltrabajo.cl\/2017\/?p=87387"},"modified":"2018-07-22T21:24:19","modified_gmt":"2018-07-23T01:24:19","slug":"cinco-personas-damnificadas-en-incendio-de-casa-en-putaendo","status":"publish","type":"post","link":"https:\/\/www.eltrabajo.cl\/2017\/cinco-personas-damnificadas-en-incendio-de-casa-en-putaendo\/","title":{"rendered":"Cinco personas damnificadas en incendio de casa en Putaendo"},"content":{"rendered":"<p>Cuatro adultos y un menor de edad resultaron damnificados en un incendio de una vivienda, producido este viernes en la ma\u00f1ana en Calle Portales a un costado del gimnasio municipal y muy cercano al r\u00edo de la comuna de Putaendo. Al respecto, el comandante de Bomberos de esa comuna, Luis Sep\u00falveda, indic\u00f3 que \u00abminutos despu\u00e9s de las ocho de la ma\u00f1ana nuestra central telef\u00f3nica recibi\u00f3 un llamado de una emergencia de car\u00e1cter estructural en Calle Portales, despachando a primera y segunda Compa\u00f1\u00eda, tres minutos despu\u00e9s llega la primera unidad que genera de inmediato la primera alarma de incendio, producto que se encontraron con un fuego de car\u00e1cter estructural en un espacio de libre combusti\u00f3n completamente en el domicilio, en primera instancia se pensaba que eran dos inmuebles, pero en realidad era una casa que contaba con varias ampliaciones, la superficie ten\u00eda grandes proporciones entre 80 y 100 metros cuadrados de acuerdo a nuestras mediciones y a lo informado por el Departamento de Obras de la municipalidad de nuestra comuna, junto a la Oficina de Emergencia y lamentablemente al ser una casa de material ligero fue consumida r\u00e1pidamente por las llamas, que se fueron generando a la r\u00e1pida generaci\u00f3n un poco por el viento reinante que hab\u00eda provoc\u00f3 que fuera r\u00e1pidamente consumida por las llamas\u00bb, dijo el oficial.<br \/>\nEn la casa habitaci\u00f3n hab\u00eda una familia compuesta por cinco personas; cuatro adultos y un menor, este \u00faltimo debi\u00f3 ser atendido por personal del Samu de Putaendo, debido a que presentaba problemas respiratorios.<br \/>\nBomberos reconoci\u00f3 que el trabajo de combate del incendio se vio dificultado por el viento presente en ese momento, \u00absi el hecho de estar cerca del r\u00edo present\u00f3 una leve brisa en cuanto a la propagaci\u00f3n y temperatura, otras de las complicaciones fueron los accesos, ya que presenta un cierre perimetral de car\u00e1cter cerrado ocurso digamos completo, no como una reja, donde pudi\u00e9ramos haber hecho una primera intervenci\u00f3n en forma r\u00e1pida lanzando agua desde el exterior o efectuar maniobras de entradas para poder ingresar al recinto y poder generar la extinci\u00f3n de las llamas que estaban comprometiendo esta vivienda\u00bb, indic\u00f3 el comandante Luis Sep\u00falveda.<br \/>\n<strong>&#8211; A priori \u00bfse tiene alguna causa del incendio?<\/strong><br \/>\n&#8211; Habr\u00edan algunas declaraciones por ah\u00ed, pero esto es material de investigaci\u00f3n un poco contradictoria en cuanto a la presencia de un tema el\u00e9ctrico, pero todo eso est\u00e1 en proceso de investigaci\u00f3n.<br \/>\n<strong>&#8211; \u00bfSe descarta la intencionalidad?<\/strong><br \/>\n&#8211; Se descarta la intencionalidad.<\/p>\n<figure id=\"attachment_87388\" aria-describedby=\"caption-attachment-87388\" style=\"width: 580px\" class=\"wp-caption alignnone\"><img data-recalc-dims=\"1\" loading=\"lazy\" decoding=\"async\" class=\"size-full wp-image-87388\" src=\"https:\/\/i0.wp.com\/www.eltrabajo.cl\/2017\/wp-content\/uploads\/2018\/07\/Putaendo-incendio-copia.jpg?resize=580%2C553\" alt=\"Las llamas consumiendo la casa en Calle Portales. En la casa habitaci\u00f3n hab\u00eda una familia compuesta por cinco personas; cuatro adultos y un menor. (Foto @PreludioRadio)\" width=\"580\" height=\"553\" srcset=\"https:\/\/i0.wp.com\/www.eltrabajo.cl\/2017\/wp-content\/uploads\/2018\/07\/Putaendo-incendio-copia.jpg?w=580&amp;ssl=1 580w, https:\/\/i0.wp.com\/www.eltrabajo.cl\/2017\/wp-content\/uploads\/2018\/07\/Putaendo-incendio-copia.jpg?resize=300%2C286&amp;ssl=1 300w, https:\/\/i0.wp.com\/www.eltrabajo.cl\/2017\/wp-content\/uploads\/2018\/07\/Putaendo-incendio-copia.jpg?resize=150%2C143&amp;ssl=1 150w\" sizes=\"auto, (max-width: 580px) 100vw, 580px\" \/><figcaption id=\"caption-attachment-87388\" class=\"wp-caption-text\">Las llamas consumiendo la casa en Calle Portales. En la casa habitaci\u00f3n hab\u00eda una familia compuesta por cinco personas; cuatro adultos y un menor. (Foto @PreludioRadio)<\/figcaption><\/figure>\n","protected":false},"excerpt":{"rendered":"<div class=\"mh-excerpt\"><p>Cuatro adultos y un menor de edad resultaron damnificados en un incendio de una vivienda, producido este viernes en la ma\u00f1ana en Calle Portales a <a class=\"mh-excerpt-more\" href=\"https:\/\/www.eltrabajo.cl\/2017\/cinco-personas-damnificadas-en-incendio-de-casa-en-putaendo\/\" title=\"Cinco personas damnificadas en incendio de casa en Putaendo\">[&#8230;]<\/a><\/p>\n<\/div>","protected":false},"author":1,"featured_media":87389,"comment_status":"open","ping_status":"open","sticky":false,"template":"","format":"standard","meta":{"_jetpack_newsletter_access":"","_jetpack_dont_email_post_to_subs":false,"_jetpack_newsletter_tier_id":0,"_jetpack_memberships_contains_paywalled_content":false,"_jetpack_memberships_contains_paid_content":false,"footnotes":""},"categories":[2],"tags":[],"class_list":["post-87387","post","type-post","status-publish","format-standard","has-post-thumbnail","hentry","category-policial"],"nelio_content":{"autoShareEndMode":"never","automationSources":{"useCustomSentences":false,"customSentences":[]},"efiAlt":"","efiUrl":"","followers":[],"highlights":[],"isAutoShareEnabled":true,"networkImageIds":[],"permalinkQueryArgs":[],"series":[],"suggestedReferences":[]},"jetpack_featured_media_url":"https:\/\/i0.wp.com\/www.eltrabajo.cl\/2017\/wp-content\/uploads\/2018\/07\/Putaendo-incendio.jpg?fit=580%2C398&ssl=1","jetpack_sharing_enabled":true,"_links":{"self":[{"href":"https:\/\/www.eltrabajo.cl\/2017\/wp-json\/wp\/v2\/posts\/87387","targetHints":{"allow":["GET"]}}],"collection":[{"href":"https:\/\/www.eltrabajo.cl\/2017\/wp-json\/wp\/v2\/posts"}],"about":[{"href":"https:\/\/www.eltrabajo.cl\/2017\/wp-json\/wp\/v2\/types\/post"}],"author":[{"embeddable":true,"href":"https:\/\/www.eltrabajo.cl\/2017\/wp-json\/wp\/v2\/users\/1"}],"replies":[{"embeddable":true,"href":"https:\/\/www.eltrabajo.cl\/2017\/wp-json\/wp\/v2\/comments?post=87387"}],"version-history":[{"count":1,"href":"https:\/\/www.eltrabajo.cl\/2017\/wp-json\/wp\/v2\/posts\/87387\/revisions"}],"predecessor-version":[{"id":87390,"href":"https:\/\/www.eltrabajo.cl\/2017\/wp-json\/wp\/v2\/posts\/87387\/revisions\/87390"}],"wp:featuredmedia":[{"embeddable":true,"href":"https:\/\/www.eltrabajo.cl\/2017\/wp-json\/wp\/v2\/media\/87389"}],"wp:attachment":[{"href":"https:\/\/www.eltrabajo.cl\/2017\/wp-json\/wp\/v2\/media?parent=87387"}],"wp:term":[{"taxonomy":"category","embeddable":true,"href":"https:\/\/www.eltrabajo.cl\/2017\/wp-json\/wp\/v2\/categories?post=87387"},{"taxonomy":"post_tag","embeddable":true,"href":"https:\/\/www.eltrabajo.cl\/2017\/wp-json\/wp\/v2\/tags?post=87387"}],"curies":[{"name":"wp","href":"https:\/\/api.w.org\/{rel}","templated":true}]}}