{"id":87417,"date":"2018-07-24T05:05:53","date_gmt":"2018-07-24T09:05:53","guid":{"rendered":"http:\/\/www.eltrabajo.cl\/2017\/?p=87417"},"modified":"2018-07-23T20:39:42","modified_gmt":"2018-07-24T00:39:42","slug":"dos-microtraficantes-detenidos-por-os7-de-carabineros-en-santa-maria","status":"publish","type":"post","link":"https:\/\/www.eltrabajo.cl\/2017\/dos-microtraficantes-detenidos-por-os7-de-carabineros-en-santa-maria\/","title":{"rendered":"Dos microtraficantes detenidos por OS7 de Carabineros en Santa Mar\u00eda"},"content":{"rendered":"<figure id=\"attachment_87419\" aria-describedby=\"caption-attachment-87419\" style=\"width: 580px\" class=\"wp-caption alignnone\"><img data-recalc-dims=\"1\" loading=\"lazy\" decoding=\"async\" class=\"size-full wp-image-87419\" src=\"https:\/\/i0.wp.com\/www.eltrabajo.cl\/2017\/wp-content\/uploads\/2018\/07\/jose-delgado4.jpg?resize=580%2C399\" alt=\"Jos\u00e9 Alejandro Delgado Cornejo, de 18 a\u00f1os, era intensamente buscado por asesinato.\" width=\"580\" height=\"399\" srcset=\"https:\/\/i0.wp.com\/www.eltrabajo.cl\/2017\/wp-content\/uploads\/2018\/07\/jose-delgado4.jpg?w=580&amp;ssl=1 580w, https:\/\/i0.wp.com\/www.eltrabajo.cl\/2017\/wp-content\/uploads\/2018\/07\/jose-delgado4.jpg?resize=300%2C206&amp;ssl=1 300w, https:\/\/i0.wp.com\/www.eltrabajo.cl\/2017\/wp-content\/uploads\/2018\/07\/jose-delgado4.jpg?resize=150%2C103&amp;ssl=1 150w\" sizes=\"auto, (max-width: 580px) 100vw, 580px\" \/><figcaption id=\"caption-attachment-87419\" class=\"wp-caption-text\">Jos\u00e9 Alejandro Delgado Cornejo, de 18 a\u00f1os, era intensamente buscado por asesinato.<\/figcaption><\/figure>\n<p><span style=\"color: #ff0000;\"><strong>Uno de ellos es investigado por homicidio:<\/strong><\/span><\/p>\n<ul>\n<li><strong>Diligencias policiales permitieron sacar de circulaci\u00f3n una cantidad de clorhidrato y pasta base de coca\u00edna, adem\u00e1s de la incautaci\u00f3n de un arma de fuego en un inmueble del sector Cerro Teucal\u00e1n en Santa Mar\u00eda.<\/strong><\/li>\n<\/ul>\n<p>Un total de 60 gramos de coca\u00edna pura y 40 gramos de pasta base de coca\u00edna decomisados, fue el resultado de las diligencias efectuadas por el OS7 de Carabineros Aconcagua al interior de un domicilio ubicado en el cerro Teucal\u00e1n de Santa Mar\u00eda, siendo detenidos dos sujetos quienes debieron enfrentar a la justicia por microtr\u00e1fico.<br \/>\nTras una coordinaci\u00f3n con la Fiscal\u00eda de San Felipe, Carabineros se dirigi\u00f3 hasta el inmueble luego de las informaciones de la aparente venta de drogas desde ese sector, efectuando un allanamiento para la obtenci\u00f3n de medios de prueba tras gestionarse una orden judicial de entrada y registro.<br \/>\nEn el sitio del suceso se levantaron dichas evidencias de drogas adem\u00e1s de la incautaci\u00f3n de una pistola marca B\u00fafalo calibre 7.65 y una munici\u00f3n.<br \/>\nA ra\u00edz de este procedimiento fue detenido el imputado de iniciales J.G.M.C. quien presuntamente se dedicar\u00eda al comercio de estas sustancias il\u00edcitas.<br \/>\nAsimismo fue detenido un sujeto identificado como Jos\u00e9 Alejandro Delgado Cornejo, de 18 a\u00f1os, quien manten\u00eda una orden de detenci\u00f3n pendiente por el delito de homicidio emanada del Juzgado de Garant\u00eda de Los Andes. Ambos acusados quedaron a disposici\u00f3n de la Fiscal\u00eda en audiencia de control de detenci\u00f3n.<br \/>\n<strong>Pablo Salinas Sald\u00edas<\/strong><\/p>\n<figure id=\"attachment_87418\" aria-describedby=\"caption-attachment-87418\" style=\"width: 580px\" class=\"wp-caption alignnone\"><img data-recalc-dims=\"1\" loading=\"lazy\" decoding=\"async\" class=\"size-full wp-image-87418\" src=\"https:\/\/i0.wp.com\/www.eltrabajo.cl\/2017\/wp-content\/uploads\/2018\/07\/DROGA-TEUCALAN.jpg?resize=580%2C399\" alt=\"Personal de OS7 de Carabineros Aconcagua incaut\u00f3 pasta base y clorhidrato de coca\u00edna, adem\u00e1s de un arma de fuego y una munici\u00f3n desde un domicilio ubicado en el sector Cerro Teucal\u00e1n de Santa Mar\u00eda.\" width=\"580\" height=\"399\" srcset=\"https:\/\/i0.wp.com\/www.eltrabajo.cl\/2017\/wp-content\/uploads\/2018\/07\/DROGA-TEUCALAN.jpg?w=580&amp;ssl=1 580w, https:\/\/i0.wp.com\/www.eltrabajo.cl\/2017\/wp-content\/uploads\/2018\/07\/DROGA-TEUCALAN.jpg?resize=300%2C206&amp;ssl=1 300w, https:\/\/i0.wp.com\/www.eltrabajo.cl\/2017\/wp-content\/uploads\/2018\/07\/DROGA-TEUCALAN.jpg?resize=150%2C103&amp;ssl=1 150w\" sizes=\"auto, (max-width: 580px) 100vw, 580px\" \/><figcaption id=\"caption-attachment-87418\" class=\"wp-caption-text\">Personal de OS7 de Carabineros Aconcagua incaut\u00f3 pasta base y clorhidrato de coca\u00edna, adem\u00e1s de un arma de fuego y una munici\u00f3n desde un domicilio ubicado en el sector Cerro Teucal\u00e1n de Santa Mar\u00eda.<\/figcaption><\/figure>\n","protected":false},"excerpt":{"rendered":"<div class=\"mh-excerpt\"><p>Uno de ellos es investigado por homicidio: Diligencias policiales permitieron sacar de circulaci\u00f3n una cantidad de clorhidrato y pasta base de coca\u00edna, adem\u00e1s de la <a class=\"mh-excerpt-more\" href=\"https:\/\/www.eltrabajo.cl\/2017\/dos-microtraficantes-detenidos-por-os7-de-carabineros-en-santa-maria\/\" title=\"Dos microtraficantes detenidos por OS7 de Carabineros en Santa Mar\u00eda\">[&#8230;]<\/a><\/p>\n<\/div>","protected":false},"author":1,"featured_media":87418,"comment_status":"open","ping_status":"open","sticky":false,"template":"","format":"standard","meta":{"_jetpack_newsletter_access":"","_jetpack_dont_email_post_to_subs":false,"_jetpack_newsletter_tier_id":0,"_jetpack_memberships_contains_paywalled_content":false,"_jetpack_memberships_contains_paid_content":false,"footnotes":""},"categories":[2],"tags":[],"class_list":["post-87417","post","type-post","status-publish","format-standard","has-post-thumbnail","hentry","category-policial"],"nelio_content":{"autoShareEndMode":"never","automationSources":{"useCustomSentences":false,"customSentences":[]},"efiAlt":"","efiUrl":"","followers":[],"highlights":[],"isAutoShareEnabled":true,"networkImageIds":[],"permalinkQueryArgs":[],"series":[],"suggestedReferences":[]},"jetpack_featured_media_url":"https:\/\/i0.wp.com\/www.eltrabajo.cl\/2017\/wp-content\/uploads\/2018\/07\/DROGA-TEUCALAN.jpg?fit=580%2C399&ssl=1","jetpack_sharing_enabled":true,"_links":{"self":[{"href":"https:\/\/www.eltrabajo.cl\/2017\/wp-json\/wp\/v2\/posts\/87417","targetHints":{"allow":["GET"]}}],"collection":[{"href":"https:\/\/www.eltrabajo.cl\/2017\/wp-json\/wp\/v2\/posts"}],"about":[{"href":"https:\/\/www.eltrabajo.cl\/2017\/wp-json\/wp\/v2\/types\/post"}],"author":[{"embeddable":true,"href":"https:\/\/www.eltrabajo.cl\/2017\/wp-json\/wp\/v2\/users\/1"}],"replies":[{"embeddable":true,"href":"https:\/\/www.eltrabajo.cl\/2017\/wp-json\/wp\/v2\/comments?post=87417"}],"version-history":[{"count":1,"href":"https:\/\/www.eltrabajo.cl\/2017\/wp-json\/wp\/v2\/posts\/87417\/revisions"}],"predecessor-version":[{"id":87420,"href":"https:\/\/www.eltrabajo.cl\/2017\/wp-json\/wp\/v2\/posts\/87417\/revisions\/87420"}],"wp:featuredmedia":[{"embeddable":true,"href":"https:\/\/www.eltrabajo.cl\/2017\/wp-json\/wp\/v2\/media\/87418"}],"wp:attachment":[{"href":"https:\/\/www.eltrabajo.cl\/2017\/wp-json\/wp\/v2\/media?parent=87417"}],"wp:term":[{"taxonomy":"category","embeddable":true,"href":"https:\/\/www.eltrabajo.cl\/2017\/wp-json\/wp\/v2\/categories?post=87417"},{"taxonomy":"post_tag","embeddable":true,"href":"https:\/\/www.eltrabajo.cl\/2017\/wp-json\/wp\/v2\/tags?post=87417"}],"curies":[{"name":"wp","href":"https:\/\/api.w.org\/{rel}","templated":true}]}}