{"id":87428,"date":"2018-07-24T05:07:52","date_gmt":"2018-07-24T09:07:52","guid":{"rendered":"http:\/\/www.eltrabajo.cl\/2017\/?p=87428"},"modified":"2018-07-23T20:47:53","modified_gmt":"2018-07-24T00:47:53","slug":"abuelita-de-86-anos-murio-calcinada-mientras-su-sobrina-trabajaba","status":"publish","type":"post","link":"https:\/\/www.eltrabajo.cl\/2017\/abuelita-de-86-anos-murio-calcinada-mientras-su-sobrina-trabajaba\/","title":{"rendered":"Abuelita de 86 a\u00f1os muri\u00f3 calcinada mientras su sobrina trabajaba"},"content":{"rendered":"<figure id=\"attachment_87429\" aria-describedby=\"caption-attachment-87429\" style=\"width: 580px\" class=\"wp-caption alignnone\"><img data-recalc-dims=\"1\" loading=\"lazy\" decoding=\"async\" class=\"size-full wp-image-87429\" src=\"https:\/\/i0.wp.com\/www.eltrabajo.cl\/2017\/wp-content\/uploads\/2018\/07\/INCENDIO-PUTAENDO.jpg?resize=580%2C399\" alt=\"Tras el voraz incendio ocurrido en avenida Alessandri de Putaendo, falleci\u00f3 una adulta mayor de 86 a\u00f1os de edad. (Fotograf\u00eda: DNoticias.cl).\" width=\"580\" height=\"399\" srcset=\"https:\/\/i0.wp.com\/www.eltrabajo.cl\/2017\/wp-content\/uploads\/2018\/07\/INCENDIO-PUTAENDO.jpg?w=580&amp;ssl=1 580w, https:\/\/i0.wp.com\/www.eltrabajo.cl\/2017\/wp-content\/uploads\/2018\/07\/INCENDIO-PUTAENDO.jpg?resize=300%2C206&amp;ssl=1 300w, https:\/\/i0.wp.com\/www.eltrabajo.cl\/2017\/wp-content\/uploads\/2018\/07\/INCENDIO-PUTAENDO.jpg?resize=150%2C103&amp;ssl=1 150w\" sizes=\"auto, (max-width: 580px) 100vw, 580px\" \/><figcaption id=\"caption-attachment-87429\" class=\"wp-caption-text\">Tras el voraz incendio ocurrido en avenida Alessandri de Putaendo, falleci\u00f3 una adulta mayor de 86 a\u00f1os de edad. (Fotograf\u00eda: DNoticias.cl).<\/figcaption><\/figure>\n<p><span style=\"color: #ff0000;\"><strong>Avanzado fuego impidi\u00f3 rescate de Bomberos:<\/strong><\/span><\/p>\n<ul>\n<li><strong>El siniestro fue declarado cerca de las 20:00 horas de este s\u00e1bado en una vivienda de la avenida Alessandri de Putaendo. Vecinos consternados ante el fallecimiento de la v\u00edctima quien resid\u00eda sola.<\/strong><\/li>\n<\/ul>\n<p>Por muerte indeterminada se mantiene en investigaci\u00f3n el hallazgo del cuerpo de una adulta mayor de 86 a\u00f1os de edad, identificada como Aurora Gabriela P\u00e1ez Hurtubias, en medio de un incendio declarado cerca de las 20:00 horas de este s\u00e1bado, en el cual la Brigada de Homicidios de la PDI efectu\u00f3 pericias en el sitio del suceso en avenida Alessandri de la comuna de Putaendo.<br \/>\nSeg\u00fan los primeros informes policiales, la actual occisa se encontraba sola al momento del siniestro, sin embargo estar\u00eda a cargo de una sobrina quien durante ese horario debi\u00f3 concurrir hasta su fuente laboral.<br \/>\nEl Jefe de la Brigada de Homicidios de la Polic\u00eda de Investigaciones de Los Andes, inform\u00f3 a Diario El Trabajo que la causa de muerte de la v\u00edctima a\u00fan se encuentra indeterminada, a la espera de lo que indique la autopsia de rigor por parte del Servicio M\u00e9dico Legal.<br \/>\n\u201cEn horas de la tarde queda a solas en el domicilio esta se\u00f1ora y despu\u00e9s vecinos se alertan de llamas y humo que emanaban del domicilio, se activan todos los mecanismos de emergencia, Bomberos se percatan que se encuentra esta se\u00f1ora, en el lugar se aprecia una carbonizaci\u00f3n producto de la acci\u00f3n del fuego, la causa en estos momentos est\u00e1 indeterminada, debemos establecer si la muerte se trat\u00f3 por una afecci\u00f3n o directamente por la acci\u00f3n del fuego y la inhalaci\u00f3n del humo\u201d.<br \/>\nEl oficial policial a\u00f1adi\u00f3 que hasta esta parte de la investigaci\u00f3n se descartar\u00eda la intervenci\u00f3n de terceros en el hecho, no obstante en el sitio del suceso, peritos qu\u00edmicos y el\u00e9ctricos del Laboratorio de Criminal\u00edstica de la PDI de Santiago levantaron muestras para determinar el origen del incendio, si fue intencional o accidental.<br \/>\nPor su parte personal de Bomberos, quienes trabajaron arduamente en el incendio, precisa que el siniestro dar\u00eda cuenta de un hecho accidental con resultado de muerte, cuyo origen del fuego se mantiene en reserva debido a la investigaci\u00f3n que solicit\u00f3 la Fiscal\u00eda de San Felipe.<br \/>\nLas avanzadas llamas pr\u00e1cticamente consumieron casi en su totalidad la vivienda con estructura de adobe, donde se encontraba la adulta mayor dentro de una habitaci\u00f3n.<br \/>\nLa Primera y Segunda Compa\u00f1\u00eda de Bomberos concurrieron a la reducci\u00f3n del incendio, debiendo prestar cooperaci\u00f3n otras seis unidades y un cami\u00f3n aljibe, sin embargo pese a los esfuerzos, el intenso fuego y humo impidi\u00f3 la b\u00fasqueda primaria de la adulta mayor como indicaban los vecinos, quienes suplicaban su rescate.<br \/>\n\u201cA la llegada de Bomberos nos encontramos con un fuego de f\u00e1cil y libre combusti\u00f3n, de car\u00e1cter estructural, lo que tampoco permiti\u00f3 a nuestro personal, a pesar de contar con los equipos de protecci\u00f3n personal, poder desarrollar con los equipos de rescate, ingresar al domicilio, efectuar una b\u00fasqueda primaria y rescatar a la se\u00f1ora\u201d, precis\u00f3 a Diario El Trabajo, el Comandante de Bomberos de Putaendo, Luis Sep\u00falveda.<br \/>\n<strong>Pablo Salinas Sald\u00edas<\/strong><\/p>\n<figure id=\"attachment_87430\" aria-describedby=\"caption-attachment-87430\" style=\"width: 580px\" class=\"wp-caption alignnone\"><img data-recalc-dims=\"1\" loading=\"lazy\" decoding=\"async\" class=\"size-full wp-image-87430\" src=\"https:\/\/i0.wp.com\/www.eltrabajo.cl\/2017\/wp-content\/uploads\/2018\/07\/gino_gutierrez-a.jpg?resize=580%2C399\" alt=\"Jefe de la Brigada de Homicidios de la PDI de Los Andes, Comisario Gino Guti\u00e9rrez C\u00e1ceres.\" width=\"580\" height=\"399\" srcset=\"https:\/\/i0.wp.com\/www.eltrabajo.cl\/2017\/wp-content\/uploads\/2018\/07\/gino_gutierrez-a.jpg?w=580&amp;ssl=1 580w, https:\/\/i0.wp.com\/www.eltrabajo.cl\/2017\/wp-content\/uploads\/2018\/07\/gino_gutierrez-a.jpg?resize=300%2C206&amp;ssl=1 300w, https:\/\/i0.wp.com\/www.eltrabajo.cl\/2017\/wp-content\/uploads\/2018\/07\/gino_gutierrez-a.jpg?resize=150%2C103&amp;ssl=1 150w\" sizes=\"auto, (max-width: 580px) 100vw, 580px\" \/><figcaption id=\"caption-attachment-87430\" class=\"wp-caption-text\">Jefe de la Brigada de Homicidios de la PDI de Los Andes, Comisario Gino Guti\u00e9rrez C\u00e1ceres.<\/figcaption><\/figure>\n","protected":false},"excerpt":{"rendered":"<div class=\"mh-excerpt\"><p>Avanzado fuego impidi\u00f3 rescate de Bomberos: El siniestro fue declarado cerca de las 20:00 horas de este s\u00e1bado en una vivienda de la avenida Alessandri <a class=\"mh-excerpt-more\" href=\"https:\/\/www.eltrabajo.cl\/2017\/abuelita-de-86-anos-murio-calcinada-mientras-su-sobrina-trabajaba\/\" title=\"Abuelita de 86 a\u00f1os muri\u00f3 calcinada mientras su sobrina trabajaba\">[&#8230;]<\/a><\/p>\n<\/div>","protected":false},"author":1,"featured_media":87429,"comment_status":"open","ping_status":"open","sticky":false,"template":"","format":"standard","meta":{"_jetpack_newsletter_access":"","_jetpack_dont_email_post_to_subs":false,"_jetpack_newsletter_tier_id":0,"_jetpack_memberships_contains_paywalled_content":false,"_jetpack_memberships_contains_paid_content":false,"footnotes":""},"categories":[2],"tags":[],"class_list":["post-87428","post","type-post","status-publish","format-standard","has-post-thumbnail","hentry","category-policial"],"nelio_content":{"autoShareEndMode":"never","automationSources":{"useCustomSentences":false,"customSentences":[]},"efiAlt":"","efiUrl":"","followers":[1],"highlights":[],"isAutoShareEnabled":true,"networkImageIds":[],"permalinkQueryArgs":[],"series":[],"suggestedReferences":[]},"jetpack_featured_media_url":"https:\/\/i0.wp.com\/www.eltrabajo.cl\/2017\/wp-content\/uploads\/2018\/07\/INCENDIO-PUTAENDO.jpg?fit=580%2C399&ssl=1","jetpack_sharing_enabled":true,"_links":{"self":[{"href":"https:\/\/www.eltrabajo.cl\/2017\/wp-json\/wp\/v2\/posts\/87428","targetHints":{"allow":["GET"]}}],"collection":[{"href":"https:\/\/www.eltrabajo.cl\/2017\/wp-json\/wp\/v2\/posts"}],"about":[{"href":"https:\/\/www.eltrabajo.cl\/2017\/wp-json\/wp\/v2\/types\/post"}],"author":[{"embeddable":true,"href":"https:\/\/www.eltrabajo.cl\/2017\/wp-json\/wp\/v2\/users\/1"}],"replies":[{"embeddable":true,"href":"https:\/\/www.eltrabajo.cl\/2017\/wp-json\/wp\/v2\/comments?post=87428"}],"version-history":[{"count":2,"href":"https:\/\/www.eltrabajo.cl\/2017\/wp-json\/wp\/v2\/posts\/87428\/revisions"}],"predecessor-version":[{"id":90898,"href":"https:\/\/www.eltrabajo.cl\/2017\/wp-json\/wp\/v2\/posts\/87428\/revisions\/90898"}],"wp:featuredmedia":[{"embeddable":true,"href":"https:\/\/www.eltrabajo.cl\/2017\/wp-json\/wp\/v2\/media\/87429"}],"wp:attachment":[{"href":"https:\/\/www.eltrabajo.cl\/2017\/wp-json\/wp\/v2\/media?parent=87428"}],"wp:term":[{"taxonomy":"category","embeddable":true,"href":"https:\/\/www.eltrabajo.cl\/2017\/wp-json\/wp\/v2\/categories?post=87428"},{"taxonomy":"post_tag","embeddable":true,"href":"https:\/\/www.eltrabajo.cl\/2017\/wp-json\/wp\/v2\/tags?post=87428"}],"curies":[{"name":"wp","href":"https:\/\/api.w.org\/{rel}","templated":true}]}}