{"id":87454,"date":"2018-07-25T05:05:46","date_gmt":"2018-07-25T09:05:46","guid":{"rendered":"http:\/\/www.eltrabajo.cl\/2017\/?p=87454"},"modified":"2018-07-24T20:58:54","modified_gmt":"2018-07-25T00:58:54","slug":"a-mas-de-una-decada-en-la-carcel-fue-condenado-homicida-de-matias-delgado","status":"publish","type":"post","link":"https:\/\/www.eltrabajo.cl\/2017\/a-mas-de-una-decada-en-la-carcel-fue-condenado-homicida-de-matias-delgado\/","title":{"rendered":"A m\u00e1s de una d\u00e9cada en la c\u00e1rcel fue condenado homicida de Mat\u00edas Delgado"},"content":{"rendered":"<figure id=\"attachment_87455\" aria-describedby=\"caption-attachment-87455\" style=\"width: 580px\" class=\"wp-caption alignnone\"><img data-recalc-dims=\"1\" loading=\"lazy\" decoding=\"async\" class=\"size-full wp-image-87455\" src=\"https:\/\/i0.wp.com\/www.eltrabajo.cl\/2017\/wp-content\/uploads\/2018\/07\/ABRAHAM-OLGUIN-1.jpg?resize=580%2C399\" alt=\"Abraham Olgu\u00edn Gallardo deber\u00e1 cumplir m\u00e1s de diez a\u00f1os de c\u00e1rcel por homicidio ocurrido en la Villa 250 A\u00f1os de San Felipe.\" width=\"580\" height=\"399\" srcset=\"https:\/\/i0.wp.com\/www.eltrabajo.cl\/2017\/wp-content\/uploads\/2018\/07\/ABRAHAM-OLGUIN-1.jpg?w=580&amp;ssl=1 580w, https:\/\/i0.wp.com\/www.eltrabajo.cl\/2017\/wp-content\/uploads\/2018\/07\/ABRAHAM-OLGUIN-1.jpg?resize=300%2C206&amp;ssl=1 300w, https:\/\/i0.wp.com\/www.eltrabajo.cl\/2017\/wp-content\/uploads\/2018\/07\/ABRAHAM-OLGUIN-1.jpg?resize=150%2C103&amp;ssl=1 150w\" sizes=\"auto, (max-width: 580px) 100vw, 580px\" \/><figcaption id=\"caption-attachment-87455\" class=\"wp-caption-text\">Abraham Olgu\u00edn Gallardo deber\u00e1 cumplir m\u00e1s de diez a\u00f1os de c\u00e1rcel por homicidio ocurrido en la Villa 250 A\u00f1os de San Felipe.<\/figcaption><\/figure>\n<p><span style=\"color: #ff0000;\"><strong>Sentenciado por tres delitos ocurridos en Villa 250 A\u00f1os:<\/strong><\/span><\/p>\n<ul>\n<li><strong>Abraham Olgu\u00edn Gallardo deber\u00e1 cumplir tras las rejas por homicidio simple, tenencia ilegal de arma de fuego prohibida y municiones.<\/strong><\/li>\n<\/ul>\n<p>A una pena que alcanza m\u00e1s de diez a\u00f1os de c\u00e1rcel fue la sentencia dictada por el Tribunal Oral en Lo Penal de San Felipe en contra de Abraham Enoc Olgu\u00edn Gallardo, tras ser juzgado del delito de homicidio de Mat\u00edas Nicol\u00e1s Delgado Olgu\u00edn, de 20 a\u00f1os de edad, ocurrido el 1 de diciembre de 2017 en la Villa 250 A\u00f1os de San Felipe.<br \/>\nComo se recordar\u00e1, la semana pasada Olgu\u00edn fue sometido a juicio oral, estableci\u00e9ndose mediante pruebas y testimonios un enfrentamiento entre el actual sentenciado y Mat\u00edas Delgado, quienes habr\u00edan sostenido una violenta ri\u00f1a, resultando el enjuiciado con una fractura en la nariz de car\u00e1cter grave.<br \/>\nMinutos m\u00e1s tarde se dice que el acusado concurri\u00f3 a un domicilio en calle Estadio y premunido de un arma dispar\u00f3 tres veces en contra de Mat\u00edas Delgado, caus\u00e1ndole la muerte. Posteriormente el homicida fue detenido por Carabineros, encontrando el armamento utilizado m\u00e1s tres cartuchos.<br \/>\nLa terna de magistrados que componen el Tribunal Oral de San Felipe, declar\u00f3 culpable a Abraham Olgu\u00edn Gallardo, sentenciando a la pena de seis a\u00f1os de presidio mayor en su grado m\u00ednimo por el delito de homicidio simple.<br \/>\nAdicionalmente Olgu\u00edn deber\u00e1 cumplir tres a\u00f1os y un d\u00eda por el delito de arma de fuego prohibida, m\u00e1s 541 d\u00edas de c\u00e1rcel por el delito de porte de municiones.<br \/>\nLa sentencia judicial obliga al condenado a cumplir la pena en forma efectiva en la c\u00e1rcel, descontando los d\u00edas que ha permanecido privado de libertad desde el d\u00eda de los hechos a la actualidad.<br \/>\nTanto la Fiscal\u00eda como la defensa del acusado mantienen un plazo de diez d\u00edas para elevar eventualmente un recurso de nulidad sobre este juicio ante la Corte de Apelaciones de Valpara\u00edso.<br \/>\n<strong>Pablo Salinas Sald\u00edas<\/strong><\/p>\n<figure id=\"attachment_87456\" aria-describedby=\"caption-attachment-87456\" style=\"width: 580px\" class=\"wp-caption alignnone\"><img data-recalc-dims=\"1\" loading=\"lazy\" decoding=\"async\" class=\"size-full wp-image-87456\" src=\"https:\/\/i0.wp.com\/www.eltrabajo.cl\/2017\/wp-content\/uploads\/2018\/07\/MATIAS-DELGADO2.jpg?resize=580%2C399\" alt=\"Mat\u00edas Delgado Olgu\u00edn falleci\u00f3 a la edad de 20 a\u00f1os el pasado 1 de diciembre de 2017.\" width=\"580\" height=\"399\" srcset=\"https:\/\/i0.wp.com\/www.eltrabajo.cl\/2017\/wp-content\/uploads\/2018\/07\/MATIAS-DELGADO2.jpg?w=580&amp;ssl=1 580w, https:\/\/i0.wp.com\/www.eltrabajo.cl\/2017\/wp-content\/uploads\/2018\/07\/MATIAS-DELGADO2.jpg?resize=300%2C206&amp;ssl=1 300w, https:\/\/i0.wp.com\/www.eltrabajo.cl\/2017\/wp-content\/uploads\/2018\/07\/MATIAS-DELGADO2.jpg?resize=150%2C103&amp;ssl=1 150w\" sizes=\"auto, (max-width: 580px) 100vw, 580px\" \/><figcaption id=\"caption-attachment-87456\" class=\"wp-caption-text\">Mat\u00edas Delgado Olgu\u00edn falleci\u00f3 a la edad de 20 a\u00f1os el pasado 1 de diciembre de 2017.<\/figcaption><\/figure>\n","protected":false},"excerpt":{"rendered":"<div class=\"mh-excerpt\"><p>Sentenciado por tres delitos ocurridos en Villa 250 A\u00f1os: Abraham Olgu\u00edn Gallardo deber\u00e1 cumplir tras las rejas por homicidio simple, tenencia ilegal de arma de <a class=\"mh-excerpt-more\" href=\"https:\/\/www.eltrabajo.cl\/2017\/a-mas-de-una-decada-en-la-carcel-fue-condenado-homicida-de-matias-delgado\/\" title=\"A m\u00e1s de una d\u00e9cada en la c\u00e1rcel fue condenado homicida de Mat\u00edas Delgado\">[&#8230;]<\/a><\/p>\n<\/div>","protected":false},"author":1,"featured_media":87455,"comment_status":"open","ping_status":"open","sticky":false,"template":"","format":"standard","meta":{"_jetpack_newsletter_access":"","_jetpack_dont_email_post_to_subs":false,"_jetpack_newsletter_tier_id":0,"_jetpack_memberships_contains_paywalled_content":false,"_jetpack_memberships_contains_paid_content":false,"footnotes":""},"categories":[2],"tags":[],"class_list":["post-87454","post","type-post","status-publish","format-standard","has-post-thumbnail","hentry","category-policial"],"nelio_content":{"autoShareEndMode":"never","automationSources":{"useCustomSentences":false,"customSentences":[]},"efiAlt":"","efiUrl":"","followers":[],"highlights":[],"isAutoShareEnabled":true,"networkImageIds":[],"permalinkQueryArgs":[],"series":[],"suggestedReferences":[]},"jetpack_featured_media_url":"https:\/\/i0.wp.com\/www.eltrabajo.cl\/2017\/wp-content\/uploads\/2018\/07\/ABRAHAM-OLGUIN-1.jpg?fit=580%2C399&ssl=1","jetpack_sharing_enabled":true,"_links":{"self":[{"href":"https:\/\/www.eltrabajo.cl\/2017\/wp-json\/wp\/v2\/posts\/87454","targetHints":{"allow":["GET"]}}],"collection":[{"href":"https:\/\/www.eltrabajo.cl\/2017\/wp-json\/wp\/v2\/posts"}],"about":[{"href":"https:\/\/www.eltrabajo.cl\/2017\/wp-json\/wp\/v2\/types\/post"}],"author":[{"embeddable":true,"href":"https:\/\/www.eltrabajo.cl\/2017\/wp-json\/wp\/v2\/users\/1"}],"replies":[{"embeddable":true,"href":"https:\/\/www.eltrabajo.cl\/2017\/wp-json\/wp\/v2\/comments?post=87454"}],"version-history":[{"count":1,"href":"https:\/\/www.eltrabajo.cl\/2017\/wp-json\/wp\/v2\/posts\/87454\/revisions"}],"predecessor-version":[{"id":87457,"href":"https:\/\/www.eltrabajo.cl\/2017\/wp-json\/wp\/v2\/posts\/87454\/revisions\/87457"}],"wp:featuredmedia":[{"embeddable":true,"href":"https:\/\/www.eltrabajo.cl\/2017\/wp-json\/wp\/v2\/media\/87455"}],"wp:attachment":[{"href":"https:\/\/www.eltrabajo.cl\/2017\/wp-json\/wp\/v2\/media?parent=87454"}],"wp:term":[{"taxonomy":"category","embeddable":true,"href":"https:\/\/www.eltrabajo.cl\/2017\/wp-json\/wp\/v2\/categories?post=87454"},{"taxonomy":"post_tag","embeddable":true,"href":"https:\/\/www.eltrabajo.cl\/2017\/wp-json\/wp\/v2\/tags?post=87454"}],"curies":[{"name":"wp","href":"https:\/\/api.w.org\/{rel}","templated":true}]}}