{"id":87464,"date":"2018-07-25T05:08:59","date_gmt":"2018-07-25T09:08:59","guid":{"rendered":"http:\/\/www.eltrabajo.cl\/2017\/?p=87464"},"modified":"2018-07-24T21:04:01","modified_gmt":"2018-07-25T01:04:01","slug":"capturan-a-peligroso-traficante-que-se-mantuvo-profugo-mas-de-cuatro-anos","status":"publish","type":"post","link":"https:\/\/www.eltrabajo.cl\/2017\/capturan-a-peligroso-traficante-que-se-mantuvo-profugo-mas-de-cuatro-anos\/","title":{"rendered":"Capturan a peligroso traficante que se mantuvo pr\u00f3fugo m\u00e1s de cuatro a\u00f1os"},"content":{"rendered":"<figure id=\"attachment_87466\" aria-describedby=\"caption-attachment-87466\" style=\"width: 578px\" class=\"wp-caption alignnone\"><img data-recalc-dims=\"1\" loading=\"lazy\" decoding=\"async\" class=\"wp-image-87466 size-full\" src=\"https:\/\/i0.wp.com\/www.eltrabajo.cl\/2017\/wp-content\/uploads\/2018\/07\/TINTERILLO-e1532480614796.jpg?resize=578%2C758\" alt=\"Enzo Gonzalo Estay Jorquera, alias \u2018El Tinterillo\u2019, considerado uno de los mayores proveedores de drogas en las provincias de San Felipe y Los Andes.\" width=\"578\" height=\"758\" srcset=\"https:\/\/i0.wp.com\/www.eltrabajo.cl\/2017\/wp-content\/uploads\/2018\/07\/TINTERILLO-e1532480614796.jpg?w=578&amp;ssl=1 578w, https:\/\/i0.wp.com\/www.eltrabajo.cl\/2017\/wp-content\/uploads\/2018\/07\/TINTERILLO-e1532480614796.jpg?resize=229%2C300&amp;ssl=1 229w, https:\/\/i0.wp.com\/www.eltrabajo.cl\/2017\/wp-content\/uploads\/2018\/07\/TINTERILLO-e1532480614796.jpg?resize=114%2C150&amp;ssl=1 114w\" sizes=\"auto, (max-width: 578px) 100vw, 578px\" \/><figcaption id=\"caption-attachment-87466\" class=\"wp-caption-text\">Enzo Gonzalo Estay Jorquera, alias \u2018El Tinterillo\u2019, considerado uno de los mayores proveedores de drogas en las provincias de San Felipe y Los Andes.<\/figcaption><\/figure>\n<p><span style=\"color: #ff0000;\"><strong>\u2018El Tinterillo\u2019 fue detenido ayer en ribera del r\u00edo Aconcagua:<\/strong><\/span><\/p>\n<ul>\n<li><strong>El acusado mantiene vigente dos causas por tr\u00e1fico de drogas en la comuna de Los Andes y una condena vigente por el mismo delito cometido en San Felipe.<\/strong><\/li>\n<\/ul>\n<p>Tras una intensa persecuci\u00f3n policial efectuada por Carabineros en la ribera del r\u00edo Aconcagua, se logr\u00f3 detener a un sujeto identificado como Enzo Gonzalo Estay Jorquera, alias \u2018El Tinterillo\u2019, quien se mantuvo pr\u00f3fugo de la justicia por m\u00e1s de cuatro a\u00f1os tras causas ligadas al tr\u00e1fico de drogas e incumplimiento de condena por este mismo il\u00edcito.<br \/>\nSeg\u00fan las investigaciones de Carabineros, el requerido permanecer\u00eda oculto en un domicilio de familiares en la continuidad de calle Benigno Caldera en direcci\u00f3n a las pozas en San Felipe, lugar donde se traslad\u00f3 el personal policial para efectuar su captura tras una orden judicial.<br \/>\nFue as\u00ed que durante la ma\u00f1ana de ayer martes, los funcionarios policiales, al proceder a la detenci\u00f3n del requerido, \u00e9ste escap\u00f3 a gran velocidad dirigi\u00e9ndose hasta las cercan\u00edas de la ribera del r\u00edo para impedir su detenci\u00f3n, sin embargo los funcionarios policiales lograron su captura.<br \/>\nDe acuerdo a los antecedentes delictuales que pesan sobre este sujeto, dar\u00edan cuenta de dos causas vigentes por el delito de tr\u00e1fico de drogas que investiga la Fiscal\u00eda de Los Andes y una condena pendiente de tres a\u00f1os de c\u00e1rcel por el mismo delito ocurrido en San Felipe.<br \/>\nSobre este \u00faltimo hecho, en el a\u00f1o 2011 personal del OS7 de Carabineros Aconcagua mantuvo vigilancias en la ribera del r\u00edo Aconcagua, llev\u00e1ndose a cabo una transacci\u00f3n de drogas consistente en dos kilos de pasta base de coca\u00edna, que habr\u00eda sido abastecida por \u2018El Tinterillo\u2019, considerado uno de los mayores proveedores de drogas en la provincia de San Felipe y Los Andes.<br \/>\nEl acusado fue derivado hasta la comuna de Los Andes donde ser\u00e1 formalizado el d\u00eda de hoy en el Juzgado de Garant\u00eda de esa comuna por las causas pendientes con la justicia.<br \/>\n<strong>Pablo Salinas Sald\u00edas<\/strong><\/p>\n<figure id=\"attachment_87465\" aria-describedby=\"caption-attachment-87465\" style=\"width: 580px\" class=\"wp-caption alignnone\"><img data-recalc-dims=\"1\" loading=\"lazy\" decoding=\"async\" class=\"size-full wp-image-87465\" src=\"https:\/\/i0.wp.com\/www.eltrabajo.cl\/2017\/wp-content\/uploads\/2018\/07\/DETENIDO-PROFUGO.jpg?resize=580%2C400\" alt=\"El detenido fue trasladado por Carabineros hasta la comuna de Los Andes para ser formalizado en el Juzgado de Garant\u00eda de esa localidad.\" width=\"580\" height=\"400\" srcset=\"https:\/\/i0.wp.com\/www.eltrabajo.cl\/2017\/wp-content\/uploads\/2018\/07\/DETENIDO-PROFUGO.jpg?w=580&amp;ssl=1 580w, https:\/\/i0.wp.com\/www.eltrabajo.cl\/2017\/wp-content\/uploads\/2018\/07\/DETENIDO-PROFUGO.jpg?resize=300%2C207&amp;ssl=1 300w, https:\/\/i0.wp.com\/www.eltrabajo.cl\/2017\/wp-content\/uploads\/2018\/07\/DETENIDO-PROFUGO.jpg?resize=150%2C103&amp;ssl=1 150w\" sizes=\"auto, (max-width: 580px) 100vw, 580px\" \/><figcaption id=\"caption-attachment-87465\" class=\"wp-caption-text\">El detenido fue trasladado por Carabineros hasta la comuna de Los Andes para ser formalizado en el Juzgado de Garant\u00eda de esa localidad.<\/figcaption><\/figure>\n","protected":false},"excerpt":{"rendered":"<div class=\"mh-excerpt\"><p>\u2018El Tinterillo\u2019 fue detenido ayer en ribera del r\u00edo Aconcagua: El acusado mantiene vigente dos causas por tr\u00e1fico de drogas en la comuna de Los <a class=\"mh-excerpt-more\" href=\"https:\/\/www.eltrabajo.cl\/2017\/capturan-a-peligroso-traficante-que-se-mantuvo-profugo-mas-de-cuatro-anos\/\" title=\"Capturan a peligroso traficante que se mantuvo pr\u00f3fugo m\u00e1s de cuatro a\u00f1os\">[&#8230;]<\/a><\/p>\n<\/div>","protected":false},"author":1,"featured_media":87465,"comment_status":"open","ping_status":"open","sticky":false,"template":"","format":"standard","meta":{"_jetpack_newsletter_access":"","_jetpack_dont_email_post_to_subs":false,"_jetpack_newsletter_tier_id":0,"_jetpack_memberships_contains_paywalled_content":false,"_jetpack_memberships_contains_paid_content":false,"footnotes":""},"categories":[2],"tags":[],"class_list":["post-87464","post","type-post","status-publish","format-standard","has-post-thumbnail","hentry","category-policial"],"nelio_content":{"autoShareEndMode":"never","automationSources":{"useCustomSentences":false,"customSentences":[]},"efiAlt":"","efiUrl":"","followers":[],"highlights":[],"isAutoShareEnabled":true,"networkImageIds":[],"permalinkQueryArgs":[],"series":[],"suggestedReferences":[]},"jetpack_featured_media_url":"https:\/\/i0.wp.com\/www.eltrabajo.cl\/2017\/wp-content\/uploads\/2018\/07\/DETENIDO-PROFUGO.jpg?fit=580%2C400&ssl=1","jetpack_sharing_enabled":true,"_links":{"self":[{"href":"https:\/\/www.eltrabajo.cl\/2017\/wp-json\/wp\/v2\/posts\/87464","targetHints":{"allow":["GET"]}}],"collection":[{"href":"https:\/\/www.eltrabajo.cl\/2017\/wp-json\/wp\/v2\/posts"}],"about":[{"href":"https:\/\/www.eltrabajo.cl\/2017\/wp-json\/wp\/v2\/types\/post"}],"author":[{"embeddable":true,"href":"https:\/\/www.eltrabajo.cl\/2017\/wp-json\/wp\/v2\/users\/1"}],"replies":[{"embeddable":true,"href":"https:\/\/www.eltrabajo.cl\/2017\/wp-json\/wp\/v2\/comments?post=87464"}],"version-history":[{"count":1,"href":"https:\/\/www.eltrabajo.cl\/2017\/wp-json\/wp\/v2\/posts\/87464\/revisions"}],"predecessor-version":[{"id":87467,"href":"https:\/\/www.eltrabajo.cl\/2017\/wp-json\/wp\/v2\/posts\/87464\/revisions\/87467"}],"wp:featuredmedia":[{"embeddable":true,"href":"https:\/\/www.eltrabajo.cl\/2017\/wp-json\/wp\/v2\/media\/87465"}],"wp:attachment":[{"href":"https:\/\/www.eltrabajo.cl\/2017\/wp-json\/wp\/v2\/media?parent=87464"}],"wp:term":[{"taxonomy":"category","embeddable":true,"href":"https:\/\/www.eltrabajo.cl\/2017\/wp-json\/wp\/v2\/categories?post=87464"},{"taxonomy":"post_tag","embeddable":true,"href":"https:\/\/www.eltrabajo.cl\/2017\/wp-json\/wp\/v2\/tags?post=87464"}],"curies":[{"name":"wp","href":"https:\/\/api.w.org\/{rel}","templated":true}]}}