{"id":87479,"date":"2018-07-26T05:02:34","date_gmt":"2018-07-26T09:02:34","guid":{"rendered":"http:\/\/www.eltrabajo.cl\/2017\/?p=87479"},"modified":"2018-07-25T21:01:20","modified_gmt":"2018-07-26T01:01:20","slug":"conocido-vecino-de-esquina-colorada-es-hallado-sin-vida-en-su-domicilio","status":"publish","type":"post","link":"https:\/\/www.eltrabajo.cl\/2017\/conocido-vecino-de-esquina-colorada-es-hallado-sin-vida-en-su-domicilio\/","title":{"rendered":"Conocido vecino de Esquina Colorada es hallado sin vida en su domicilio"},"content":{"rendered":"<figure id=\"attachment_87480\" aria-describedby=\"caption-attachment-87480\" style=\"width: 580px\" class=\"wp-caption alignnone\"><img data-recalc-dims=\"1\" loading=\"lazy\" decoding=\"async\" class=\"size-full wp-image-87480\" src=\"https:\/\/i0.wp.com\/www.eltrabajo.cl\/2017\/wp-content\/uploads\/2018\/07\/JOSE-LEON-FALLECIDO.jpg?resize=580%2C399\" alt=\"Jos\u00e9 Le\u00f3n Galdames falleci\u00f3 a la edad de 77 a\u00f1os en su domicilio ubicado en avenida Maip\u00fa, sector de la Esquina Colorada en San Felipe.\" width=\"580\" height=\"399\" srcset=\"https:\/\/i0.wp.com\/www.eltrabajo.cl\/2017\/wp-content\/uploads\/2018\/07\/JOSE-LEON-FALLECIDO.jpg?w=580&amp;ssl=1 580w, https:\/\/i0.wp.com\/www.eltrabajo.cl\/2017\/wp-content\/uploads\/2018\/07\/JOSE-LEON-FALLECIDO.jpg?resize=300%2C206&amp;ssl=1 300w, https:\/\/i0.wp.com\/www.eltrabajo.cl\/2017\/wp-content\/uploads\/2018\/07\/JOSE-LEON-FALLECIDO.jpg?resize=150%2C103&amp;ssl=1 150w\" sizes=\"auto, (max-width: 580px) 100vw, 580px\" \/><figcaption id=\"caption-attachment-87480\" class=\"wp-caption-text\">Jos\u00e9 Le\u00f3n Galdames falleci\u00f3 a la edad de 77 a\u00f1os en su domicilio ubicado en avenida Maip\u00fa, sector de la Esquina Colorada en San Felipe.<\/figcaption><\/figure>\n<p><span style=\"color: #ff0000;\"><strong>Jos\u00e9 Le\u00f3n Galdames ten\u00eda 77 a\u00f1os y viv\u00eda solo en avenida Maip\u00fa:<\/strong><\/span><\/p>\n<ul>\n<li><strong>El adulto mayor se hizo conocido por sufrir el \u2018Mal de Di\u00f3genes\u2019 acumulando una gran cantidad de desechos en su vivienda. Don Jos\u00e9 vivi\u00f3 toda su vida en este lugar junto a sus perros, hasta fallecer en la m\u00e1s absoluta soledad.<\/strong><\/li>\n<\/ul>\n<p>Pasado el mediod\u00eda de ayer mi\u00e9rcoles se confirm\u00f3 el deceso de un adulto mayor de 77 a\u00f1os de edad, identificado como Jos\u00e9 Enrique Le\u00f3n Galdames, conocido vecino que vivi\u00f3 toda su vida en avenida Maip\u00fa N\u00ba46-B, caracteriz\u00e1ndose entre la comunidad por su excesiva acumulaci\u00f3n de desechos tras sufrir el Mal de Di\u00f3genes.<br \/>\nSeg\u00fan cuentan sus familiares, el d\u00eda de ayer los vecinos comenzaron a extra\u00f1ar la presencia de don Jos\u00e9 por las calles, a quien no ve\u00edan desde este lunes, llamando la atenci\u00f3n entre quienes a diario lo ve\u00edan circular efectuando alguna compra o pedir comida para sus fieles perros.<br \/>\nJuan Le\u00f3n, sobrino de don Jos\u00e9, relata a Diario El Trabajo que durante la ma\u00f1ana de ayer fue alertado de esta situaci\u00f3n, por lo que se dirigi\u00f3 hasta su casa sin obtener respuestas, temiendo lo peor, por lo que de inmediato dio cuenta a Carabineros para que accedieran a la propiedad, confirm\u00e1ndose que el adulto mayor se encontraba dentro de su dormitorio, sin vida.<br \/>\nEl sobrino, muy triste, comenta que no ve\u00eda a su t\u00edo desde la semana pasada, ya que frecuentemente visitaba su casa: \u201cDel pasado lunes m\u00e1s menos, las t\u00edas del colegio lo extra\u00f1aron porque iba a pedir comida para los perros que tiene ac\u00e1. Aqu\u00ed anteriormente se hizo una limpieza, ac\u00e1 ordenamos la casa para que \u00e9l volviera a vivir. Fuimos a Carabineros para que nos autorizara la entrada en el procedimiento y ten\u00edamos el presentimiento de que \u00e9l estaba ac\u00e1, se ingres\u00f3 y se encontr\u00f3 ah\u00ed fallecido, \u00e9l estaba en su cama\u201d.<br \/>\nJuan repasa la vida de su t\u00edo don Jos\u00e9, como un hombre solitario, que vivi\u00f3 junto a su madre hasta que ella falleci\u00f3 hace algunos a\u00f1os. Soltero y sin hijos, este adulto mayor vivi\u00f3 sus \u00faltimos d\u00edas en plena soledad, junto a sus perros que a\u00f1os atr\u00e1s eran vistos desde la v\u00eda p\u00fablica sobre el techo de su casa, ya que debido a la incre\u00edble acumulaci\u00f3n de desechos, muebles y cartones en la vivienda, acced\u00edan f\u00e1cilmente a la techumbre.<br \/>\nComo se recordar\u00e1, con la ayuda del Municipio de San Felipe, se efectuaron amplias labores de limpieza total para que don Jos\u00e9 volviera a vivir en un lugar habitable.<br \/>\nTras el hallazgo de su cuerpo, el Fiscal de turno dispuso de la concurrencia de la Brigada de Homicidios de la Polic\u00eda de Investigaciones de Los Andes para realizar las primeras pericias al sitio del suceso que se mantuvo acordonado durante la jornada de ayer.<br \/>\nHasta el cierre de esta nota, la polic\u00eda civil a\u00fan continuaba efectuando las diligencias, precis\u00e1ndose preliminarmente que el cuerpo hallado en el lugar presentar\u00eda una data de muerte de aproximadamente 48 horas y su causa de muerte estar\u00eda indeterminada, quedando a la espera del resultado de la autopsia de rigor que efectuar\u00e1 el Servicio M\u00e9dico Legal.<br \/>\n<strong>Pablo Salinas Sald\u00edas<\/strong><\/p>\n<figure id=\"attachment_87481\" aria-describedby=\"caption-attachment-87481\" style=\"width: 580px\" class=\"wp-caption alignnone\"><img data-recalc-dims=\"1\" loading=\"lazy\" decoding=\"async\" class=\"size-full wp-image-87481\" src=\"https:\/\/i0.wp.com\/www.eltrabajo.cl\/2017\/wp-content\/uploads\/2018\/07\/JUAN-LEON.jpg?resize=580%2C725\" alt=\"Juan Le\u00f3n, sobrino de don Jos\u00e9.\" width=\"580\" height=\"725\" srcset=\"https:\/\/i0.wp.com\/www.eltrabajo.cl\/2017\/wp-content\/uploads\/2018\/07\/JUAN-LEON.jpg?w=580&amp;ssl=1 580w, https:\/\/i0.wp.com\/www.eltrabajo.cl\/2017\/wp-content\/uploads\/2018\/07\/JUAN-LEON.jpg?resize=240%2C300&amp;ssl=1 240w, https:\/\/i0.wp.com\/www.eltrabajo.cl\/2017\/wp-content\/uploads\/2018\/07\/JUAN-LEON.jpg?resize=120%2C150&amp;ssl=1 120w\" sizes=\"auto, (max-width: 580px) 100vw, 580px\" \/><figcaption id=\"caption-attachment-87481\" class=\"wp-caption-text\">Juan Le\u00f3n, sobrino de don Jos\u00e9.<\/figcaption><\/figure>\n<figure id=\"attachment_87482\" aria-describedby=\"caption-attachment-87482\" style=\"width: 580px\" class=\"wp-caption alignnone\"><img data-recalc-dims=\"1\" loading=\"lazy\" decoding=\"async\" class=\"size-full wp-image-87482\" src=\"https:\/\/i0.wp.com\/www.eltrabajo.cl\/2017\/wp-content\/uploads\/2018\/07\/SML.jpg?resize=580%2C399\" alt=\"Personal del Servicio M\u00e9dico Legal levant\u00f3 el cuerpo de don Jos\u00e9 Le\u00f3n Galdames para la pr\u00e1ctica de la autopsia de rigor que determinar\u00e1 la causa de muerte.\" width=\"580\" height=\"399\" srcset=\"https:\/\/i0.wp.com\/www.eltrabajo.cl\/2017\/wp-content\/uploads\/2018\/07\/SML.jpg?w=580&amp;ssl=1 580w, https:\/\/i0.wp.com\/www.eltrabajo.cl\/2017\/wp-content\/uploads\/2018\/07\/SML.jpg?resize=300%2C206&amp;ssl=1 300w, https:\/\/i0.wp.com\/www.eltrabajo.cl\/2017\/wp-content\/uploads\/2018\/07\/SML.jpg?resize=150%2C103&amp;ssl=1 150w\" sizes=\"auto, (max-width: 580px) 100vw, 580px\" \/><figcaption id=\"caption-attachment-87482\" class=\"wp-caption-text\">Personal del Servicio M\u00e9dico Legal levant\u00f3 el cuerpo de don Jos\u00e9 Le\u00f3n Galdames para la pr\u00e1ctica de la autopsia de rigor que determinar\u00e1 la causa de muerte.<\/figcaption><\/figure>\n","protected":false},"excerpt":{"rendered":"<div class=\"mh-excerpt\"><p>Jos\u00e9 Le\u00f3n Galdames ten\u00eda 77 a\u00f1os y viv\u00eda solo en avenida Maip\u00fa: El adulto mayor se hizo conocido por sufrir el \u2018Mal de Di\u00f3genes\u2019 acumulando <a class=\"mh-excerpt-more\" href=\"https:\/\/www.eltrabajo.cl\/2017\/conocido-vecino-de-esquina-colorada-es-hallado-sin-vida-en-su-domicilio\/\" title=\"Conocido vecino de Esquina Colorada es hallado sin vida en su domicilio\">[&#8230;]<\/a><\/p>\n<\/div>","protected":false},"author":1,"featured_media":87482,"comment_status":"open","ping_status":"open","sticky":false,"template":"","format":"standard","meta":{"_jetpack_newsletter_access":"","_jetpack_dont_email_post_to_subs":false,"_jetpack_newsletter_tier_id":0,"_jetpack_memberships_contains_paywalled_content":false,"_jetpack_memberships_contains_paid_content":false,"footnotes":""},"categories":[2],"tags":[],"class_list":["post-87479","post","type-post","status-publish","format-standard","has-post-thumbnail","hentry","category-policial"],"nelio_content":{"autoShareEndMode":"never","automationSources":{"useCustomSentences":false,"customSentences":[]},"efiAlt":"","efiUrl":"","followers":[],"highlights":[],"isAutoShareEnabled":true,"networkImageIds":[],"permalinkQueryArgs":[],"series":[],"suggestedReferences":[]},"jetpack_featured_media_url":"https:\/\/i0.wp.com\/www.eltrabajo.cl\/2017\/wp-content\/uploads\/2018\/07\/SML.jpg?fit=580%2C399&ssl=1","jetpack_sharing_enabled":true,"_links":{"self":[{"href":"https:\/\/www.eltrabajo.cl\/2017\/wp-json\/wp\/v2\/posts\/87479","targetHints":{"allow":["GET"]}}],"collection":[{"href":"https:\/\/www.eltrabajo.cl\/2017\/wp-json\/wp\/v2\/posts"}],"about":[{"href":"https:\/\/www.eltrabajo.cl\/2017\/wp-json\/wp\/v2\/types\/post"}],"author":[{"embeddable":true,"href":"https:\/\/www.eltrabajo.cl\/2017\/wp-json\/wp\/v2\/users\/1"}],"replies":[{"embeddable":true,"href":"https:\/\/www.eltrabajo.cl\/2017\/wp-json\/wp\/v2\/comments?post=87479"}],"version-history":[{"count":1,"href":"https:\/\/www.eltrabajo.cl\/2017\/wp-json\/wp\/v2\/posts\/87479\/revisions"}],"predecessor-version":[{"id":87483,"href":"https:\/\/www.eltrabajo.cl\/2017\/wp-json\/wp\/v2\/posts\/87479\/revisions\/87483"}],"wp:featuredmedia":[{"embeddable":true,"href":"https:\/\/www.eltrabajo.cl\/2017\/wp-json\/wp\/v2\/media\/87482"}],"wp:attachment":[{"href":"https:\/\/www.eltrabajo.cl\/2017\/wp-json\/wp\/v2\/media?parent=87479"}],"wp:term":[{"taxonomy":"category","embeddable":true,"href":"https:\/\/www.eltrabajo.cl\/2017\/wp-json\/wp\/v2\/categories?post=87479"},{"taxonomy":"post_tag","embeddable":true,"href":"https:\/\/www.eltrabajo.cl\/2017\/wp-json\/wp\/v2\/tags?post=87479"}],"curies":[{"name":"wp","href":"https:\/\/api.w.org\/{rel}","templated":true}]}}