{"id":87501,"date":"2018-07-27T05:04:56","date_gmt":"2018-07-27T09:04:56","guid":{"rendered":"http:\/\/www.eltrabajo.cl\/2017\/?p=87501"},"modified":"2018-07-26T20:43:06","modified_gmt":"2018-07-27T00:43:06","slug":"tres-delincuentes-asaltan-a-mano-armada-oficina-starken-de-traslavina","status":"publish","type":"post","link":"https:\/\/www.eltrabajo.cl\/2017\/tres-delincuentes-asaltan-a-mano-armada-oficina-starken-de-traslavina\/","title":{"rendered":"Tres delincuentes asaltan a mano armada oficina \u2018Starken\u2019 de Traslavi\u00f1a"},"content":{"rendered":"<figure id=\"attachment_87504\" aria-describedby=\"caption-attachment-87504\" style=\"width: 580px\" class=\"wp-caption alignnone\"><img data-recalc-dims=\"1\" loading=\"lazy\" decoding=\"async\" class=\"size-full wp-image-87504\" src=\"https:\/\/i0.wp.com\/www.eltrabajo.cl\/2017\/wp-content\/uploads\/2018\/07\/frontis-oficina-starken.jpg?resize=580%2C398\" alt=\"La oficina Starken se ubica en calle Traslavi\u00f1a N\u00ba 165 en San Felipe.\" width=\"580\" height=\"398\" srcset=\"https:\/\/i0.wp.com\/www.eltrabajo.cl\/2017\/wp-content\/uploads\/2018\/07\/frontis-oficina-starken.jpg?w=580&amp;ssl=1 580w, https:\/\/i0.wp.com\/www.eltrabajo.cl\/2017\/wp-content\/uploads\/2018\/07\/frontis-oficina-starken.jpg?resize=300%2C206&amp;ssl=1 300w, https:\/\/i0.wp.com\/www.eltrabajo.cl\/2017\/wp-content\/uploads\/2018\/07\/frontis-oficina-starken.jpg?resize=150%2C103&amp;ssl=1 150w\" sizes=\"auto, (max-width: 580px) 100vw, 580px\" \/><figcaption id=\"caption-attachment-87504\" class=\"wp-caption-text\">La oficina Starken se ubica en calle Traslavi\u00f1a N\u00ba 165 en San Felipe.<\/figcaption><\/figure>\n<p><span style=\"color: #ff0000;\"><strong>Intimidaron a trabajador y lo obligaron a lanzarse al suelo:<\/strong><\/span><\/p>\n<ul>\n<li><strong>Delito ocurri\u00f3 a pleno d\u00eda en el centro de San Felipe, cuyos asaltantes habr\u00edan escapado a bordo de un colectivo, logrando apoderarse de dinero en efectivo, tel\u00e9fonos celulares y algunas encomiendas de clientes.<\/strong><\/li>\n<\/ul>\n<p>Un violento asalto a mano armada se registr\u00f3 a plena luz de d\u00eda luego que tres delincuentes, premunidos de un arma de fuego, irrumpieran en las oficinas de encomiendas \u2018Starken\u2019, dependiente de Tur Bus en calle Traslavi\u00f1a 165 de San Felipe, intimidando a un trabajador a quien obligaron a arrojarse al suelo, logrando un bot\u00edn en dinero en efectivo y otras especies.<br \/>\nEl hecho habr\u00eda ocurrido alrededor de las 13:40 horas de este mi\u00e9rcoles, cuando la empresa se preparaba para cerrar el local para hacer uso del horario de colaci\u00f3n, sin embargo los antisociales lograron irrumpir amenazando de muerte con un rev\u00f3lver a uno de los dependientes que se encontraba en el local.<br \/>\nSeg\u00fan el testimonio de la v\u00edctima, los asaltantes registraron las dependencias para apoderarse de un total de $340.000 en dinero en efectivo, dos tel\u00e9fonos celulares y algunas cajas con encomiendas de clientes.<br \/>\nAl lugar concurri\u00f3 personal de Carabineros para iniciar un amplio operativo en b\u00fasqueda de los sujetos, quienes aparentemente, tras una revisi\u00f3n de las c\u00e1maras de seguridad, habr\u00edan escapado a bordo de un colectivo que los esperaba estacionado en la calzada y que est\u00e1 siendo investigado por la polic\u00eda uniformada.<br \/>\nNo obstante tras diversos patrullajes por distintas arterias de la ciudad, Carabineros no logr\u00f3 dar con la captura de los involucrados en estos hechos.<br \/>\nLa polic\u00eda uniformada denunci\u00f3 el hecho como robo con intimidaci\u00f3n, mientras registro de las c\u00e1maras de seguridad ser\u00e1n remitidos a la Fiscal\u00eda de San Felipe.<br \/>\nPese a la gravedad del delito, Carabineros inform\u00f3 que no se registraron personas lesionadas ante este asalto cometido en pleno centro de San Felipe.<br \/>\n<strong>Pablo Salinas Sald\u00edas<\/strong><\/p>\n<figure id=\"attachment_87503\" aria-describedby=\"caption-attachment-87503\" style=\"width: 580px\" class=\"wp-caption alignnone\"><img data-recalc-dims=\"1\" loading=\"lazy\" decoding=\"async\" class=\"size-full wp-image-87503\" src=\"https:\/\/i0.wp.com\/www.eltrabajo.cl\/2017\/wp-content\/uploads\/2018\/07\/captura-asalto-2.jpg?resize=580%2C400\" alt=\"Los sujetos habr\u00edan escapado con dinero en efectivo, tel\u00e9fonos celulares y algunas cajas de encomiendas de clientes.\" width=\"580\" height=\"400\" srcset=\"https:\/\/i0.wp.com\/www.eltrabajo.cl\/2017\/wp-content\/uploads\/2018\/07\/captura-asalto-2.jpg?w=580&amp;ssl=1 580w, https:\/\/i0.wp.com\/www.eltrabajo.cl\/2017\/wp-content\/uploads\/2018\/07\/captura-asalto-2.jpg?resize=300%2C207&amp;ssl=1 300w, https:\/\/i0.wp.com\/www.eltrabajo.cl\/2017\/wp-content\/uploads\/2018\/07\/captura-asalto-2.jpg?resize=150%2C103&amp;ssl=1 150w\" sizes=\"auto, (max-width: 580px) 100vw, 580px\" \/><figcaption id=\"caption-attachment-87503\" class=\"wp-caption-text\">Los sujetos habr\u00edan escapado con dinero en efectivo, tel\u00e9fonos celulares y algunas cajas de encomiendas de clientes.<\/figcaption><\/figure>\n<figure id=\"attachment_87502\" aria-describedby=\"caption-attachment-87502\" style=\"width: 580px\" class=\"wp-caption alignnone\"><img data-recalc-dims=\"1\" loading=\"lazy\" decoding=\"async\" class=\"size-full wp-image-87502\" src=\"https:\/\/i0.wp.com\/www.eltrabajo.cl\/2017\/wp-content\/uploads\/2018\/07\/captura-asalto-1.jpg?resize=580%2C398\" alt=\"Seg\u00fan las diligencias policiales, los asaltantes habr\u00edan huido a bordo de un colectivo.\" width=\"580\" height=\"398\" srcset=\"https:\/\/i0.wp.com\/www.eltrabajo.cl\/2017\/wp-content\/uploads\/2018\/07\/captura-asalto-1.jpg?w=580&amp;ssl=1 580w, https:\/\/i0.wp.com\/www.eltrabajo.cl\/2017\/wp-content\/uploads\/2018\/07\/captura-asalto-1.jpg?resize=300%2C206&amp;ssl=1 300w, https:\/\/i0.wp.com\/www.eltrabajo.cl\/2017\/wp-content\/uploads\/2018\/07\/captura-asalto-1.jpg?resize=150%2C103&amp;ssl=1 150w\" sizes=\"auto, (max-width: 580px) 100vw, 580px\" \/><figcaption id=\"caption-attachment-87502\" class=\"wp-caption-text\">Seg\u00fan las diligencias policiales, los asaltantes habr\u00edan huido a bordo de un colectivo.<\/figcaption><\/figure>\n","protected":false},"excerpt":{"rendered":"<div class=\"mh-excerpt\"><p>Intimidaron a trabajador y lo obligaron a lanzarse al suelo: Delito ocurri\u00f3 a pleno d\u00eda en el centro de San Felipe, cuyos asaltantes habr\u00edan escapado <a class=\"mh-excerpt-more\" href=\"https:\/\/www.eltrabajo.cl\/2017\/tres-delincuentes-asaltan-a-mano-armada-oficina-starken-de-traslavina\/\" title=\"Tres delincuentes asaltan a mano armada oficina \u2018Starken\u2019 de Traslavi\u00f1a\">[&#8230;]<\/a><\/p>\n<\/div>","protected":false},"author":1,"featured_media":87502,"comment_status":"open","ping_status":"open","sticky":false,"template":"","format":"standard","meta":{"_jetpack_newsletter_access":"","_jetpack_dont_email_post_to_subs":false,"_jetpack_newsletter_tier_id":0,"_jetpack_memberships_contains_paywalled_content":false,"_jetpack_memberships_contains_paid_content":false,"footnotes":""},"categories":[2],"tags":[],"class_list":["post-87501","post","type-post","status-publish","format-standard","has-post-thumbnail","hentry","category-policial"],"nelio_content":{"autoShareEndMode":"never","automationSources":{"useCustomSentences":false,"customSentences":[]},"efiAlt":"","efiUrl":"","followers":[],"highlights":[],"isAutoShareEnabled":true,"networkImageIds":[],"permalinkQueryArgs":[],"series":[],"suggestedReferences":[]},"jetpack_featured_media_url":"https:\/\/i0.wp.com\/www.eltrabajo.cl\/2017\/wp-content\/uploads\/2018\/07\/captura-asalto-1.jpg?fit=580%2C398&ssl=1","jetpack_sharing_enabled":true,"_links":{"self":[{"href":"https:\/\/www.eltrabajo.cl\/2017\/wp-json\/wp\/v2\/posts\/87501","targetHints":{"allow":["GET"]}}],"collection":[{"href":"https:\/\/www.eltrabajo.cl\/2017\/wp-json\/wp\/v2\/posts"}],"about":[{"href":"https:\/\/www.eltrabajo.cl\/2017\/wp-json\/wp\/v2\/types\/post"}],"author":[{"embeddable":true,"href":"https:\/\/www.eltrabajo.cl\/2017\/wp-json\/wp\/v2\/users\/1"}],"replies":[{"embeddable":true,"href":"https:\/\/www.eltrabajo.cl\/2017\/wp-json\/wp\/v2\/comments?post=87501"}],"version-history":[{"count":1,"href":"https:\/\/www.eltrabajo.cl\/2017\/wp-json\/wp\/v2\/posts\/87501\/revisions"}],"predecessor-version":[{"id":87505,"href":"https:\/\/www.eltrabajo.cl\/2017\/wp-json\/wp\/v2\/posts\/87501\/revisions\/87505"}],"wp:featuredmedia":[{"embeddable":true,"href":"https:\/\/www.eltrabajo.cl\/2017\/wp-json\/wp\/v2\/media\/87502"}],"wp:attachment":[{"href":"https:\/\/www.eltrabajo.cl\/2017\/wp-json\/wp\/v2\/media?parent=87501"}],"wp:term":[{"taxonomy":"category","embeddable":true,"href":"https:\/\/www.eltrabajo.cl\/2017\/wp-json\/wp\/v2\/categories?post=87501"},{"taxonomy":"post_tag","embeddable":true,"href":"https:\/\/www.eltrabajo.cl\/2017\/wp-json\/wp\/v2\/tags?post=87501"}],"curies":[{"name":"wp","href":"https:\/\/api.w.org\/{rel}","templated":true}]}}