{"id":87509,"date":"2018-07-30T05:01:07","date_gmt":"2018-07-30T09:01:07","guid":{"rendered":"http:\/\/www.eltrabajo.cl\/2017\/?p=87509"},"modified":"2018-07-29T21:15:56","modified_gmt":"2018-07-30T01:15:56","slug":"triple-colision-en-camino-los-villares-deja-tres-personas-heridas","status":"publish","type":"post","link":"https:\/\/www.eltrabajo.cl\/2017\/triple-colision-en-camino-los-villares-deja-tres-personas-heridas\/","title":{"rendered":"Triple colisi\u00f3n en camino Los Villares deja tres personas heridas"},"content":{"rendered":"<figure id=\"attachment_87511\" aria-describedby=\"caption-attachment-87511\" style=\"width: 580px\" class=\"wp-caption alignnone\"><img data-recalc-dims=\"1\" loading=\"lazy\" decoding=\"async\" class=\"size-full wp-image-87511\" src=\"https:\/\/i0.wp.com\/www.eltrabajo.cl\/2017\/wp-content\/uploads\/2018\/07\/Choque2.jpg?resize=580%2C399\" alt=\"El autom\u00f3vil Peugeot matr\u00edcula XD 21-64, con dos ocupantes en su interior, se desplazaba hacia el oriente, y habr\u00eda efectuando una maniobra de adelantamiento colisionando al Microbus.\" width=\"580\" height=\"399\" srcset=\"https:\/\/i0.wp.com\/www.eltrabajo.cl\/2017\/wp-content\/uploads\/2018\/07\/Choque2.jpg?w=580&amp;ssl=1 580w, https:\/\/i0.wp.com\/www.eltrabajo.cl\/2017\/wp-content\/uploads\/2018\/07\/Choque2.jpg?resize=300%2C206&amp;ssl=1 300w, https:\/\/i0.wp.com\/www.eltrabajo.cl\/2017\/wp-content\/uploads\/2018\/07\/Choque2.jpg?resize=150%2C103&amp;ssl=1 150w\" sizes=\"auto, (max-width: 580px) 100vw, 580px\" \/><figcaption id=\"caption-attachment-87511\" class=\"wp-caption-text\">El autom\u00f3vil Peugeot matr\u00edcula XD 21-64, con dos ocupantes en su interior, se desplazaba hacia el oriente, y habr\u00eda efectuando una maniobra de adelantamiento colisionando al Microbus.<\/figcaption><\/figure>\n<p><span style=\"color: #ff0000;\"><strong>RINCONADA<\/strong><\/span>.- Tres personas heridas de diversa consideraci\u00f3n fue el saldo de una triple colisi\u00f3n ocurrida la ma\u00f1ana de este s\u00e1bado en el camino Los Villares. De acuerdo a los antecedentes entregados por Bomberos, la emergencia se produjo aproximadamente a las 11:40 horas en cruce Los Villares con Callej\u00f3n Los Placeres, e involucr\u00f3 a un microb\u00fas de la empresa Portus que realizaba el trayecto entre Los Andes y Rinconada y dos autom\u00f3viles particulares.<br \/>\nEl segundo comandante del Cuerpo de Bomberos de Rinconada, Horacio Astargo, manifest\u00f3 que conforme a los antecedentes preliminares reunidos, un autom\u00f3vil Peugeot matr\u00edcula XD 21-64, con dos ocupantes en su interior, que se desplazaba hacia el oriente, habr\u00eda efectuando una maniobra de adelantamiento colisionando al Microbus.<br \/>\nTras el impacto, el Peugeot colision\u00f3 con un autom\u00f3vil Kia modelo Cerato, patente KR WX 72, que iba en el mismo sentido, volcando el primero y quedando sobre un mont\u00edculo el segundo. El Comandante Astargo indic\u00f3 que los dos ocupantes del Peugeot quedaron atrapados en el interior de la deformaba cabida, trabajando en conjunto las Unidades de Rescate de Bomberos de Los Andes y Rinconada.<br \/>\nPosteriormente los dos ocupantes del Peugeot y la conductora del KIA fueron entregados a Samu y trasladados hasta el Servicio de Urgencia del Hospital San Juan de Dios.<br \/>\nAsimismo, el jefe bomberil de Rinconada inform\u00f3 que el conductor y dos pasajeros que viajaban en el microb\u00fas salvaron ilesos. A ra\u00edz de esta emergencia el tr\u00e1nsito se mantuvo suspendido por cerca de media hora. En tanto, Carabineros de Los Andes y Calle Larga quedaron a cargo del procedimiento para establecer las causas de este accidente.<\/p>\n<figure id=\"attachment_87510\" aria-describedby=\"caption-attachment-87510\" style=\"width: 580px\" class=\"wp-caption alignnone\"><img data-recalc-dims=\"1\" loading=\"lazy\" decoding=\"async\" class=\"size-full wp-image-87510\" src=\"https:\/\/i0.wp.com\/www.eltrabajo.cl\/2017\/wp-content\/uploads\/2018\/07\/Choque1.jpg?resize=580%2C399\" alt=\"Tras el impacto, el Peugeot colision\u00f3 con un autom\u00f3vil Kia modelo Cerato, patente KR WX 72, que iba en el mismo sentido, volcando el primero y quedando sobre un mont\u00edculo el segundo.\" width=\"580\" height=\"399\" srcset=\"https:\/\/i0.wp.com\/www.eltrabajo.cl\/2017\/wp-content\/uploads\/2018\/07\/Choque1.jpg?w=580&amp;ssl=1 580w, https:\/\/i0.wp.com\/www.eltrabajo.cl\/2017\/wp-content\/uploads\/2018\/07\/Choque1.jpg?resize=300%2C206&amp;ssl=1 300w, https:\/\/i0.wp.com\/www.eltrabajo.cl\/2017\/wp-content\/uploads\/2018\/07\/Choque1.jpg?resize=150%2C103&amp;ssl=1 150w\" sizes=\"auto, (max-width: 580px) 100vw, 580px\" \/><figcaption id=\"caption-attachment-87510\" class=\"wp-caption-text\">Tras el impacto, el Peugeot colision\u00f3 con un autom\u00f3vil Kia modelo Cerato, patente KR WX 72, que iba en el mismo sentido, volcando el primero y quedando sobre un mont\u00edculo el segundo.<\/figcaption><\/figure>\n<figure id=\"attachment_87512\" aria-describedby=\"caption-attachment-87512\" style=\"width: 580px\" class=\"wp-caption alignnone\"><img data-recalc-dims=\"1\" loading=\"lazy\" decoding=\"async\" class=\"size-full wp-image-87512\" src=\"https:\/\/i0.wp.com\/www.eltrabajo.cl\/2017\/wp-content\/uploads\/2018\/07\/Choque3.jpg?resize=580%2C399\" alt=\"La emergencia se produjo aproximadamente a las 11:40 horas en cruce Los Villares con Callej\u00f3n Los Placeres.\" width=\"580\" height=\"399\" srcset=\"https:\/\/i0.wp.com\/www.eltrabajo.cl\/2017\/wp-content\/uploads\/2018\/07\/Choque3.jpg?w=580&amp;ssl=1 580w, https:\/\/i0.wp.com\/www.eltrabajo.cl\/2017\/wp-content\/uploads\/2018\/07\/Choque3.jpg?resize=300%2C206&amp;ssl=1 300w, https:\/\/i0.wp.com\/www.eltrabajo.cl\/2017\/wp-content\/uploads\/2018\/07\/Choque3.jpg?resize=150%2C103&amp;ssl=1 150w\" sizes=\"auto, (max-width: 580px) 100vw, 580px\" \/><figcaption id=\"caption-attachment-87512\" class=\"wp-caption-text\">La emergencia se produjo aproximadamente a las 11:40 horas en cruce Los Villares con Callej\u00f3n Los Placeres.<\/figcaption><\/figure>\n","protected":false},"excerpt":{"rendered":"<div class=\"mh-excerpt\"><p>RINCONADA.- Tres personas heridas de diversa consideraci\u00f3n fue el saldo de una triple colisi\u00f3n ocurrida la ma\u00f1ana de este s\u00e1bado en el camino Los Villares. <a class=\"mh-excerpt-more\" href=\"https:\/\/www.eltrabajo.cl\/2017\/triple-colision-en-camino-los-villares-deja-tres-personas-heridas\/\" title=\"Triple colisi\u00f3n en camino Los Villares deja tres personas heridas\">[&#8230;]<\/a><\/p>\n<\/div>","protected":false},"author":1,"featured_media":87510,"comment_status":"open","ping_status":"open","sticky":false,"template":"","format":"standard","meta":{"_jetpack_newsletter_access":"","_jetpack_dont_email_post_to_subs":false,"_jetpack_newsletter_tier_id":0,"_jetpack_memberships_contains_paywalled_content":false,"_jetpack_memberships_contains_paid_content":false,"footnotes":""},"categories":[2],"tags":[],"class_list":["post-87509","post","type-post","status-publish","format-standard","has-post-thumbnail","hentry","category-policial"],"nelio_content":{"autoShareEndMode":"never","automationSources":{"useCustomSentences":false,"customSentences":[]},"efiAlt":"","efiUrl":"","followers":[],"highlights":[],"isAutoShareEnabled":true,"networkImageIds":[],"permalinkQueryArgs":[],"series":[],"suggestedReferences":[]},"jetpack_featured_media_url":"https:\/\/i0.wp.com\/www.eltrabajo.cl\/2017\/wp-content\/uploads\/2018\/07\/Choque1.jpg?fit=580%2C399&ssl=1","jetpack_sharing_enabled":true,"_links":{"self":[{"href":"https:\/\/www.eltrabajo.cl\/2017\/wp-json\/wp\/v2\/posts\/87509","targetHints":{"allow":["GET"]}}],"collection":[{"href":"https:\/\/www.eltrabajo.cl\/2017\/wp-json\/wp\/v2\/posts"}],"about":[{"href":"https:\/\/www.eltrabajo.cl\/2017\/wp-json\/wp\/v2\/types\/post"}],"author":[{"embeddable":true,"href":"https:\/\/www.eltrabajo.cl\/2017\/wp-json\/wp\/v2\/users\/1"}],"replies":[{"embeddable":true,"href":"https:\/\/www.eltrabajo.cl\/2017\/wp-json\/wp\/v2\/comments?post=87509"}],"version-history":[{"count":2,"href":"https:\/\/www.eltrabajo.cl\/2017\/wp-json\/wp\/v2\/posts\/87509\/revisions"}],"predecessor-version":[{"id":87529,"href":"https:\/\/www.eltrabajo.cl\/2017\/wp-json\/wp\/v2\/posts\/87509\/revisions\/87529"}],"wp:featuredmedia":[{"embeddable":true,"href":"https:\/\/www.eltrabajo.cl\/2017\/wp-json\/wp\/v2\/media\/87510"}],"wp:attachment":[{"href":"https:\/\/www.eltrabajo.cl\/2017\/wp-json\/wp\/v2\/media?parent=87509"}],"wp:term":[{"taxonomy":"category","embeddable":true,"href":"https:\/\/www.eltrabajo.cl\/2017\/wp-json\/wp\/v2\/categories?post=87509"},{"taxonomy":"post_tag","embeddable":true,"href":"https:\/\/www.eltrabajo.cl\/2017\/wp-json\/wp\/v2\/tags?post=87509"}],"curies":[{"name":"wp","href":"https:\/\/api.w.org\/{rel}","templated":true}]}}