{"id":87514,"date":"2018-07-30T05:02:33","date_gmt":"2018-07-30T09:02:33","guid":{"rendered":"http:\/\/www.eltrabajo.cl\/2017\/?p=87514"},"modified":"2018-07-29T21:09:46","modified_gmt":"2018-07-30T01:09:46","slug":"delincuentes-ingresan-a-robar-especies-mientras-duena-de-casa-dormia","status":"publish","type":"post","link":"https:\/\/www.eltrabajo.cl\/2017\/delincuentes-ingresan-a-robar-especies-mientras-duena-de-casa-dormia\/","title":{"rendered":"Delincuentes ingresan a robar especies mientras due\u00f1a de casa dorm\u00eda"},"content":{"rendered":"<figure id=\"attachment_87515\" aria-describedby=\"caption-attachment-87515\" style=\"width: 578px\" class=\"wp-caption alignnone\"><img data-recalc-dims=\"1\" loading=\"lazy\" decoding=\"async\" class=\"size-full wp-image-87515\" src=\"https:\/\/i0.wp.com\/www.eltrabajo.cl\/2017\/wp-content\/uploads\/2018\/07\/PATRULLA-CARABINEROS.jpg?resize=578%2C400\" alt=\"Carabineros adopt\u00f3 la denuncia de la vecina afectada por delincuentes que invadieron su propiedad mientras ella dorm\u00eda. (Foto Archivo).\" width=\"578\" height=\"400\" srcset=\"https:\/\/i0.wp.com\/www.eltrabajo.cl\/2017\/wp-content\/uploads\/2018\/07\/PATRULLA-CARABINEROS.jpg?w=578&amp;ssl=1 578w, https:\/\/i0.wp.com\/www.eltrabajo.cl\/2017\/wp-content\/uploads\/2018\/07\/PATRULLA-CARABINEROS.jpg?resize=300%2C208&amp;ssl=1 300w, https:\/\/i0.wp.com\/www.eltrabajo.cl\/2017\/wp-content\/uploads\/2018\/07\/PATRULLA-CARABINEROS.jpg?resize=150%2C104&amp;ssl=1 150w\" sizes=\"auto, (max-width: 578px) 100vw, 578px\" \/><figcaption id=\"caption-attachment-87515\" class=\"wp-caption-text\">Carabineros adopt\u00f3 la denuncia de la vecina afectada por delincuentes que invadieron su propiedad mientras ella dorm\u00eda. (Foto Archivo).<\/figcaption><\/figure>\n<p><span style=\"color: #ff0000;\"><strong>De madrugada en Poblaci\u00f3n San Felipe:<\/strong><\/span><\/p>\n<ul>\n<li><strong>Carabineros no ha logrado establecer la identidad del o los sujetos que habr\u00edan cometido este delito, remitiendo los antecedentes del caso a la Fiscal\u00eda de San Felipe.<\/strong><\/li>\n<\/ul>\n<p>En plena madrugada de este viernes se origin\u00f3 un robo de especies efectuado por delincuentes que ingresaron hasta una vivienda ubicada en Calle Julio Figuera de Poblaci\u00f3n San Felipe, mientras la due\u00f1a de casa dorm\u00eda.<br \/>\nSeg\u00fan revela la vecina afectada, los sujetos habr\u00edan escalado el inmueble a eso de las 05:30 horas, accediendo por la puerta de la cocina, sustrayendo especies detalladas como un televisor de 32 pulgadas, una cafetera, dos pares de lentes y una cartera. Posteriormente los antisociales huyeron en direcci\u00f3n desconocida, sin lograr establecerse hasta el momento la identidad del o los autores del hecho.<br \/>\nAl lugar concurri\u00f3 personal de Carabineros adoptando la denuncia de la afectada quien avalu\u00f3 las especies sustra\u00eddas en $250.000. La vivienda no contaba con sistema de alarma ni registro de c\u00e1maras de seguridad. La Polic\u00eda uniformada remiti\u00f3 los antecedentes a la Fiscal\u00eda de San Felipe.<br \/>\n<strong>Pablo Salinas Sald\u00edas<\/strong><\/p>\n","protected":false},"excerpt":{"rendered":"<div class=\"mh-excerpt\"><p>De madrugada en Poblaci\u00f3n San Felipe: Carabineros no ha logrado establecer la identidad del o los sujetos que habr\u00edan cometido este delito, remitiendo los antecedentes <a class=\"mh-excerpt-more\" href=\"https:\/\/www.eltrabajo.cl\/2017\/delincuentes-ingresan-a-robar-especies-mientras-duena-de-casa-dormia\/\" title=\"Delincuentes ingresan a robar especies mientras due\u00f1a de casa dorm\u00eda\">[&#8230;]<\/a><\/p>\n<\/div>","protected":false},"author":1,"featured_media":87515,"comment_status":"open","ping_status":"open","sticky":false,"template":"","format":"standard","meta":{"_jetpack_newsletter_access":"","_jetpack_dont_email_post_to_subs":false,"_jetpack_newsletter_tier_id":0,"_jetpack_memberships_contains_paywalled_content":false,"_jetpack_memberships_contains_paid_content":false,"footnotes":""},"categories":[2],"tags":[],"class_list":["post-87514","post","type-post","status-publish","format-standard","has-post-thumbnail","hentry","category-policial"],"nelio_content":{"autoShareEndMode":"never","automationSources":{"useCustomSentences":false,"customSentences":[]},"efiAlt":"","efiUrl":"","followers":[],"highlights":[],"isAutoShareEnabled":true,"networkImageIds":[],"permalinkQueryArgs":[],"series":[],"suggestedReferences":[]},"jetpack_featured_media_url":"https:\/\/i0.wp.com\/www.eltrabajo.cl\/2017\/wp-content\/uploads\/2018\/07\/PATRULLA-CARABINEROS.jpg?fit=578%2C400&ssl=1","jetpack_sharing_enabled":true,"_links":{"self":[{"href":"https:\/\/www.eltrabajo.cl\/2017\/wp-json\/wp\/v2\/posts\/87514","targetHints":{"allow":["GET"]}}],"collection":[{"href":"https:\/\/www.eltrabajo.cl\/2017\/wp-json\/wp\/v2\/posts"}],"about":[{"href":"https:\/\/www.eltrabajo.cl\/2017\/wp-json\/wp\/v2\/types\/post"}],"author":[{"embeddable":true,"href":"https:\/\/www.eltrabajo.cl\/2017\/wp-json\/wp\/v2\/users\/1"}],"replies":[{"embeddable":true,"href":"https:\/\/www.eltrabajo.cl\/2017\/wp-json\/wp\/v2\/comments?post=87514"}],"version-history":[{"count":1,"href":"https:\/\/www.eltrabajo.cl\/2017\/wp-json\/wp\/v2\/posts\/87514\/revisions"}],"predecessor-version":[{"id":87516,"href":"https:\/\/www.eltrabajo.cl\/2017\/wp-json\/wp\/v2\/posts\/87514\/revisions\/87516"}],"wp:featuredmedia":[{"embeddable":true,"href":"https:\/\/www.eltrabajo.cl\/2017\/wp-json\/wp\/v2\/media\/87515"}],"wp:attachment":[{"href":"https:\/\/www.eltrabajo.cl\/2017\/wp-json\/wp\/v2\/media?parent=87514"}],"wp:term":[{"taxonomy":"category","embeddable":true,"href":"https:\/\/www.eltrabajo.cl\/2017\/wp-json\/wp\/v2\/categories?post=87514"},{"taxonomy":"post_tag","embeddable":true,"href":"https:\/\/www.eltrabajo.cl\/2017\/wp-json\/wp\/v2\/tags?post=87514"}],"curies":[{"name":"wp","href":"https:\/\/api.w.org\/{rel}","templated":true}]}}