{"id":87526,"date":"2018-07-30T05:05:02","date_gmt":"2018-07-30T09:05:02","guid":{"rendered":"http:\/\/www.eltrabajo.cl\/2017\/?p=87526"},"modified":"2018-07-29T21:15:15","modified_gmt":"2018-07-30T01:15:15","slug":"conocido-futbolista-es-hallado-muerto-en-medio-de-la-cancha-municipal","status":"publish","type":"post","link":"https:\/\/www.eltrabajo.cl\/2017\/conocido-futbolista-es-hallado-muerto-en-medio-de-la-cancha-municipal\/","title":{"rendered":"Conocido futbolista es hallado muerto en medio de la cancha municipal"},"content":{"rendered":"<figure id=\"attachment_87527\" aria-describedby=\"caption-attachment-87527\" style=\"width: 580px\" class=\"wp-caption alignnone\"><img data-recalc-dims=\"1\" loading=\"lazy\" decoding=\"async\" class=\"size-full wp-image-87527\" src=\"https:\/\/i0.wp.com\/www.eltrabajo.cl\/2017\/wp-content\/uploads\/2018\/07\/PAULO-CESAR-MANZANO-AGUILERA.jpg?resize=580%2C399\" alt=\"Paulo C\u00e9sar Manzano Aguilera ten\u00eda 40 a\u00f1os de edad y su cuerpo fue hallado sin vida la ma\u00f1ana de ayer domingo en el Estadio Municipal de Catemu.\" width=\"580\" height=\"399\" srcset=\"https:\/\/i0.wp.com\/www.eltrabajo.cl\/2017\/wp-content\/uploads\/2018\/07\/PAULO-CESAR-MANZANO-AGUILERA.jpg?w=580&amp;ssl=1 580w, https:\/\/i0.wp.com\/www.eltrabajo.cl\/2017\/wp-content\/uploads\/2018\/07\/PAULO-CESAR-MANZANO-AGUILERA.jpg?resize=300%2C206&amp;ssl=1 300w, https:\/\/i0.wp.com\/www.eltrabajo.cl\/2017\/wp-content\/uploads\/2018\/07\/PAULO-CESAR-MANZANO-AGUILERA.jpg?resize=150%2C103&amp;ssl=1 150w\" sizes=\"auto, (max-width: 580px) 100vw, 580px\" \/><figcaption id=\"caption-attachment-87527\" class=\"wp-caption-text\">Paulo C\u00e9sar Manzano Aguilera ten\u00eda 40 a\u00f1os de edad y su cuerpo fue hallado sin vida la ma\u00f1ana de ayer domingo en el Estadio Municipal de Catemu.<\/figcaption><\/figure>\n<p><span style=\"color: #ff0000;\"><strong>Paulo Manzano \u2018El Cachant\u00fan\u2019 habr\u00eda fallecido de un infarto:<\/strong><\/span><\/p>\n<ul>\n<li><strong>Su cuerpo fue hallado en horas de la ma\u00f1ana de ayer domingo en el Estadio Municipal de Catemu. Manzano era padre de familia y pertenec\u00eda al Club Deportivo de F\u00fatbol Amateur Arco Iris.<\/strong><\/li>\n<\/ul>\n<p>Enorme consternaci\u00f3n se origin\u00f3 en la comuna de Catemu luego de conocerse el lamentablemente fallecimiento de un padre de familia y futbolista, identificado como Paulo C\u00e9sar Manzano Aguilera, de 40 a\u00f1os de edad, quien fue hallado sin vida al interior del Estadio Municipal de esa localidad cerca del mediod\u00eda de ayer domingo.<br \/>\nSeg\u00fan inform\u00f3 Carabineros, el hallazgo del cad\u00e1ver lo efectu\u00f3 el cuidador del recinto municipal ubicado en Calle Ignacio Carrera Pinto, quien al dirigirse al medio de la cancha divis\u00f3 el cuerpo de una persona de sexo masculino tendida sobre el c\u00e9sped, percat\u00e1ndose que no manten\u00eda signos vitales, dando cuenta del hecho a la Polic\u00eda uniformada.<br \/>\nEn el sitio del suceso los funcionarios policiales lograron acreditar el deceso y la identificaci\u00f3n de la persona fallecida, informando del hecho al Fiscal de Turno, quien dispuso de la concurrencia de la Brigada de Homicidios de la Polic\u00eda de Investigaciones de Los Andes para efectuar las pericias en terreno.<br \/>\nAntecedentes preliminares al cuerpo dar\u00edan cuenta que la persona hallada habr\u00eda fallecido producto de un infarto, descart\u00e1ndose la intervenci\u00f3n de terceros en el hecho seg\u00fan el an\u00e1lisis externo al cuerpo.<br \/>\nSin embargo el personal del Servicio M\u00e9dico Legal ser\u00e1 el encargado de determinar con exactitud la causa de muerto tras la pr\u00e1ctica de la autopsia de rigor.<br \/>\nPaulo Manzano, era conocido en la comuna de Catemu como \u2018El Cachant\u00fan\u2019, destacado arquero del Club Deportivo Arco Iris de esa localidad, debiendo suspenderse un partido agendando que se disputar\u00eda el d\u00eda de ayer a ra\u00edz de esta lamentable p\u00e9rdida.<br \/>\n<strong>Pablo Salinas Sald\u00edas<\/strong><\/p>\n","protected":false},"excerpt":{"rendered":"<div class=\"mh-excerpt\"><p>Paulo Manzano \u2018El Cachant\u00fan\u2019 habr\u00eda fallecido de un infarto: Su cuerpo fue hallado en horas de la ma\u00f1ana de ayer domingo en el Estadio Municipal <a class=\"mh-excerpt-more\" href=\"https:\/\/www.eltrabajo.cl\/2017\/conocido-futbolista-es-hallado-muerto-en-medio-de-la-cancha-municipal\/\" title=\"Conocido futbolista es hallado muerto en medio de la cancha municipal\">[&#8230;]<\/a><\/p>\n<\/div>","protected":false},"author":1,"featured_media":87527,"comment_status":"open","ping_status":"open","sticky":false,"template":"","format":"standard","meta":{"_jetpack_newsletter_access":"","_jetpack_dont_email_post_to_subs":false,"_jetpack_newsletter_tier_id":0,"_jetpack_memberships_contains_paywalled_content":false,"_jetpack_memberships_contains_paid_content":false,"footnotes":""},"categories":[2],"tags":[],"class_list":["post-87526","post","type-post","status-publish","format-standard","has-post-thumbnail","hentry","category-policial"],"nelio_content":{"autoShareEndMode":"never","automationSources":{"useCustomSentences":false,"customSentences":[]},"efiAlt":"","efiUrl":"","followers":[],"highlights":[],"isAutoShareEnabled":true,"networkImageIds":[],"permalinkQueryArgs":[],"series":[],"suggestedReferences":[]},"jetpack_featured_media_url":"https:\/\/i0.wp.com\/www.eltrabajo.cl\/2017\/wp-content\/uploads\/2018\/07\/PAULO-CESAR-MANZANO-AGUILERA.jpg?fit=580%2C399&ssl=1","jetpack_sharing_enabled":true,"_links":{"self":[{"href":"https:\/\/www.eltrabajo.cl\/2017\/wp-json\/wp\/v2\/posts\/87526","targetHints":{"allow":["GET"]}}],"collection":[{"href":"https:\/\/www.eltrabajo.cl\/2017\/wp-json\/wp\/v2\/posts"}],"about":[{"href":"https:\/\/www.eltrabajo.cl\/2017\/wp-json\/wp\/v2\/types\/post"}],"author":[{"embeddable":true,"href":"https:\/\/www.eltrabajo.cl\/2017\/wp-json\/wp\/v2\/users\/1"}],"replies":[{"embeddable":true,"href":"https:\/\/www.eltrabajo.cl\/2017\/wp-json\/wp\/v2\/comments?post=87526"}],"version-history":[{"count":1,"href":"https:\/\/www.eltrabajo.cl\/2017\/wp-json\/wp\/v2\/posts\/87526\/revisions"}],"predecessor-version":[{"id":87528,"href":"https:\/\/www.eltrabajo.cl\/2017\/wp-json\/wp\/v2\/posts\/87526\/revisions\/87528"}],"wp:featuredmedia":[{"embeddable":true,"href":"https:\/\/www.eltrabajo.cl\/2017\/wp-json\/wp\/v2\/media\/87527"}],"wp:attachment":[{"href":"https:\/\/www.eltrabajo.cl\/2017\/wp-json\/wp\/v2\/media?parent=87526"}],"wp:term":[{"taxonomy":"category","embeddable":true,"href":"https:\/\/www.eltrabajo.cl\/2017\/wp-json\/wp\/v2\/categories?post=87526"},{"taxonomy":"post_tag","embeddable":true,"href":"https:\/\/www.eltrabajo.cl\/2017\/wp-json\/wp\/v2\/tags?post=87526"}],"curies":[{"name":"wp","href":"https:\/\/api.w.org\/{rel}","templated":true}]}}