{"id":87530,"date":"2018-07-30T05:06:13","date_gmt":"2018-07-30T09:06:13","guid":{"rendered":"http:\/\/www.eltrabajo.cl\/2017\/?p=87530"},"modified":"2018-07-31T08:40:09","modified_gmt":"2018-07-31T12:40:09","slug":"hampa-extranjera-empieza-ya-con-los-atracos-en-nuestra-comuna","status":"publish","type":"post","link":"https:\/\/www.eltrabajo.cl\/2017\/hampa-extranjera-empieza-ya-con-los-atracos-en-nuestra-comuna\/","title":{"rendered":"Hampa extranjera empieza ya con los atracos en nuestra comuna"},"content":{"rendered":"<figure id=\"attachment_87532\" aria-describedby=\"caption-attachment-87532\" style=\"width: 580px\" class=\"wp-caption alignnone\"><img data-recalc-dims=\"1\" loading=\"lazy\" decoding=\"async\" class=\"size-full wp-image-87532\" src=\"https:\/\/i0.wp.com\/www.eltrabajo.cl\/2017\/wp-content\/uploads\/2018\/07\/Robos2.jpg?resize=580%2C400\" alt=\"Las c\u00e1maras en estos locales registraron cada movimiento de estos supuestos hampones extranjeros.\" width=\"580\" height=\"400\" srcset=\"https:\/\/i0.wp.com\/www.eltrabajo.cl\/2017\/wp-content\/uploads\/2018\/07\/Robos2.jpg?w=580&amp;ssl=1 580w, https:\/\/i0.wp.com\/www.eltrabajo.cl\/2017\/wp-content\/uploads\/2018\/07\/Robos2.jpg?resize=300%2C207&amp;ssl=1 300w, https:\/\/i0.wp.com\/www.eltrabajo.cl\/2017\/wp-content\/uploads\/2018\/07\/Robos2.jpg?resize=150%2C103&amp;ssl=1 150w\" sizes=\"auto, (max-width: 580px) 100vw, 580px\" \/><figcaption id=\"caption-attachment-87532\" class=\"wp-caption-text\">Las c\u00e1maras en estos locales registraron cada movimiento de estos supuestos hampones extranjeros.<\/figcaption><\/figure>\n<p><span style=\"color: #ff0000;\"><strong>En una semana comete dos violentos asaltos:<\/strong><\/span><\/p>\n<p>En una semana, dos negocios ubicados en Poblaci\u00f3n Yungay de San Felipe, fueron asaltados, seg\u00fan las v\u00edctimas, al parecer estos delincuentes son extranjeros. El primero de ellos ocurri\u00f3 el d\u00eda domingo 15 de julio a eso de las 19:00 horas y afect\u00f3 al local de abarrotes y bazar San Alonso, ubicado en Calle \u00c1reas Verdes, en donde se ubican los departamentos, el segundo en Calle Joaqu\u00edn Oliva, frente al Colegio Sagrado Coraz\u00f3n.<br \/>\nEn el primero Ximena Ortiz, hermana de la v\u00edctima, ese d\u00eda a las siete de la tarde un grupo de cinco delincuentes encapuchados y con pistola en mano, asaltaron a su hermano, \u201cle pusieron la pistola en la cabeza, le dijeron que no se moviera sino lo mataban entraron cinco sujetos encapuchados, me robaron todo cigarros, plata bebidas, cajas de bebidas, chuletas, hamburguesas, todo lo que pudieron llevarse se lo llevaron, en dinero eso signific\u00f3 una p\u00e9rdida de casi un mill\u00f3n de pesos\u2026eso es mucho\u201d, se\u00f1al\u00f3 Ortiz.<\/p>\n<p><span style=\"color: #ff0000;\"><strong>SER\u00cdAN EXTRANJEROS<\/strong><\/span><br \/>\nLa afectada indic\u00f3 que su hermano le indic\u00f3 que no se trata de delincuentes chilenos, \u201cpueda ser que por su acento sean ecuatorianos o colombianos, no hablaron ning\u00fan tipo de groser\u00eda, solamente actuaron, menos mal que a mi hermano no le hicieron nada, porque \u00e9l no opuso resistencia, por lo que lesiones no tuvo, ahora se encuentra bien, eso es lo m\u00e1s importante, los cinco delincuentes se movilizaban en un autom\u00f3vil\u201d, se\u00f1al\u00f3 la hermana del afectado.<br \/>\nComent\u00f3 la vecina que es primera vez que les sucede un hecho de esta naturaleza, por lo que ahora van a tener que estar m\u00e1s atentos a las personas que entran al su local, teniendo siempre el cuidado necesario, \u201cporque igual han venido a mirar, uno ya los tiene identificados, no sabr\u00eda decir si son los mismos pero hay gente que mira y avisa, porque he visto gente que nunca hab\u00eda visto aqu\u00ed, vienen d\u00eda por medio teniendo en cuenta que este sector era tranquilo, ahora se ha puesto malito, pero ya como que tenemos identificados a los que est\u00e1n pasando de manera m\u00e1s frecuente\u201d, indic\u00f3 Ximena.<\/p>\n<p><span style=\"color: #ff0000;\"><strong>OTRO ASALTO<\/strong><\/span><br \/>\nEn tanto, el d\u00eda s\u00e1bado 21 de julio faltando 15 minutos para las siete de la tarde en un negocio familiar ubicado en Calle Joaqu\u00edn Oliva, frente al Colegio Sagrado Coraz\u00f3n, en ese lugar dos delincuentes asaltaron a los dependientes, e incluso agredieron a la mujer en la cabeza.<br \/>\nEl due\u00f1o del local, Sebasti\u00e1n Barraza, dijo que \u201cesto sucedi\u00f3 el s\u00e1bado (21 de julio) un cuarto para las siete de la tarde, llegaron dos tipos como cualquier cliente al negocio como a comprar, una vez en el interior uno de ellos sac\u00f3 un arma de fuego, procediendo a apuntarme directamente a la cabeza, salt\u00f3 por encima del mes\u00f3n y posteriormente me oblig\u00f3 a ingresar a la casa, en todo momento me solicitaba que tirara al piso y entregara todo el dinero que tuviera, nosotros est\u00e1bamos con mi se\u00f1ora, le dijimos que plata estaba dentro del negocio en la caja registradora, no se devolvi\u00f3, simplemente insisti\u00f3 en entrar a la casa para poder buscar dentro de la casa dinero, siempre intimid\u00e1ndonos con su arma, cuando quiso ingresar m\u00e1s al interior del domicilio nos vimos en la obligaci\u00f3n de resistir al atraco, porque en el segundo piso estaba mi hija y tomamos una silla y tratamos de evitar el tema a repelerlos, d\u00e1ndoles golpes con la sillas, resultando un poco lesionados y procedieron a arrancar\u201d, se\u00f1al\u00f3 Barraza.<br \/>\n<strong>&#8211; \u00bfCu\u00e1l fue la consecuencia de esto?<\/strong><br \/>\n&#8211; Se llevaron dos celulares que estaban sobre la mesa en el momento que ellos ingresaron al interior de la casa, avaluados en $600.000 ambos, y e llevaron la caja registradora con dinero.<br \/>\n<strong>&#8211; \u00bfCu\u00e1nto en total m\u00e1s o menos?<\/strong><br \/>\n&#8211; Como nosotros est\u00e1bamos alertados por un asalto registrado a un negocio en la poblaci\u00f3n, manten\u00edamos poco dinero alrededor de $50.000 en la caja registradora, sumados los dos montos en celulares mas los $50.000 de la caja registradora, m\u00e1s la caja registradora que tiene un valor de 250.000 pesos, Carabineros hizo una sumatoria m\u00e1s o menos y avalu\u00f3 en 800.000 pesos y fracci\u00f3n el monto.<br \/>\n<strong>&#8211; \u00bfPrimera vez que la pasa esto?<\/strong><br \/>\n&#8211; De los diez a\u00f1os de funcionamiento, primera vez que sufrimos un asalto.<br \/>\n<strong>&#8211; \u00bfC\u00f3mo quedan ustedes con esto?<\/strong><br \/>\n&#8211; Huy nerviosos, muy nerviosos, preocupados, porque en realidad estamos viendo c\u00f3mo \u00fanica soluci\u00f3n poner una reja de corte en medio del negocio, para poder seguir atendiendo con un poco m\u00e1s de confianza, bueno producto del asalto al escapara los tipos, para que no los sigui\u00e9ramos persiguiendo nosotros, golpearon a mi se\u00f1ora en la cabeza, ella tiene un corte de siete cent\u00edmetros en la ceja izquierda superior, tuvieron que ponerle ocho puntos ac\u00e1 en el Hospital San Camilo, se est\u00e1 recuperando levemente del tema, pero la parte psicol\u00f3gica est\u00e1 muy complicada.<br \/>\n<strong>&#8211; \u00bfActuaron a rostro descubierto?<\/strong><br \/>\n&#8211; S\u00ed, uno de ellos a rostro totalmente descubierto y el otro entr\u00f3 con jockey y con una prenda que le sub\u00eda hasta la nariz, se tap\u00f3 bastante, el que s\u00ed actu\u00f3 a rostro descubierto el que portaba el arma.<br \/>\n<strong>&#8211; O sea sin ning\u00fan temor que fuera identificado<\/strong><br \/>\n&#8211; No, ning\u00fan temor, nosotros tenemos tres c\u00e1maras al interior del local que grabaron los hechos, pero no les import\u00f3 nada de eso, no se intimidaron para nada.<br \/>\n<strong>&#8211; En ese mismo contexto \u00bflograron reconocer a alguno?<\/strong><br \/>\n&#8211; No, nosotros no los hemos reconocido, conocemos a los clientes que vienen ac\u00e1 pero son personas desconocidas, me cabe la certeza que esos individuos no hab\u00edan venido antes\u201d.<br \/>\nLas v\u00edctimas aseguran que notaron que estos delincuentes no son chilenos, \u201csi son extranjeros ambos porque ten\u00edan acento venezolano o colombiano, adem\u00e1s que en ning\u00fan momento nos insultaron, como le dijimos a la Sipo cuando nos preguntaron, o sea no dijeron garabatos, igual que en el negocio del edificio, yo ubicar\u00eda si fueran chilenos, por eso digo son venezolanos o colombianos ambos\u201d, se\u00f1al\u00f3 la v\u00edctima.<br \/>\nEl afectado pidi\u00f3 a la ciudadan\u00eda que en caso que los conozcan o sepan de su paradero entreguen informaci\u00f3n, \u201cya que la \u00fanica manera que las autoridades detengan su actuar delictual es con la uni\u00f3n y solidaridad entre nosotros mismo, los ciudadanos com\u00fan y corriente que dicho sea de paso, cada vez estamos m\u00e1s vulnerables con el explosivo aumento de la delincuencia\u201d finaliz\u00f3 Sebasti\u00e1n.<br \/>\nDebido al asalto actualmente tienen el negocio cerrado, con el fin que la mujer se recupere totalmente, lo que acarrea p\u00e9rdidas por unos 800.000 pesos, pero Sebasti\u00e1n dijo que la salud de su esposa est\u00e1 primera.<\/p>\n<figure id=\"attachment_87531\" aria-describedby=\"caption-attachment-87531\" style=\"width: 580px\" class=\"wp-caption alignnone\"><img data-recalc-dims=\"1\" loading=\"lazy\" decoding=\"async\" class=\"size-full wp-image-87531\" src=\"https:\/\/i0.wp.com\/www.eltrabajo.cl\/2017\/wp-content\/uploads\/2018\/07\/Robos1.jpg?resize=580%2C400\" alt=\"DESCARADOS.- Aqu\u00ed vemos a estos malvivientes despojando de sus pertenencias a honestos sanfelipe\u00f1os.\" width=\"580\" height=\"400\" srcset=\"https:\/\/i0.wp.com\/www.eltrabajo.cl\/2017\/wp-content\/uploads\/2018\/07\/Robos1.jpg?w=580&amp;ssl=1 580w, https:\/\/i0.wp.com\/www.eltrabajo.cl\/2017\/wp-content\/uploads\/2018\/07\/Robos1.jpg?resize=300%2C207&amp;ssl=1 300w, https:\/\/i0.wp.com\/www.eltrabajo.cl\/2017\/wp-content\/uploads\/2018\/07\/Robos1.jpg?resize=150%2C103&amp;ssl=1 150w\" sizes=\"auto, (max-width: 580px) 100vw, 580px\" \/><figcaption id=\"caption-attachment-87531\" class=\"wp-caption-text\">DESCARADOS.- Aqu\u00ed vemos a estos malvivientes despojando de sus pertenencias a honestos sanfelipe\u00f1os.<\/figcaption><\/figure>\n<figure id=\"attachment_87533\" aria-describedby=\"caption-attachment-87533\" style=\"width: 580px\" class=\"wp-caption alignnone\"><img data-recalc-dims=\"1\" loading=\"lazy\" decoding=\"async\" class=\"size-full wp-image-87533\" src=\"https:\/\/i0.wp.com\/www.eltrabajo.cl\/2017\/wp-content\/uploads\/2018\/07\/Robos3.jpg?resize=580%2C400\" alt=\"MUY VIOLENTOS.- Enca\u00f1onando a sus v\u00edctimas y con gran violencia act\u00faan estos delincuentes en los locales donde asaltan.\" width=\"580\" height=\"400\" srcset=\"https:\/\/i0.wp.com\/www.eltrabajo.cl\/2017\/wp-content\/uploads\/2018\/07\/Robos3.jpg?w=580&amp;ssl=1 580w, https:\/\/i0.wp.com\/www.eltrabajo.cl\/2017\/wp-content\/uploads\/2018\/07\/Robos3.jpg?resize=300%2C207&amp;ssl=1 300w, https:\/\/i0.wp.com\/www.eltrabajo.cl\/2017\/wp-content\/uploads\/2018\/07\/Robos3.jpg?resize=150%2C103&amp;ssl=1 150w\" sizes=\"auto, (max-width: 580px) 100vw, 580px\" \/><figcaption id=\"caption-attachment-87533\" class=\"wp-caption-text\">MUY VIOLENTOS.- Enca\u00f1onando a sus v\u00edctimas y con gran violencia act\u00faan estos delincuentes en los locales donde asaltan.<\/figcaption><\/figure>\n<figure id=\"attachment_87534\" aria-describedby=\"caption-attachment-87534\" style=\"width: 580px\" class=\"wp-caption alignnone\"><img data-recalc-dims=\"1\" loading=\"lazy\" decoding=\"async\" class=\"size-full wp-image-87534\" src=\"https:\/\/i0.wp.com\/www.eltrabajo.cl\/2017\/wp-content\/uploads\/2018\/07\/Robos4.jpg?resize=580%2C399\" alt=\"Esta es uno de los hampones, si nuestros lectores lo identifican, no duden en llamara a la Polic\u00eda.\" width=\"580\" height=\"399\" srcset=\"https:\/\/i0.wp.com\/www.eltrabajo.cl\/2017\/wp-content\/uploads\/2018\/07\/Robos4.jpg?w=580&amp;ssl=1 580w, https:\/\/i0.wp.com\/www.eltrabajo.cl\/2017\/wp-content\/uploads\/2018\/07\/Robos4.jpg?resize=300%2C206&amp;ssl=1 300w, https:\/\/i0.wp.com\/www.eltrabajo.cl\/2017\/wp-content\/uploads\/2018\/07\/Robos4.jpg?resize=150%2C103&amp;ssl=1 150w\" sizes=\"auto, (max-width: 580px) 100vw, 580px\" \/><figcaption id=\"caption-attachment-87534\" class=\"wp-caption-text\">Esta es uno de los hampones, si nuestros lectores lo identifican, no duden en llamara a la Polic\u00eda.<\/figcaption><\/figure>\n","protected":false},"excerpt":{"rendered":"<div class=\"mh-excerpt\"><p>En una semana comete dos violentos asaltos: En una semana, dos negocios ubicados en Poblaci\u00f3n Yungay de San Felipe, fueron asaltados, seg\u00fan las v\u00edctimas, al <a class=\"mh-excerpt-more\" href=\"https:\/\/www.eltrabajo.cl\/2017\/hampa-extranjera-empieza-ya-con-los-atracos-en-nuestra-comuna\/\" title=\"Hampa extranjera empieza ya con los atracos en nuestra comuna\">[&#8230;]<\/a><\/p>\n<\/div>","protected":false},"author":1,"featured_media":87533,"comment_status":"open","ping_status":"open","sticky":false,"template":"","format":"standard","meta":{"_jetpack_newsletter_access":"","_jetpack_dont_email_post_to_subs":false,"_jetpack_newsletter_tier_id":0,"_jetpack_memberships_contains_paywalled_content":false,"_jetpack_memberships_contains_paid_content":false,"footnotes":""},"categories":[2],"tags":[],"class_list":["post-87530","post","type-post","status-publish","format-standard","has-post-thumbnail","hentry","category-policial"],"nelio_content":{"autoShareEndMode":"never","automationSources":{"useCustomSentences":false,"customSentences":[]},"efiAlt":"","efiUrl":"","followers":[],"highlights":[],"isAutoShareEnabled":true,"networkImageIds":[],"permalinkQueryArgs":[],"series":[],"suggestedReferences":[]},"jetpack_featured_media_url":"https:\/\/i0.wp.com\/www.eltrabajo.cl\/2017\/wp-content\/uploads\/2018\/07\/Robos3.jpg?fit=580%2C400&ssl=1","jetpack_sharing_enabled":true,"_links":{"self":[{"href":"https:\/\/www.eltrabajo.cl\/2017\/wp-json\/wp\/v2\/posts\/87530","targetHints":{"allow":["GET"]}}],"collection":[{"href":"https:\/\/www.eltrabajo.cl\/2017\/wp-json\/wp\/v2\/posts"}],"about":[{"href":"https:\/\/www.eltrabajo.cl\/2017\/wp-json\/wp\/v2\/types\/post"}],"author":[{"embeddable":true,"href":"https:\/\/www.eltrabajo.cl\/2017\/wp-json\/wp\/v2\/users\/1"}],"replies":[{"embeddable":true,"href":"https:\/\/www.eltrabajo.cl\/2017\/wp-json\/wp\/v2\/comments?post=87530"}],"version-history":[{"count":1,"href":"https:\/\/www.eltrabajo.cl\/2017\/wp-json\/wp\/v2\/posts\/87530\/revisions"}],"predecessor-version":[{"id":87535,"href":"https:\/\/www.eltrabajo.cl\/2017\/wp-json\/wp\/v2\/posts\/87530\/revisions\/87535"}],"wp:featuredmedia":[{"embeddable":true,"href":"https:\/\/www.eltrabajo.cl\/2017\/wp-json\/wp\/v2\/media\/87533"}],"wp:attachment":[{"href":"https:\/\/www.eltrabajo.cl\/2017\/wp-json\/wp\/v2\/media?parent=87530"}],"wp:term":[{"taxonomy":"category","embeddable":true,"href":"https:\/\/www.eltrabajo.cl\/2017\/wp-json\/wp\/v2\/categories?post=87530"},{"taxonomy":"post_tag","embeddable":true,"href":"https:\/\/www.eltrabajo.cl\/2017\/wp-json\/wp\/v2\/tags?post=87530"}],"curies":[{"name":"wp","href":"https:\/\/api.w.org\/{rel}","templated":true}]}}