{"id":87686,"date":"2018-08-07T05:03:18","date_gmt":"2018-08-07T09:03:18","guid":{"rendered":"http:\/\/www.eltrabajo.cl\/2017\/?p=87686"},"modified":"2018-08-06T21:14:46","modified_gmt":"2018-08-07T01:14:46","slug":"siete-anos-de-carcel-por-asaltar-e-intentar-matar-a-su-ex-empleadora","status":"publish","type":"post","link":"https:\/\/www.eltrabajo.cl\/2017\/siete-anos-de-carcel-por-asaltar-e-intentar-matar-a-su-ex-empleadora\/","title":{"rendered":"Siete a\u00f1os de c\u00e1rcel por asaltar e intentar matar a su ex empleadora"},"content":{"rendered":"<figure id=\"attachment_87687\" aria-describedby=\"caption-attachment-87687\" style=\"width: 580px\" class=\"wp-caption alignnone\"><img data-recalc-dims=\"1\" loading=\"lazy\" decoding=\"async\" class=\"size-full wp-image-87687\" src=\"https:\/\/i0.wp.com\/www.eltrabajo.cl\/2017\/wp-content\/uploads\/2018\/08\/detenido-Carabineros-1.jpg?resize=580%2C399\" alt=\"El enjuiciado deber\u00e1 cumplir su condena en la c\u00e1rcel por robo con intimidaci\u00f3n ocurrido en la Villa Departamental de San Felipe. (Foto Archivo).\" width=\"580\" height=\"399\" srcset=\"https:\/\/i0.wp.com\/www.eltrabajo.cl\/2017\/wp-content\/uploads\/2018\/08\/detenido-Carabineros-1.jpg?w=580&amp;ssl=1 580w, https:\/\/i0.wp.com\/www.eltrabajo.cl\/2017\/wp-content\/uploads\/2018\/08\/detenido-Carabineros-1.jpg?resize=300%2C206&amp;ssl=1 300w, https:\/\/i0.wp.com\/www.eltrabajo.cl\/2017\/wp-content\/uploads\/2018\/08\/detenido-Carabineros-1.jpg?resize=150%2C103&amp;ssl=1 150w\" sizes=\"auto, (max-width: 580px) 100vw, 580px\" \/><figcaption id=\"caption-attachment-87687\" class=\"wp-caption-text\">El enjuiciado deber\u00e1 cumplir su condena en la c\u00e1rcel por robo con intimidaci\u00f3n ocurrido en la Villa Departamental de San Felipe. (Foto Archivo).<\/figcaption><\/figure>\n<p><span style=\"color: #ff0000;\"><strong>Hechos ocurridos en la Villa Departamental de San Felipe:<\/strong><\/span><\/p>\n<ul>\n<li><strong>Antisocial rob\u00f3 dinero en efectivo y dispar\u00f3 contra el veh\u00edculo donde se encontraba la v\u00edctima junto a otra persona que salvaron ilesas. <\/strong><\/li>\n<\/ul>\n<p>A una pena de siete a\u00f1os de c\u00e1rcel efectiva fue condenado por el Tribunal Oral en Lo Penal de San Felipe, un antisocial identificado como Luis Sim\u00f3n Silva Figueroa, tras haber sido juzgado por el delito de robo con intimidaci\u00f3n, siendo v\u00edctima su ex empleadora.<br \/>\nDe acuerdo a la acusaci\u00f3n fundada por el Fiscal Rodrigo Zapata Cu\u00e9llar durante el juicio, los hechos habr\u00edan ocurrido el 4 de diciembre del a\u00f1o 2015, cuando la v\u00edctima llegaba a bordo de su veh\u00edculo hasta su domicilio en la Villa Departamental de San Felipe, dejando el m\u00f3vil estacionado por unos segundos.<br \/>\nEn esos precisos instantes, Silva Figueroa ingres\u00f3 al interior del veh\u00edculo, sustrayendo un cuaderno donde se manten\u00edan $400.000 en dinero en efectivo de propiedad de la v\u00edctima, para luego disparar con un arma de fuego contra el furg\u00f3n donde se encontraba la afectada junto a otra persona, efectuando adem\u00e1s disparos al aire para amenazarlas de muerte.<br \/>\nLa v\u00edctima sostiene conocer al atacante, ya que anteriormente hab\u00eda sido trabajador de ella.<br \/>\nLas acusaciones se extendieron adem\u00e1s sobre otro hecho que habr\u00eda ocurrido posteriormente, el 24 de abril del a\u00f1o 2016, cuando la v\u00edctima, al salir desde un establecimiento educacional de San Felipe, fue abordada por el mismo sujeto, quien la habr\u00eda amenazado de muerte. Dos horas m\u00e1s tarde de este incidente, el enjuiciado habr\u00eda concurrido hasta los domicilios de la misma v\u00edctima y otra afectada para gritar a viva voz que salieran de sus viviendas sino las matar\u00eda.<br \/>\nAmbas mujeres, al sentir justo temor de estas palabras, denunciaron los hechos a Carabineros que concurrieron al lugar y detuvieron al hoy condenado.<br \/>\nLuego de las pruebas rendidas en juicio por la Fiscal\u00eda, la terna de jueces del Tribunal Oral resolvi\u00f3 considerar culpable a Luis Silva Figueroa por el delito de robo con intimidaci\u00f3n, sentenciando a la pena de siete a\u00f1os de presidio mayor en su grado medio.<br \/>\nAsimismo los magistrados condenaron el delito de amenazas no condicionales a una pena de 71 d\u00edas de presidio menor en su grado m\u00ednimo. El sentenciado deber\u00e1 cumplir \u00edntegramente la pena en la c\u00e1rcel, descontando un total de 71 d\u00edas que estuvo en prisi\u00f3n preventiva.<br \/>\n<strong>Pablo Salinas Sald\u00edas<\/strong><\/p>\n","protected":false},"excerpt":{"rendered":"<div class=\"mh-excerpt\"><p>Hechos ocurridos en la Villa Departamental de San Felipe: Antisocial rob\u00f3 dinero en efectivo y dispar\u00f3 contra el veh\u00edculo donde se encontraba la v\u00edctima junto <a class=\"mh-excerpt-more\" href=\"https:\/\/www.eltrabajo.cl\/2017\/siete-anos-de-carcel-por-asaltar-e-intentar-matar-a-su-ex-empleadora\/\" title=\"Siete a\u00f1os de c\u00e1rcel por asaltar e intentar matar a su ex empleadora\">[&#8230;]<\/a><\/p>\n<\/div>","protected":false},"author":1,"featured_media":87687,"comment_status":"open","ping_status":"open","sticky":false,"template":"","format":"standard","meta":{"_jetpack_newsletter_access":"","_jetpack_dont_email_post_to_subs":false,"_jetpack_newsletter_tier_id":0,"_jetpack_memberships_contains_paywalled_content":false,"_jetpack_memberships_contains_paid_content":false,"footnotes":""},"categories":[2],"tags":[],"class_list":["post-87686","post","type-post","status-publish","format-standard","has-post-thumbnail","hentry","category-policial"],"nelio_content":{"autoShareEndMode":"never","automationSources":{"useCustomSentences":false,"customSentences":[]},"efiAlt":"","efiUrl":"","followers":[],"highlights":[],"isAutoShareEnabled":true,"networkImageIds":[],"permalinkQueryArgs":[],"series":[],"suggestedReferences":[]},"jetpack_featured_media_url":"https:\/\/i0.wp.com\/www.eltrabajo.cl\/2017\/wp-content\/uploads\/2018\/08\/detenido-Carabineros-1.jpg?fit=580%2C399&ssl=1","jetpack_sharing_enabled":true,"_links":{"self":[{"href":"https:\/\/www.eltrabajo.cl\/2017\/wp-json\/wp\/v2\/posts\/87686","targetHints":{"allow":["GET"]}}],"collection":[{"href":"https:\/\/www.eltrabajo.cl\/2017\/wp-json\/wp\/v2\/posts"}],"about":[{"href":"https:\/\/www.eltrabajo.cl\/2017\/wp-json\/wp\/v2\/types\/post"}],"author":[{"embeddable":true,"href":"https:\/\/www.eltrabajo.cl\/2017\/wp-json\/wp\/v2\/users\/1"}],"replies":[{"embeddable":true,"href":"https:\/\/www.eltrabajo.cl\/2017\/wp-json\/wp\/v2\/comments?post=87686"}],"version-history":[{"count":1,"href":"https:\/\/www.eltrabajo.cl\/2017\/wp-json\/wp\/v2\/posts\/87686\/revisions"}],"predecessor-version":[{"id":87688,"href":"https:\/\/www.eltrabajo.cl\/2017\/wp-json\/wp\/v2\/posts\/87686\/revisions\/87688"}],"wp:featuredmedia":[{"embeddable":true,"href":"https:\/\/www.eltrabajo.cl\/2017\/wp-json\/wp\/v2\/media\/87687"}],"wp:attachment":[{"href":"https:\/\/www.eltrabajo.cl\/2017\/wp-json\/wp\/v2\/media?parent=87686"}],"wp:term":[{"taxonomy":"category","embeddable":true,"href":"https:\/\/www.eltrabajo.cl\/2017\/wp-json\/wp\/v2\/categories?post=87686"},{"taxonomy":"post_tag","embeddable":true,"href":"https:\/\/www.eltrabajo.cl\/2017\/wp-json\/wp\/v2\/tags?post=87686"}],"curies":[{"name":"wp","href":"https:\/\/api.w.org\/{rel}","templated":true}]}}