{"id":87748,"date":"2018-08-09T05:05:51","date_gmt":"2018-08-09T09:05:51","guid":{"rendered":"http:\/\/www.eltrabajo.cl\/2017\/?p=87748"},"modified":"2018-08-08T20:52:41","modified_gmt":"2018-08-09T00:52:41","slug":"informe-desestimaria-legitima-defensa-de-mujer-que-mato-a-su-hermano","status":"publish","type":"post","link":"https:\/\/www.eltrabajo.cl\/2017\/informe-desestimaria-legitima-defensa-de-mujer-que-mato-a-su-hermano\/","title":{"rendered":"Informe desestimar\u00eda leg\u00edtima defensa de mujer que mat\u00f3 a su hermano"},"content":{"rendered":"<figure id=\"attachment_87749\" aria-describedby=\"caption-attachment-87749\" style=\"width: 579px\" class=\"wp-caption alignnone\"><img data-recalc-dims=\"1\" loading=\"lazy\" decoding=\"async\" class=\"size-full wp-image-87749\" src=\"https:\/\/i0.wp.com\/www.eltrabajo.cl\/2017\/wp-content\/uploads\/2018\/08\/carolina-abrigo-rodriguez-1.jpg?resize=579%2C387\" alt=\"La imputada Carolina Abrigo Rodr\u00edguez, fue conducida hasta tribunales por los efectivos de la Brigada de Homicidios de la PDI Los Andes hasta San Felipe.\" width=\"579\" height=\"387\" srcset=\"https:\/\/i0.wp.com\/www.eltrabajo.cl\/2017\/wp-content\/uploads\/2018\/08\/carolina-abrigo-rodriguez-1.jpg?w=579&amp;ssl=1 579w, https:\/\/i0.wp.com\/www.eltrabajo.cl\/2017\/wp-content\/uploads\/2018\/08\/carolina-abrigo-rodriguez-1.jpg?resize=300%2C201&amp;ssl=1 300w, https:\/\/i0.wp.com\/www.eltrabajo.cl\/2017\/wp-content\/uploads\/2018\/08\/carolina-abrigo-rodriguez-1.jpg?resize=150%2C100&amp;ssl=1 150w\" sizes=\"auto, (max-width: 579px) 100vw, 579px\" \/><figcaption id=\"caption-attachment-87749\" class=\"wp-caption-text\">La imputada Carolina Abrigo Rodr\u00edguez, fue conducida hasta tribunales por los efectivos de la Brigada de Homicidios de la PDI Los Andes hasta San Felipe.<\/figcaption><\/figure>\n<p><span style=\"color: #ff0000;\"><strong>Formalizada en tribunales por homicidio simple:<\/strong><\/span><\/p>\n<ul>\n<li><strong>Carolina Abrigo Rodr\u00edguez sostiene que la v\u00edctima manten\u00eda el armamento y que los tiros se ejecutaron tras un forcejeo entre ambos, luego de una discusi\u00f3n por rencillas familiares y de drogas. Sin embargo perito bal\u00edstico de la polic\u00eda derrumbar\u00eda esta tesis de acuerdo a un primer informe que revelar\u00eda otra versi\u00f3n, seg\u00fan la direcci\u00f3n de las balas en el cuerpo del fallecido.<\/strong><\/li>\n<\/ul>\n<p>Por homicidio simple fue formalizada pasado el mediod\u00eda de ayer mi\u00e9rcoles, en el Juzgado de Garant\u00eda de San Felipe, la imputada Carolina Abrigo Rodr\u00edguez, de 36 a\u00f1os de edad, quien habr\u00eda asesinado a su hermano Luis Guillermo Abrigo Rodr\u00edguez, de dos disparos con un rev\u00f3lver tras sostener una ri\u00f1a por rencillas familiares en los Departamentos Enc\u00f3n de San Felipe.<br \/>\nVersi\u00f3n de testigos de los hechos y declaraciones de la propia imputada, revelan como hip\u00f3tesis que los hechos habr\u00edan sucedido pasadas las 18:00 horas de este martes, en los momentos en que Luis Abrigo se encontrar\u00eda sentado en las escaleras del edificio junto a su pareja de 31 a\u00f1os de edad. Esta \u00faltima sostiene que su conviviente se dirigi\u00f3 posteriormente a comprar cigarrillos, quedando ella a la espera de su regreso, sin embargo el fuerte ruido de dos disparos la alertaron hasta descubrir que su pareja se encontraba herida.<br \/>\nLuis Abrigo, de 34 a\u00f1os de edad, alias \u2018El Santiaguino\u2019, sufri\u00f3 dos impactos bal\u00edsticos, uno en la regi\u00f3n del t\u00f3rax y un segundo en el muslo izquierdo, debiendo ser trasladado hasta el servicio de urgencias del Hospital San Camilo de San Felipe, falleciendo cerca de las 19:10 horas tras sufrir un paro cardiorrespiratorio pese a las maniobras de reanimaci\u00f3n que se le practicaron.<br \/>\nCarolina Abrigo Rodr\u00edguez, proveniente de la comuna de Lo Prado, en Santiago y residente en ese sector, conocida como \u2018La Carola\u2019, aparentemente bajo los efectos del alcohol y drogas, luego de cometer el crimen se habr\u00eda deshecho del arma homicida, abandonando el sitio del suceso para deambular por las calles de San Felipe, hasta dirigirse voluntariamente a la Segunda Comisar\u00eda de Carabineros, ubicada en la avenida O\u2019Higgins, alrededor de las 21:35 horas, confesando lo ocurrido a los funcionarios policiales que procedieron a su detenci\u00f3n.<br \/>\nSeg\u00fan refiere su testimonio, habr\u00eda sostenido una discusi\u00f3n con su hermano por problemas anteriores y drogas, asegurando que ser\u00eda \u00e9l quien portaba un arma de fuego con la cual la habr\u00eda amenazado, produci\u00e9ndose un forcejo entre ambos, efectu\u00e1ndose los disparos que le dieron muerte.<br \/>\nDurante la noche Carabineros aisl\u00f3 el lugar del crimen, dando paso a las diligencias instruidas por el Fiscal de turno a cargo de la Brigada de Homicidios de la Polic\u00eda de Investigaciones de Los Andes, para indagar m\u00e1s antecedentes del caso y recolecci\u00f3n de evidencias del homicidio en el sitio del suceso.<br \/>\nAl respecto el Comisario de la PDI, Gino Guti\u00e9rrez, se\u00f1al\u00f3 a Diario El Trabajo que la din\u00e1mica de los hechos referir\u00edan a que \u201cla imputada, bajo los efectos del alcohol, accede al hermano con quien ten\u00eda situaciones de conflicto, rencillas anteriores, en ese contexto, \u00e9ste llega al inmueble, se genera la acci\u00f3n seg\u00fan su versi\u00f3n, indica que es la v\u00edctima quien portaba un arma de fuego y en un forcejeo se ejecutan los tiros\u201d.<br \/>\nEl oficial policial detall\u00f3 que la acci\u00f3n de los hechos ocurri\u00f3 en un pasillo comunitario del block C de los Departamentos Enc\u00f3n de San Felipe, y que el armamento utilizado tras las diligencias policiales no fue encontrado.<br \/>\nEn tanto el fallecido, quien manten\u00eda antecedentes delictuales por delitos de microtr\u00e1fico, robo y hurto, fue derivado hasta el Servicio M\u00e9dico Legal para la pr\u00e1ctica de la autopsia de rigor.<\/p>\n<p><span style=\"color: #ff0000;\"><strong>FORMALIZACI\u00d3N<\/strong><\/span><br \/>\nNo obstante pasado el mediod\u00eda de ayer mi\u00e9rcoles, la imputada Carolina Abrigo Rodr\u00edguez, quien cuenta con antecedentes policiales, fue formalizada en tribunales por el delito de homicidio simple, discuti\u00e9ndose entre los intervinientes una presunta leg\u00edtima defensa, seg\u00fan lo declarado por la acusada.<br \/>\nSin embargo las primeras pericias policiales desestimar\u00edan esta tesis, seg\u00fan el an\u00e1lisis de la direcci\u00f3n de las balas que ocasionaron la muerte de la v\u00edctima, lo que derrumbar\u00eda la hip\u00f3tesis de leg\u00edtima defensa ya que la ejecuci\u00f3n bal\u00edstica podr\u00eda indicar otra versi\u00f3n.<br \/>\nEl Fiscal Eduardo Fajardo De La Cuba formaliz\u00f3 a la imputada por homicidio simple, decret\u00e1ndose por parte del tribunal, la privaci\u00f3n de libertad, derivando a la detenida hasta el Centro de Cumplimiento Penitenciario Femenino de Los Andes, fij\u00e1ndose un plazo de investigaci\u00f3n de 100 d\u00edas.<br \/>\n<strong>Pablo Salinas Sald\u00edas<\/strong><\/p>\n<figure id=\"attachment_87750\" aria-describedby=\"caption-attachment-87750\" style=\"width: 579px\" class=\"wp-caption alignnone\"><img data-recalc-dims=\"1\" loading=\"lazy\" decoding=\"async\" class=\"size-full wp-image-87750\" src=\"https:\/\/i0.wp.com\/www.eltrabajo.cl\/2017\/wp-content\/uploads\/2018\/08\/departamentos-encon.jpg?resize=579%2C773\" alt=\"El hecho ocurri\u00f3 en el Block C de los Departamentos Enc\u00f3n de San Felipe la tarde noche de este martes.\" width=\"579\" height=\"773\" srcset=\"https:\/\/i0.wp.com\/www.eltrabajo.cl\/2017\/wp-content\/uploads\/2018\/08\/departamentos-encon.jpg?w=579&amp;ssl=1 579w, https:\/\/i0.wp.com\/www.eltrabajo.cl\/2017\/wp-content\/uploads\/2018\/08\/departamentos-encon.jpg?resize=225%2C300&amp;ssl=1 225w, https:\/\/i0.wp.com\/www.eltrabajo.cl\/2017\/wp-content\/uploads\/2018\/08\/departamentos-encon.jpg?resize=112%2C150&amp;ssl=1 112w\" sizes=\"auto, (max-width: 579px) 100vw, 579px\" \/><figcaption id=\"caption-attachment-87750\" class=\"wp-caption-text\">El hecho ocurri\u00f3 en el Block C de los Departamentos Enc\u00f3n de San Felipe la tarde noche de este martes.<\/figcaption><\/figure>\n","protected":false},"excerpt":{"rendered":"<div class=\"mh-excerpt\"><p>Formalizada en tribunales por homicidio simple: Carolina Abrigo Rodr\u00edguez sostiene que la v\u00edctima manten\u00eda el armamento y que los tiros se ejecutaron tras un forcejeo <a class=\"mh-excerpt-more\" href=\"https:\/\/www.eltrabajo.cl\/2017\/informe-desestimaria-legitima-defensa-de-mujer-que-mato-a-su-hermano\/\" title=\"Informe desestimar\u00eda leg\u00edtima defensa de mujer que mat\u00f3 a su hermano\">[&#8230;]<\/a><\/p>\n<\/div>","protected":false},"author":1,"featured_media":87749,"comment_status":"open","ping_status":"open","sticky":false,"template":"","format":"standard","meta":{"_jetpack_newsletter_access":"","_jetpack_dont_email_post_to_subs":false,"_jetpack_newsletter_tier_id":0,"_jetpack_memberships_contains_paywalled_content":false,"_jetpack_memberships_contains_paid_content":false,"footnotes":""},"categories":[2],"tags":[],"class_list":["post-87748","post","type-post","status-publish","format-standard","has-post-thumbnail","hentry","category-policial"],"nelio_content":{"autoShareEndMode":"never","automationSources":{"useCustomSentences":false,"customSentences":[]},"efiAlt":"","efiUrl":"","followers":[],"highlights":[],"isAutoShareEnabled":true,"networkImageIds":[],"permalinkQueryArgs":[],"series":[],"suggestedReferences":[]},"jetpack_featured_media_url":"https:\/\/i0.wp.com\/www.eltrabajo.cl\/2017\/wp-content\/uploads\/2018\/08\/carolina-abrigo-rodriguez-1.jpg?fit=579%2C387&ssl=1","jetpack_sharing_enabled":true,"_links":{"self":[{"href":"https:\/\/www.eltrabajo.cl\/2017\/wp-json\/wp\/v2\/posts\/87748","targetHints":{"allow":["GET"]}}],"collection":[{"href":"https:\/\/www.eltrabajo.cl\/2017\/wp-json\/wp\/v2\/posts"}],"about":[{"href":"https:\/\/www.eltrabajo.cl\/2017\/wp-json\/wp\/v2\/types\/post"}],"author":[{"embeddable":true,"href":"https:\/\/www.eltrabajo.cl\/2017\/wp-json\/wp\/v2\/users\/1"}],"replies":[{"embeddable":true,"href":"https:\/\/www.eltrabajo.cl\/2017\/wp-json\/wp\/v2\/comments?post=87748"}],"version-history":[{"count":1,"href":"https:\/\/www.eltrabajo.cl\/2017\/wp-json\/wp\/v2\/posts\/87748\/revisions"}],"predecessor-version":[{"id":87751,"href":"https:\/\/www.eltrabajo.cl\/2017\/wp-json\/wp\/v2\/posts\/87748\/revisions\/87751"}],"wp:featuredmedia":[{"embeddable":true,"href":"https:\/\/www.eltrabajo.cl\/2017\/wp-json\/wp\/v2\/media\/87749"}],"wp:attachment":[{"href":"https:\/\/www.eltrabajo.cl\/2017\/wp-json\/wp\/v2\/media?parent=87748"}],"wp:term":[{"taxonomy":"category","embeddable":true,"href":"https:\/\/www.eltrabajo.cl\/2017\/wp-json\/wp\/v2\/categories?post=87748"},{"taxonomy":"post_tag","embeddable":true,"href":"https:\/\/www.eltrabajo.cl\/2017\/wp-json\/wp\/v2\/tags?post=87748"}],"curies":[{"name":"wp","href":"https:\/\/api.w.org\/{rel}","templated":true}]}}