{"id":87765,"date":"2018-08-10T05:02:33","date_gmt":"2018-08-10T09:02:33","guid":{"rendered":"http:\/\/www.eltrabajo.cl\/2017\/?p=87765"},"modified":"2018-08-10T01:26:53","modified_gmt":"2018-08-10T05:26:53","slug":"con-pistolas-a-fogueo-banda-de-inmigrantes-asalta-minimarket-de-villa-el-carmen","status":"publish","type":"post","link":"https:\/\/www.eltrabajo.cl\/2017\/con-pistolas-a-fogueo-banda-de-inmigrantes-asalta-minimarket-de-villa-el-carmen\/","title":{"rendered":"Con pistolas a fogueo banda de inmigrantes asalta minimarket de Villa El Carmen"},"content":{"rendered":"<figure id=\"attachment_87769\" aria-describedby=\"caption-attachment-87769\" style=\"width: 578px\" class=\"wp-caption alignnone\"><img data-recalc-dims=\"1\" loading=\"lazy\" decoding=\"async\" class=\"size-full wp-image-87769\" src=\"https:\/\/i0.wp.com\/www.eltrabajo.cl\/2017\/wp-content\/uploads\/2018\/08\/VIDEO-2.jpg?resize=578%2C326\" alt=\"Los delincuentes se apropiaron del dinero en efectivo y un tel\u00e9fono celular.\" width=\"578\" height=\"326\" srcset=\"https:\/\/i0.wp.com\/www.eltrabajo.cl\/2017\/wp-content\/uploads\/2018\/08\/VIDEO-2.jpg?w=578&amp;ssl=1 578w, https:\/\/i0.wp.com\/www.eltrabajo.cl\/2017\/wp-content\/uploads\/2018\/08\/VIDEO-2.jpg?resize=300%2C169&amp;ssl=1 300w, https:\/\/i0.wp.com\/www.eltrabajo.cl\/2017\/wp-content\/uploads\/2018\/08\/VIDEO-2.jpg?resize=150%2C85&amp;ssl=1 150w\" sizes=\"auto, (max-width: 578px) 100vw, 578px\" \/><figcaption id=\"caption-attachment-87769\" class=\"wp-caption-text\">Los delincuentes se apropiaron del dinero en efectivo y un tel\u00e9fono celular.<\/figcaption><\/figure>\n<p><span style=\"color: #ff0000;\"><strong>Tres peruanos y un ecuatoriano enviados a la c\u00e1rcel:<\/strong><\/span><\/p>\n<ul>\n<li><strong>Carabineros no descarta que el grupo de antisociales podr\u00eda haber protagonizado otros asaltos en la comuna de San Felipe. <\/strong><\/li>\n<\/ul>\n<p>Un violento asalto a mano armada se origin\u00f3 al interior del Minimarket \u2018Jumbito\u2019 ubicado en avenida Michimalongo en la Villa El Carmen de San Felipe, luego que una banda delictual compuesta por cuatro inmigrantes, intimidara a punta de pistolas a su propietario para robar un bot\u00edn de $575.000 en dinero y un tel\u00e9fono celular alrededor de las 22:15 horas de este mi\u00e9rcoles.<br \/>\nLos antecedentes de este delito que fue registrado por las c\u00e1maras de seguridad de local, dan cuenta que los sujetos ingresaron al establecimiento con la excusa de comprar una bebida mientras otros clientes se encontraban al interior del minimarket.<br \/>\nEl material audiovisual evidenci\u00f3 que los delincuentes desenfundaron sus armas de fuego de fantas\u00eda, obligando al propietario a subir las manos, mientras uno de los asaltantes traspas\u00f3 el mes\u00f3n de atenci\u00f3n para dirigirse a la caja recaudadora y sustraer el dinero en efectivo.<br \/>\nObtenido el bot\u00edn los antisociales huyen hacia la v\u00eda p\u00fablica abordando un veh\u00edculo que los esperaba, el que era conducido por otro integrante de la banda, escapando en direcci\u00f3n desconocida.<br \/>\nEl locatario inmediatamente sali\u00f3 en persecuci\u00f3n de estos sujetos, requiriendo la presencia de Carabineros en el sitio del suceso, proporcionando la placa patente y descripci\u00f3n del veh\u00edculo de los asaltantes.<br \/>\nLa polic\u00eda uniformada efectu\u00f3 diversos patrullajes por la comuna, reportando el veh\u00edculo a todas las unidades policiales, hasta que minutos m\u00e1s tarde, los sujetos fueron hallados circulando por la carretera San Mart\u00edn por la comuna de Rinconada, intentando escapar hacia la capital, logrando ser detenidos cuatro individuos que abordaban el autom\u00f3vil.<br \/>\nLas diligencias policiales permitieron la incautaci\u00f3n de dos pistolas y dos rev\u00f3lveres a fogueo utilizados para cometer el delito, recuperando de esta forma la totalidad del dinero sustra\u00eddo y el tel\u00e9fono celular Iphone.<br \/>\nLa Capit\u00e1n de Carabineros de San Felipe, Carolina Fern\u00e1ndez, precis\u00f3 que la banda delictual detenida est\u00e1 compuesta por tres sujetos de nacionalidad peruana y el cuarto de nacionalidad ecuatoriana, quienes registran domicilios en las comunas de Recoleta e Independencia en la Regi\u00f3n Metropolitana.<br \/>\nLa polic\u00eda no descarta que estos mismos sujetos podr\u00edan estar involucrados en otros hechos similares denunciados hace unas semanas, luego de un asalto producido en un minimarket ubicado en la poblaci\u00f3n Yungay de San Felipe y que ser\u00e1n materia de investigaci\u00f3n por parte de la Fiscal\u00eda.<br \/>\nPasado el mediod\u00eda de este jueves, los imputados identificados con las iniciales M.I.R., S.O.C., L.L.M. y C.A.G. fueron derivados hasta el Juzgado de Garant\u00eda de San Felipe para ser formalizados por la Fiscal\u00eda por este delito, requiri\u00e9ndose la m\u00e1xima cautelar de prisi\u00f3n preventiva.<br \/>\nEste tribunal acogi\u00f3 la solicitud del Ministerio P\u00fablico, ordenando el ingreso de los cuatros detenidos hasta la c\u00e1rcel mientras se investiga el caso.<br \/>\n<strong>Pablo Salinas Sald\u00edas<\/strong><\/p>\n<figure id=\"attachment_87766\" aria-describedby=\"caption-attachment-87766\" style=\"width: 580px\" class=\"wp-caption alignnone\"><img data-recalc-dims=\"1\" loading=\"lazy\" decoding=\"async\" class=\"size-full wp-image-87766\" src=\"https:\/\/i0.wp.com\/www.eltrabajo.cl\/2017\/wp-content\/uploads\/2018\/08\/MINIMARKET-JUMBITO.jpg?resize=580%2C435\" alt=\"El hecho ocurri\u00f3 en el Minimarket Jumbito ubicado en avenida Michimalongo de la Villa El Carmen de San Felipe.\" width=\"580\" height=\"435\" srcset=\"https:\/\/i0.wp.com\/www.eltrabajo.cl\/2017\/wp-content\/uploads\/2018\/08\/MINIMARKET-JUMBITO.jpg?w=580&amp;ssl=1 580w, https:\/\/i0.wp.com\/www.eltrabajo.cl\/2017\/wp-content\/uploads\/2018\/08\/MINIMARKET-JUMBITO.jpg?resize=300%2C225&amp;ssl=1 300w, https:\/\/i0.wp.com\/www.eltrabajo.cl\/2017\/wp-content\/uploads\/2018\/08\/MINIMARKET-JUMBITO.jpg?resize=150%2C113&amp;ssl=1 150w\" sizes=\"auto, (max-width: 580px) 100vw, 580px\" \/><figcaption id=\"caption-attachment-87766\" class=\"wp-caption-text\">El hecho ocurri\u00f3 en el Minimarket Jumbito ubicado en avenida Michimalongo de la Villa El Carmen de San Felipe.<\/figcaption><\/figure>\n<figure id=\"attachment_87767\" aria-describedby=\"caption-attachment-87767\" style=\"width: 580px\" class=\"wp-caption alignnone\"><img data-recalc-dims=\"1\" loading=\"lazy\" decoding=\"async\" class=\"size-full wp-image-87767\" src=\"https:\/\/i0.wp.com\/www.eltrabajo.cl\/2017\/wp-content\/uploads\/2018\/08\/PISTOLAS-FOGUEO.jpg?resize=580%2C435\" alt=\"Carabineros incaut\u00f3 dos pistolas y dos rev\u00f3lveres a fogueo utilizados por los delincuentes para cometer el delito.\" width=\"580\" height=\"435\" srcset=\"https:\/\/i0.wp.com\/www.eltrabajo.cl\/2017\/wp-content\/uploads\/2018\/08\/PISTOLAS-FOGUEO.jpg?w=580&amp;ssl=1 580w, https:\/\/i0.wp.com\/www.eltrabajo.cl\/2017\/wp-content\/uploads\/2018\/08\/PISTOLAS-FOGUEO.jpg?resize=300%2C225&amp;ssl=1 300w, https:\/\/i0.wp.com\/www.eltrabajo.cl\/2017\/wp-content\/uploads\/2018\/08\/PISTOLAS-FOGUEO.jpg?resize=150%2C113&amp;ssl=1 150w\" sizes=\"auto, (max-width: 580px) 100vw, 580px\" \/><figcaption id=\"caption-attachment-87767\" class=\"wp-caption-text\">Carabineros incaut\u00f3 dos pistolas y dos rev\u00f3lveres a fogueo utilizados por los delincuentes para cometer el delito.<\/figcaption><\/figure>\n<figure id=\"attachment_87768\" aria-describedby=\"caption-attachment-87768\" style=\"width: 578px\" class=\"wp-caption alignnone\"><img data-recalc-dims=\"1\" loading=\"lazy\" decoding=\"async\" class=\"size-full wp-image-87768\" src=\"https:\/\/i0.wp.com\/www.eltrabajo.cl\/2017\/wp-content\/uploads\/2018\/08\/VIDEO-1.jpg?resize=578%2C353\" alt=\"C\u00e1maras de vigilancia del local afectado registraron el momento del asalto.\" width=\"578\" height=\"353\" srcset=\"https:\/\/i0.wp.com\/www.eltrabajo.cl\/2017\/wp-content\/uploads\/2018\/08\/VIDEO-1.jpg?w=578&amp;ssl=1 578w, https:\/\/i0.wp.com\/www.eltrabajo.cl\/2017\/wp-content\/uploads\/2018\/08\/VIDEO-1.jpg?resize=300%2C183&amp;ssl=1 300w, https:\/\/i0.wp.com\/www.eltrabajo.cl\/2017\/wp-content\/uploads\/2018\/08\/VIDEO-1.jpg?resize=150%2C92&amp;ssl=1 150w\" sizes=\"auto, (max-width: 578px) 100vw, 578px\" \/><figcaption id=\"caption-attachment-87768\" class=\"wp-caption-text\">C\u00e1maras de vigilancia del local afectado registraron el momento del asalto.<\/figcaption><\/figure>\n","protected":false},"excerpt":{"rendered":"<div class=\"mh-excerpt\"><p>Tres peruanos y un ecuatoriano enviados a la c\u00e1rcel: Carabineros no descarta que el grupo de antisociales podr\u00eda haber protagonizado otros asaltos en la comuna <a class=\"mh-excerpt-more\" href=\"https:\/\/www.eltrabajo.cl\/2017\/con-pistolas-a-fogueo-banda-de-inmigrantes-asalta-minimarket-de-villa-el-carmen\/\" title=\"Con pistolas a fogueo banda de inmigrantes asalta minimarket de Villa El Carmen\">[&#8230;]<\/a><\/p>\n<\/div>","protected":false},"author":1,"featured_media":87768,"comment_status":"open","ping_status":"open","sticky":false,"template":"","format":"standard","meta":{"_jetpack_newsletter_access":"","_jetpack_dont_email_post_to_subs":false,"_jetpack_newsletter_tier_id":0,"_jetpack_memberships_contains_paywalled_content":false,"_jetpack_memberships_contains_paid_content":false,"footnotes":""},"categories":[2],"tags":[],"class_list":["post-87765","post","type-post","status-publish","format-standard","has-post-thumbnail","hentry","category-policial"],"nelio_content":{"autoShareEndMode":"never","automationSources":{"useCustomSentences":false,"customSentences":[]},"efiAlt":"","efiUrl":"","followers":[],"highlights":[],"isAutoShareEnabled":true,"networkImageIds":[],"permalinkQueryArgs":[],"series":[],"suggestedReferences":[]},"jetpack_featured_media_url":"https:\/\/i0.wp.com\/www.eltrabajo.cl\/2017\/wp-content\/uploads\/2018\/08\/VIDEO-1.jpg?fit=578%2C353&ssl=1","jetpack_sharing_enabled":true,"_links":{"self":[{"href":"https:\/\/www.eltrabajo.cl\/2017\/wp-json\/wp\/v2\/posts\/87765","targetHints":{"allow":["GET"]}}],"collection":[{"href":"https:\/\/www.eltrabajo.cl\/2017\/wp-json\/wp\/v2\/posts"}],"about":[{"href":"https:\/\/www.eltrabajo.cl\/2017\/wp-json\/wp\/v2\/types\/post"}],"author":[{"embeddable":true,"href":"https:\/\/www.eltrabajo.cl\/2017\/wp-json\/wp\/v2\/users\/1"}],"replies":[{"embeddable":true,"href":"https:\/\/www.eltrabajo.cl\/2017\/wp-json\/wp\/v2\/comments?post=87765"}],"version-history":[{"count":1,"href":"https:\/\/www.eltrabajo.cl\/2017\/wp-json\/wp\/v2\/posts\/87765\/revisions"}],"predecessor-version":[{"id":87770,"href":"https:\/\/www.eltrabajo.cl\/2017\/wp-json\/wp\/v2\/posts\/87765\/revisions\/87770"}],"wp:featuredmedia":[{"embeddable":true,"href":"https:\/\/www.eltrabajo.cl\/2017\/wp-json\/wp\/v2\/media\/87768"}],"wp:attachment":[{"href":"https:\/\/www.eltrabajo.cl\/2017\/wp-json\/wp\/v2\/media?parent=87765"}],"wp:term":[{"taxonomy":"category","embeddable":true,"href":"https:\/\/www.eltrabajo.cl\/2017\/wp-json\/wp\/v2\/categories?post=87765"},{"taxonomy":"post_tag","embeddable":true,"href":"https:\/\/www.eltrabajo.cl\/2017\/wp-json\/wp\/v2\/tags?post=87765"}],"curies":[{"name":"wp","href":"https:\/\/api.w.org\/{rel}","templated":true}]}}