{"id":87842,"date":"2018-08-16T04:59:03","date_gmt":"2018-08-16T08:59:03","guid":{"rendered":"http:\/\/www.eltrabajo.cl\/2017\/?p=87842"},"modified":"2018-08-15T19:54:17","modified_gmt":"2018-08-15T23:54:17","slug":"distintos-exponentes-musicales-locales-se-daran-cita-en-el-parque-ambrosio-ohiggins","status":"publish","type":"post","link":"https:\/\/www.eltrabajo.cl\/2017\/distintos-exponentes-musicales-locales-se-daran-cita-en-el-parque-ambrosio-ohiggins\/","title":{"rendered":"Distintos exponentes musicales locales se dar\u00e1n cita en el Parque Ambrosio O\u2019Higgins."},"content":{"rendered":"<figure id=\"attachment_87843\" aria-describedby=\"caption-attachment-87843\" style=\"width: 580px\" class=\"wp-caption alignnone\"><img data-recalc-dims=\"1\" loading=\"lazy\" decoding=\"async\" class=\"size-full wp-image-87843\" src=\"https:\/\/i0.wp.com\/www.eltrabajo.cl\/2017\/wp-content\/uploads\/2018\/08\/dia-del-rock.jpg?resize=580%2C400\" alt=\"Luis Ben\u00edtez, vocalista  \u2018Piel de Tigre\u2019, junto a Pamela Far\u00edas, encargada Oficina de la Mujer Municipalidad de Los Andes; Javier Loezar, baterista \u2018Bad Trip Boys\u2019, y Luciano Milanez, guitarrista de \u2018La 40 y 5\u2019.\" width=\"580\" height=\"400\" srcset=\"https:\/\/i0.wp.com\/www.eltrabajo.cl\/2017\/wp-content\/uploads\/2018\/08\/dia-del-rock.jpg?w=580&amp;ssl=1 580w, https:\/\/i0.wp.com\/www.eltrabajo.cl\/2017\/wp-content\/uploads\/2018\/08\/dia-del-rock.jpg?resize=300%2C207&amp;ssl=1 300w, https:\/\/i0.wp.com\/www.eltrabajo.cl\/2017\/wp-content\/uploads\/2018\/08\/dia-del-rock.jpg?resize=150%2C103&amp;ssl=1 150w\" sizes=\"auto, (max-width: 580px) 100vw, 580px\" \/><figcaption id=\"caption-attachment-87843\" class=\"wp-caption-text\">Luis Ben\u00edtez, vocalista \u2018Piel de Tigre\u2019, junto a Pamela Far\u00edas, encargada Oficina de la Mujer Municipalidad de Los Andes; Javier Loezar, baterista \u2018Bad Trip Boys\u2019, y Luciano Milanez, guitarrista de \u2018La 40 y 5\u2019.<\/figcaption><\/figure>\n<p><span style=\"color: #ff0000;\"><strong>Este domingo celebran el D\u00eda Nacional del Rock Chileno en Los Andes<\/strong><\/span><\/p>\n<p><strong>LOS ANDES.-<\/strong> Este domingo 19 de agosto, desde las 15:30 horas en el Parque Urbano Ambrosio O\u2019Higgins de Los Andes, se estar\u00e1 desarrollando el \u2018D\u00eda Nacional del Rock Chileno\u2019, actividad organizada por m\u00fasicos andinos aprovechando que hace poco m\u00e1s de un mes la C\u00e1mara de Diputados aprob\u00f3 el proyecto que busca establecer el reconocimiento expreso a un estilo de m\u00fasica popular, como es la m\u00fasica rock.<br \/>\nJessica Agurto, directora de Desarrollo Comunitario de la Municipalidad de Los Andes, destac\u00f3 la instancia de fomentar la m\u00fasica y las distintas expresiones de la juventud, estimulando, promoviendo y difundiendo a quienes van forjando patrimonio en la m\u00fasica y nuestra identidad cultural: \u201cEs un espacio que ha solicitado el alcalde Manuel Rivera, de forma que generemos instancias para los j\u00f3venes y lo que ellos nos puedan mostrar y ense\u00f1ar. Esperamos que toda la comunidad los acompa\u00f1e y se entretenga\u201d.<br \/>\nLuis Ben\u00edtez, vocalista de \u2018Piel de Tigre\u2019, se\u00f1al\u00f3: \u201cHace tiempo que ten\u00edamos la idea de hacer una tocata que convocara a bandas de Los Andes. Estar\u00e1n en el programa el grupo \u2018La 40 y 5\u2019, \u2018Chungar\u00e1\u2019, \u2018Bad Trip Boys\u2019, \u2018Cari Lerrante \u2018trovadora andina, \u2018Gato E Campo\u2019, \u2018Piel de Tigre\u2019, Valentina Ibaceta la ganadora del Festival de Voces Femeninas Canta Mujer Encanta y otros invitados\u201d.<br \/>\nJavier, baterista de la banda \u2018Bad Trip Boys\u2019, agreg\u00f3: \u201cEsperamos que vaya gente, que nos vayan a escuchar, a escuchar a todas las bandas porque en verdad hay mucho talento ac\u00e1 y no s\u00f3lo talento porque eso como que desmerece el trabajo de los m\u00fasicos: hay gente que estudia, que se dedica de verdad a su instrumento y al arte\u201d.<br \/>\nPor \u00faltimo Luciano, guitarrista de \u2018La 40 y 5\u2019, invit\u00f3 a todos a participar de esta jornada gratuita de m\u00fasica en vivo en el Parque Urbano: \u201cNuestra banda se conforma por seis integrantes, varios personajes que ya han participado en otras bandas. Est\u00e1n todos invitados este 19 de agosto desde las 4 de la tarde, con un evento lleno de m\u00fasica y entretenci\u00f3n auditiva\u201d.<\/p>\n","protected":false},"excerpt":{"rendered":"<div class=\"mh-excerpt\"><p>Este domingo celebran el D\u00eda Nacional del Rock Chileno en Los Andes LOS ANDES.- Este domingo 19 de agosto, desde las 15:30 horas en el <a class=\"mh-excerpt-more\" href=\"https:\/\/www.eltrabajo.cl\/2017\/distintos-exponentes-musicales-locales-se-daran-cita-en-el-parque-ambrosio-ohiggins\/\" title=\"Distintos exponentes musicales locales se dar\u00e1n cita en el Parque Ambrosio O\u2019Higgins.\">[&#8230;]<\/a><\/p>\n<\/div>","protected":false},"author":1,"featured_media":87843,"comment_status":"open","ping_status":"open","sticky":false,"template":"","format":"standard","meta":{"_jetpack_newsletter_access":"","_jetpack_dont_email_post_to_subs":false,"_jetpack_newsletter_tier_id":0,"_jetpack_memberships_contains_paywalled_content":false,"_jetpack_memberships_contains_paid_content":false,"footnotes":""},"categories":[49],"tags":[],"class_list":["post-87842","post","type-post","status-publish","format-standard","has-post-thumbnail","hentry","category-cultura"],"nelio_content":{"autoShareEndMode":"never","automationSources":{"useCustomSentences":false,"customSentences":[]},"efiAlt":"","efiUrl":"","followers":[],"highlights":[],"isAutoShareEnabled":true,"networkImageIds":[],"permalinkQueryArgs":[],"series":[],"suggestedReferences":[]},"jetpack_featured_media_url":"https:\/\/i0.wp.com\/www.eltrabajo.cl\/2017\/wp-content\/uploads\/2018\/08\/dia-del-rock.jpg?fit=580%2C400&ssl=1","jetpack_sharing_enabled":true,"_links":{"self":[{"href":"https:\/\/www.eltrabajo.cl\/2017\/wp-json\/wp\/v2\/posts\/87842","targetHints":{"allow":["GET"]}}],"collection":[{"href":"https:\/\/www.eltrabajo.cl\/2017\/wp-json\/wp\/v2\/posts"}],"about":[{"href":"https:\/\/www.eltrabajo.cl\/2017\/wp-json\/wp\/v2\/types\/post"}],"author":[{"embeddable":true,"href":"https:\/\/www.eltrabajo.cl\/2017\/wp-json\/wp\/v2\/users\/1"}],"replies":[{"embeddable":true,"href":"https:\/\/www.eltrabajo.cl\/2017\/wp-json\/wp\/v2\/comments?post=87842"}],"version-history":[{"count":1,"href":"https:\/\/www.eltrabajo.cl\/2017\/wp-json\/wp\/v2\/posts\/87842\/revisions"}],"predecessor-version":[{"id":87844,"href":"https:\/\/www.eltrabajo.cl\/2017\/wp-json\/wp\/v2\/posts\/87842\/revisions\/87844"}],"wp:featuredmedia":[{"embeddable":true,"href":"https:\/\/www.eltrabajo.cl\/2017\/wp-json\/wp\/v2\/media\/87843"}],"wp:attachment":[{"href":"https:\/\/www.eltrabajo.cl\/2017\/wp-json\/wp\/v2\/media?parent=87842"}],"wp:term":[{"taxonomy":"category","embeddable":true,"href":"https:\/\/www.eltrabajo.cl\/2017\/wp-json\/wp\/v2\/categories?post=87842"},{"taxonomy":"post_tag","embeddable":true,"href":"https:\/\/www.eltrabajo.cl\/2017\/wp-json\/wp\/v2\/tags?post=87842"}],"curies":[{"name":"wp","href":"https:\/\/api.w.org\/{rel}","templated":true}]}}