{"id":87873,"date":"2018-08-20T05:02:42","date_gmt":"2018-08-20T09:02:42","guid":{"rendered":"http:\/\/www.eltrabajo.cl\/2017\/?p=87873"},"modified":"2018-08-19T19:52:14","modified_gmt":"2018-08-19T23:52:14","slug":"un-carabinero-lesionado-al-clausurar-planta-de-aridos-en-tres-esquinas","status":"publish","type":"post","link":"https:\/\/www.eltrabajo.cl\/2017\/un-carabinero-lesionado-al-clausurar-planta-de-aridos-en-tres-esquinas\/","title":{"rendered":"Un carabinero lesionado al clausurar planta de \u00e1ridos en Tres Esquinas"},"content":{"rendered":"<figure id=\"attachment_87874\" aria-describedby=\"caption-attachment-87874\" style=\"width: 580px\" class=\"wp-caption alignnone\"><img data-recalc-dims=\"1\" loading=\"lazy\" decoding=\"async\" class=\"size-full wp-image-87874\" src=\"https:\/\/i0.wp.com\/www.eltrabajo.cl\/2017\/wp-content\/uploads\/2018\/08\/Aridos1.jpg?resize=580%2C395\" alt=\"Ac\u00e1 vemos una maquina en el lugar que estaba clausurado.\" width=\"580\" height=\"395\" srcset=\"https:\/\/i0.wp.com\/www.eltrabajo.cl\/2017\/wp-content\/uploads\/2018\/08\/Aridos1.jpg?w=580&amp;ssl=1 580w, https:\/\/i0.wp.com\/www.eltrabajo.cl\/2017\/wp-content\/uploads\/2018\/08\/Aridos1.jpg?resize=300%2C204&amp;ssl=1 300w, https:\/\/i0.wp.com\/www.eltrabajo.cl\/2017\/wp-content\/uploads\/2018\/08\/Aridos1.jpg?resize=150%2C102&amp;ssl=1 150w\" sizes=\"auto, (max-width: 580px) 100vw, 580px\" \/><figcaption id=\"caption-attachment-87874\" class=\"wp-caption-text\">Ac\u00e1 vemos una maquina en el lugar que estaba clausurado.<\/figcaption><\/figure>\n<p><span style=\"color: #ff0000;\"><strong>Empresa ten\u00eda prohibici\u00f3n de funcionar:<\/strong><\/span><\/p>\n<p>Un carabinero de San Felipe result\u00f3 herido luego de un forcejeo con una persona, que en los momentos que personal policial la notificaba para que cesara la extracci\u00f3n de \u00e1ridos en el sector de Tres Esquinas, se alter\u00f3 comenzando a insultar tanto a personal municipal como policial. Este hecho ocurri\u00f3 el d\u00eda jueves a eso del medio d\u00eda y se origin\u00f3 luego que la concejala Patricia Boffa denunciara que en el lugar estaban efectuando labores de extracci\u00f3n de \u00e1ridos pese a estar clausurado. Tras la denuncia, concurri\u00f3 personal municipal y Carabineros de San Felipe.<br \/>\nSobre el procedimiento policial, fue el teniente C\u00e9sar Bustamante quien dijo lo que \u201cefectivamente al medio d\u00eda de hoy (jueves) personal municipal concurri\u00f3 al sector de Tres Esquinas con Carabineros de esta dotaci\u00f3n, el procedimiento constaba en clausurar una extracci\u00f3n de \u00e1ridos que se realizaba en el lugar, cuando llegaron la persona que estaba en el lugar un hombre de 22 a\u00f1os, al ser notificado que deb\u00eda cesar su extracci\u00f3n, r\u00e1pidamente se alter\u00f3, se puso agresivo y comenz\u00f3 a insultar tanto al personal municipal como a Carabineros, ante esta situaci\u00f3n Carabineros debi\u00f3 proceder efectuando la detenci\u00f3n en el lugar de este sujeto, quien en el forcejeo efectu\u00f3 una peque\u00f1a lesi\u00f3n en el brazo derecho de un carabinero, pero de menor importancia, fue reducido y trasladado hasta el hospital donde se constataron las lesiones tanto del imputado como del carabinero como ya le mencion\u00e9 fue algo menor producto del forcejeo, afortunadamente este procedimiento culmin\u00f3 en forma positiva y este hecho fue aislado y r\u00e1pidamente controlado\u201d, se\u00f1al\u00f3 el oficial.<br \/>\nAl respecto la concejala Boffa dijo que hace unos d\u00edas pas\u00f3 por el lugar \u201cvi maquinarias y como eso est\u00e1 clausurado y de hecho hay un juicio con el municipio, tom\u00e9 fotograf\u00edas y como era d\u00eda feriado ayer (mi\u00e9rcoles) hoy d\u00eda nuevamente me han hecho llegar fotograf\u00edas de que estaban extrayendo \u00e1ridos o haciendo trabajos en el sector cuando eso est\u00e1 totalmente clausurado, por lo tanto tom\u00e9 contacto con Carabineros a trav\u00e9s del Mayor H\u00e9ctor Soto de manera de tenerlo al tanto y hacer las denuncias de esta situaci\u00f3n para detener que se sigan haciendo trabajos en ese sector\u201d, dijo.<br \/>\n<strong>&#8211; Si pudiera graficar el lugar espec\u00edfico donde se est\u00e1n realizando estas labores.<\/strong><br \/>\n&#8211; En el sector de Tres Esquinas donde estaba antiguamente el se\u00f1or Hanus, en el lugar hay maquinarias, camiones trabajando es decir, esto no es fortuito, esto es de hace d\u00edas y hoy muy temprano, es por eso que tom\u00e9 contacto en forma inmediata con Carabineros, para que ellos formaran parte de esto y poder clausurar nuevamente y que confisquen la maquinaria, los camiones porque eso no est\u00e1 autorizado.<br \/>\n<strong>&#8211; \u00bfPor qu\u00e9 se hab\u00eda clausurado esto Concejala Boffa, si pudi\u00e9ramos refrescar la memoria?<\/strong><br \/>\n&#8211; Recordemos que desde hace mucho rato que ven\u00edamos con problemas, porque estaban sin permiso, porque estaban indiscriminadamente, porque est\u00e1 intervenido el lecho del rio recordemos por eso tuvimos que publicar la ordenanza con el tema de extracci\u00f3n de \u00e1ridos para poder poner ah\u00ed el tema de los pozos lastreros que hay en ese sector por lo tanto hay un tema que obviamente nos preocupa, nos preocupa el da\u00f1o ecol\u00f3gico que se est\u00e1 haciendo al R\u00edo Aconcagua y es por eso que el Concejo Municipal le ha puesto mucho \u00e9nfasis en no autorizar la extracci\u00f3n de \u00e1ridos, tambi\u00e9n tomar en cuenta el da\u00f1o que se le puede hacer a la estructura del puente Monasterio, nosotros como concejo hemos pedido a la administraci\u00f3n contratar una persona que se dedique por completo al tema de los \u00e1ridos, porque esto ya se nos est\u00e1 yendo de las manos.<br \/>\nAl finalizar dijo que ahora todo esto se ver\u00e1 en la parte judicial.<\/p>\n","protected":false},"excerpt":{"rendered":"<div class=\"mh-excerpt\"><p>Empresa ten\u00eda prohibici\u00f3n de funcionar: Un carabinero de San Felipe result\u00f3 herido luego de un forcejeo con una persona, que en los momentos que personal <a class=\"mh-excerpt-more\" href=\"https:\/\/www.eltrabajo.cl\/2017\/un-carabinero-lesionado-al-clausurar-planta-de-aridos-en-tres-esquinas\/\" title=\"Un carabinero lesionado al clausurar planta de \u00e1ridos en Tres Esquinas\">[&#8230;]<\/a><\/p>\n<\/div>","protected":false},"author":1,"featured_media":87874,"comment_status":"open","ping_status":"open","sticky":false,"template":"","format":"standard","meta":{"_jetpack_newsletter_access":"","_jetpack_dont_email_post_to_subs":false,"_jetpack_newsletter_tier_id":0,"_jetpack_memberships_contains_paywalled_content":false,"_jetpack_memberships_contains_paid_content":false,"footnotes":""},"categories":[2],"tags":[],"class_list":["post-87873","post","type-post","status-publish","format-standard","has-post-thumbnail","hentry","category-policial"],"nelio_content":{"autoShareEndMode":"never","automationSources":{"useCustomSentences":false,"customSentences":[]},"efiAlt":"","efiUrl":"","followers":[],"highlights":[],"isAutoShareEnabled":true,"networkImageIds":[],"permalinkQueryArgs":[],"series":[],"suggestedReferences":[]},"jetpack_featured_media_url":"https:\/\/i0.wp.com\/www.eltrabajo.cl\/2017\/wp-content\/uploads\/2018\/08\/Aridos1.jpg?fit=580%2C395&ssl=1","jetpack_sharing_enabled":true,"_links":{"self":[{"href":"https:\/\/www.eltrabajo.cl\/2017\/wp-json\/wp\/v2\/posts\/87873","targetHints":{"allow":["GET"]}}],"collection":[{"href":"https:\/\/www.eltrabajo.cl\/2017\/wp-json\/wp\/v2\/posts"}],"about":[{"href":"https:\/\/www.eltrabajo.cl\/2017\/wp-json\/wp\/v2\/types\/post"}],"author":[{"embeddable":true,"href":"https:\/\/www.eltrabajo.cl\/2017\/wp-json\/wp\/v2\/users\/1"}],"replies":[{"embeddable":true,"href":"https:\/\/www.eltrabajo.cl\/2017\/wp-json\/wp\/v2\/comments?post=87873"}],"version-history":[{"count":1,"href":"https:\/\/www.eltrabajo.cl\/2017\/wp-json\/wp\/v2\/posts\/87873\/revisions"}],"predecessor-version":[{"id":87875,"href":"https:\/\/www.eltrabajo.cl\/2017\/wp-json\/wp\/v2\/posts\/87873\/revisions\/87875"}],"wp:featuredmedia":[{"embeddable":true,"href":"https:\/\/www.eltrabajo.cl\/2017\/wp-json\/wp\/v2\/media\/87874"}],"wp:attachment":[{"href":"https:\/\/www.eltrabajo.cl\/2017\/wp-json\/wp\/v2\/media?parent=87873"}],"wp:term":[{"taxonomy":"category","embeddable":true,"href":"https:\/\/www.eltrabajo.cl\/2017\/wp-json\/wp\/v2\/categories?post=87873"},{"taxonomy":"post_tag","embeddable":true,"href":"https:\/\/www.eltrabajo.cl\/2017\/wp-json\/wp\/v2\/tags?post=87873"}],"curies":[{"name":"wp","href":"https:\/\/api.w.org\/{rel}","templated":true}]}}