{"id":87880,"date":"2018-08-20T05:04:45","date_gmt":"2018-08-20T09:04:45","guid":{"rendered":"http:\/\/www.eltrabajo.cl\/2017\/?p=87880"},"modified":"2018-08-20T10:53:43","modified_gmt":"2018-08-20T14:53:43","slug":"joven-apunalado-resulto-herido-grave-en-presunto-ajuste-de-cuentas","status":"publish","type":"post","link":"https:\/\/www.eltrabajo.cl\/2017\/joven-apunalado-resulto-herido-grave-en-presunto-ajuste-de-cuentas\/","title":{"rendered":"Joven apu\u00f1alado result\u00f3 herido grave en presunto ajuste de cuentas"},"content":{"rendered":"<figure id=\"attachment_87881\" aria-describedby=\"caption-attachment-87881\" style=\"width: 580px\" class=\"wp-caption alignnone\"><img data-recalc-dims=\"1\" loading=\"lazy\" decoding=\"async\" class=\"size-full wp-image-87881\" src=\"https:\/\/i0.wp.com\/www.eltrabajo.cl\/2017\/wp-content\/uploads\/2018\/08\/detenido-carabineros2.jpg?resize=580%2C435\" alt=\"El imputado fue derivado hasta el Juzgado de Garant\u00eda de San Felipe para ser formalizado por el delito de Lesiones Graves producidas con arma blanca. (Foto Archivo).\" width=\"580\" height=\"435\" srcset=\"https:\/\/i0.wp.com\/www.eltrabajo.cl\/2017\/wp-content\/uploads\/2018\/08\/detenido-carabineros2.jpg?w=580&amp;ssl=1 580w, https:\/\/i0.wp.com\/www.eltrabajo.cl\/2017\/wp-content\/uploads\/2018\/08\/detenido-carabineros2.jpg?resize=300%2C225&amp;ssl=1 300w, https:\/\/i0.wp.com\/www.eltrabajo.cl\/2017\/wp-content\/uploads\/2018\/08\/detenido-carabineros2.jpg?resize=150%2C113&amp;ssl=1 150w\" sizes=\"auto, (max-width: 580px) 100vw, 580px\" \/><figcaption id=\"caption-attachment-87881\" class=\"wp-caption-text\">El imputado fue derivado hasta el Juzgado de Garant\u00eda de San Felipe para ser formalizado por el delito de Lesiones Graves producidas con arma blanca. (Foto Archivo).<\/figcaption><\/figure>\n<p><span style=\"color: #ff0000;\"><strong>Imputado fue detenido por Carabineros de Catemu:<\/strong><\/span><\/p>\n<ul>\n<li><strong>Antecedentes revelar\u00edan que ambos protagonistas de este hecho beb\u00edan alcohol en un sitio eriazo, enfrasc\u00e1ndose en una violenta discusi\u00f3n por rencillas anteriores. El detenido fue formalizado en tribunales quedando en libertad mientras la v\u00edctima bajo observaci\u00f3n m\u00e9dica en el Hospital San Camilo de San Felipe.<\/strong><\/li>\n<\/ul>\n<p>Con lesiones graves producidas con un arma blanca fue internado en el Hospital San Camilo de San Felipe, un joven quien fue agredido con un cuchillo tras sostener una previa discusi\u00f3n con su atacante por rencillas anteriores mientras ambos beb\u00edan alcohol en un sitio eriazo, esto de la comuna de Catemu.<br \/>\nEl hecho fue denunciado por testigos a Carabineros v\u00eda telef\u00f3nica a eso de las 20:00 horas de este s\u00e1bado, mientras la v\u00edctima comenzaba a desangrarse en el suelo, concurriendo personal policial hasta Calle Balmaceda de esa localidad, verificando que el lesionado identificado como <strong>D.C.G.<\/strong> manten\u00eda heridas corto punzantes en su cuerpo, debiendo solicitarse la presencia del personal del Samu para ser asistido, sosteniendo el afectado haber sido agredido por un sujeto de sexo masculino sin aportar mayores antecedentes.<\/p>\n<p><span style=\"color: #ff0000;\"><strong>DETENIDO Y CONFESO<\/strong><\/span><br \/>\nFue as\u00ed que el personal policial alertados por los vecinos del sector manifestaron que el atacante huy\u00f3 por el sitio eriazo, ocult\u00e1ndose entre unos matorrales, sin embargo los efectivos policiales lograron darle alcance, percat\u00e1ndose que \u00e9ste manten\u00eda sus manos ensangrentadas, confesando haber sido el autor de las lesiones con un cuchillo por rencillas anteriores, manteniendo una herida corto punzante en su brazo izquierdo debiendo ser trasladado al Hospital San Camilo de San Felipe.<br \/>\nEl detenido fue identificado como <strong>Jorge Vega Gallardo<\/strong>, seg\u00fan su versi\u00f3n de lo ocurrido, precis\u00f3 que mientras ambos protagonistas se encontraban bebiendo alcohol en el sitio eriazo, se enfrascaron en una discusi\u00f3n, se\u00f1alando que Cornejo Guerra habr\u00eda extra\u00eddo un cuchillo de sus vestimentas para lesionarlo en su brazo, cuya acci\u00f3n habr\u00eda originado en que \u00e9ste se habr\u00eda defendido con la misma arma blanca, hiriendo profusamente a su contrincante a un costado de su axila derecha para luego escapar.<br \/>\nHasta el cierre de esta nota, la v\u00edctima se manten\u00eda en observaci\u00f3n por parte de los m\u00e9dicos de turno del Hospital San Camilo, tras las heridas catalogadas como graves, sin riesgo vital, quedando hospitalizado.<br \/>\nCarabineros inform\u00f3 que el detenido Vega Gallardo consultado sus antecedentes, manten\u00eda una orden de detenci\u00f3n pendiente, siendo trasladado ayer domingo hasta el Juzgado de Garant\u00eda de San Felipe para ser formalizado por la Fiscal\u00eda por el delito de Lesiones Graves en agresi\u00f3n con arma blanca.<br \/>\nAl t\u00e9rmino de la audiencia el imputado qued\u00f3 en libertad, quedando sujeto a las cautelares de Arraigo Nacional y la Prohibici\u00f3n de acercarse a la v\u00edctima durante el per\u00edodo de investigaci\u00f3n.<br \/>\n<strong>Pablo Salinas Sald\u00edas<\/strong><\/p>\n","protected":false},"excerpt":{"rendered":"<div class=\"mh-excerpt\"><p>Imputado fue detenido por Carabineros de Catemu: Antecedentes revelar\u00edan que ambos protagonistas de este hecho beb\u00edan alcohol en un sitio eriazo, enfrasc\u00e1ndose en una violenta <a class=\"mh-excerpt-more\" href=\"https:\/\/www.eltrabajo.cl\/2017\/joven-apunalado-resulto-herido-grave-en-presunto-ajuste-de-cuentas\/\" title=\"Joven apu\u00f1alado result\u00f3 herido grave en presunto ajuste de cuentas\">[&#8230;]<\/a><\/p>\n<\/div>","protected":false},"author":1,"featured_media":87881,"comment_status":"open","ping_status":"open","sticky":false,"template":"","format":"standard","meta":{"_jetpack_newsletter_access":"","_jetpack_dont_email_post_to_subs":false,"_jetpack_newsletter_tier_id":0,"_jetpack_memberships_contains_paywalled_content":false,"_jetpack_memberships_contains_paid_content":false,"footnotes":""},"categories":[2],"tags":[],"class_list":["post-87880","post","type-post","status-publish","format-standard","has-post-thumbnail","hentry","category-policial"],"nelio_content":{"autoShareEndMode":"never","automationSources":{"useCustomSentences":false,"customSentences":[]},"efiAlt":"","efiUrl":"","followers":[],"highlights":[],"isAutoShareEnabled":true,"networkImageIds":[],"permalinkQueryArgs":[],"series":[],"suggestedReferences":[]},"jetpack_featured_media_url":"https:\/\/i0.wp.com\/www.eltrabajo.cl\/2017\/wp-content\/uploads\/2018\/08\/detenido-carabineros2.jpg?fit=580%2C435&ssl=1","jetpack_sharing_enabled":true,"_links":{"self":[{"href":"https:\/\/www.eltrabajo.cl\/2017\/wp-json\/wp\/v2\/posts\/87880","targetHints":{"allow":["GET"]}}],"collection":[{"href":"https:\/\/www.eltrabajo.cl\/2017\/wp-json\/wp\/v2\/posts"}],"about":[{"href":"https:\/\/www.eltrabajo.cl\/2017\/wp-json\/wp\/v2\/types\/post"}],"author":[{"embeddable":true,"href":"https:\/\/www.eltrabajo.cl\/2017\/wp-json\/wp\/v2\/users\/1"}],"replies":[{"embeddable":true,"href":"https:\/\/www.eltrabajo.cl\/2017\/wp-json\/wp\/v2\/comments?post=87880"}],"version-history":[{"count":4,"href":"https:\/\/www.eltrabajo.cl\/2017\/wp-json\/wp\/v2\/posts\/87880\/revisions"}],"predecessor-version":[{"id":87886,"href":"https:\/\/www.eltrabajo.cl\/2017\/wp-json\/wp\/v2\/posts\/87880\/revisions\/87886"}],"wp:featuredmedia":[{"embeddable":true,"href":"https:\/\/www.eltrabajo.cl\/2017\/wp-json\/wp\/v2\/media\/87881"}],"wp:attachment":[{"href":"https:\/\/www.eltrabajo.cl\/2017\/wp-json\/wp\/v2\/media?parent=87880"}],"wp:term":[{"taxonomy":"category","embeddable":true,"href":"https:\/\/www.eltrabajo.cl\/2017\/wp-json\/wp\/v2\/categories?post=87880"},{"taxonomy":"post_tag","embeddable":true,"href":"https:\/\/www.eltrabajo.cl\/2017\/wp-json\/wp\/v2\/tags?post=87880"}],"curies":[{"name":"wp","href":"https:\/\/api.w.org\/{rel}","templated":true}]}}