{"id":87923,"date":"2018-08-22T05:03:17","date_gmt":"2018-08-22T09:03:17","guid":{"rendered":"http:\/\/www.eltrabajo.cl\/2017\/?p=87923"},"modified":"2018-08-21T20:02:22","modified_gmt":"2018-08-22T00:02:22","slug":"madre-e-hija-lesionadas-tras-chocar-vehiculo-en-calle-chercan-tapia","status":"publish","type":"post","link":"https:\/\/www.eltrabajo.cl\/2017\/madre-e-hija-lesionadas-tras-chocar-vehiculo-en-calle-chercan-tapia\/","title":{"rendered":"Madre e hija lesionadas tras chocar veh\u00edculo en calle Cherc\u00e1n Tapia"},"content":{"rendered":"<figure id=\"attachment_87926\" aria-describedby=\"caption-attachment-87926\" style=\"width: 580px\" class=\"wp-caption alignnone\"><img data-recalc-dims=\"1\" loading=\"lazy\" decoding=\"async\" class=\"size-full wp-image-87926\" src=\"https:\/\/i0.wp.com\/www.eltrabajo.cl\/2017\/wp-content\/uploads\/2018\/08\/portada-accidente-chercan-tapia.jpg?resize=580%2C399\" alt=\"Personal del Samu y Bomberos concurrieron al accidente donde resultaron lesionadas una madre y su peque\u00f1a hija.\" width=\"580\" height=\"399\" srcset=\"https:\/\/i0.wp.com\/www.eltrabajo.cl\/2017\/wp-content\/uploads\/2018\/08\/portada-accidente-chercan-tapia.jpg?w=580&amp;ssl=1 580w, https:\/\/i0.wp.com\/www.eltrabajo.cl\/2017\/wp-content\/uploads\/2018\/08\/portada-accidente-chercan-tapia.jpg?resize=300%2C206&amp;ssl=1 300w, https:\/\/i0.wp.com\/www.eltrabajo.cl\/2017\/wp-content\/uploads\/2018\/08\/portada-accidente-chercan-tapia.jpg?resize=150%2C103&amp;ssl=1 150w\" sizes=\"auto, (max-width: 580px) 100vw, 580px\" \/><figcaption id=\"caption-attachment-87926\" class=\"wp-caption-text\">Personal del Samu y Bomberos concurrieron al accidente donde resultaron lesionadas una madre y su peque\u00f1a hija.<\/figcaption><\/figure>\n<p><span style=\"color: #ff0000;\"><strong>Conductora se estrell\u00f3 contra arbustos:<\/strong><\/span><\/p>\n<ul>\n<li><strong>El accidente se origin\u00f3 alrededor de las 08:30 horas de ayer martes, debiendo concurrir personal del Samu, Bomberos y Carabineros.<\/strong><\/li>\n<\/ul>\n<p>Con lesiones menos graves y leves resultaron una mujer de 27 a\u00f1os de edad y su peque\u00f1a hija de 4 a\u00f1os, luego que el veh\u00edculo en el que circulaban se estrell\u00f3 contra unos arbustos ubicados a un costado de la calzada por calle Cherc\u00e1n Tapia en la ciudad de San Felipe.<br \/>\nEl accidente se origin\u00f3 alrededor de las 08:30 horas de la ma\u00f1ana de ayer martes en circunstancias en que la conductora del veh\u00edculo marca Ford, placa patente KF BF \u2013 30, por causas que se desconocen habr\u00eda perdido el control de su veh\u00edculo, sali\u00e9ndose de la pista hasta chocar contra los arbustos.<br \/>\nA ra\u00edz del violento impacto la conductora de iniciales M.F.A.M., result\u00f3 con lesiones en su cabeza, las que fueron diagnosticadas como menos graves, debiendo ser asistidas por los param\u00e9dicos del Samu, quienes concurrieron al lugar de los hechos.<br \/>\nEn tanto la menor de 4 a\u00f1os que iba a bordo del veh\u00edculo, fue asistida por los profesionales de la salud, siendo diagnosticada con lesiones de car\u00e1cter leve, debiendo ser ambas trasladadas al Hospital San Camilo de San Felipe.<br \/>\nAsimismo concurri\u00f3 personal de rescate de Bomberos y personal de Carabineros para adoptar el procedimiento de rigor.<br \/>\nLa polic\u00eda uniformada inform\u00f3 que no se registraron otros veh\u00edculos involucrados en el accidente y los antecedentes del caso ser\u00e1n remitidos a la Fiscal\u00eda de San Felipe.<br \/>\n<strong>Pablo Salinas Sald\u00edas<\/strong><\/p>\n<figure id=\"attachment_87924\" aria-describedby=\"caption-attachment-87924\" style=\"width: 580px\" class=\"wp-caption alignnone\"><img data-recalc-dims=\"1\" loading=\"lazy\" decoding=\"async\" class=\"size-full wp-image-87924\" src=\"https:\/\/i0.wp.com\/www.eltrabajo.cl\/2017\/wp-content\/uploads\/2018\/08\/accidente-chercan-tapia-1.jpg?resize=580%2C400\" alt=\"El accidente ocurri\u00f3 cerca de las 08:30 de la ma\u00f1ana de ayer martes en calle Cherc\u00e1n Tapia de San Felipe.\" width=\"580\" height=\"400\" srcset=\"https:\/\/i0.wp.com\/www.eltrabajo.cl\/2017\/wp-content\/uploads\/2018\/08\/accidente-chercan-tapia-1.jpg?w=580&amp;ssl=1 580w, https:\/\/i0.wp.com\/www.eltrabajo.cl\/2017\/wp-content\/uploads\/2018\/08\/accidente-chercan-tapia-1.jpg?resize=300%2C207&amp;ssl=1 300w, https:\/\/i0.wp.com\/www.eltrabajo.cl\/2017\/wp-content\/uploads\/2018\/08\/accidente-chercan-tapia-1.jpg?resize=150%2C103&amp;ssl=1 150w\" sizes=\"auto, (max-width: 580px) 100vw, 580px\" \/><figcaption id=\"caption-attachment-87924\" class=\"wp-caption-text\">El accidente ocurri\u00f3 cerca de las 08:30 de la ma\u00f1ana de ayer martes en calle Cherc\u00e1n Tapia de San Felipe.<\/figcaption><\/figure>\n<figure id=\"attachment_87925\" aria-describedby=\"caption-attachment-87925\" style=\"width: 580px\" class=\"wp-caption alignnone\"><img data-recalc-dims=\"1\" loading=\"lazy\" decoding=\"async\" class=\"size-full wp-image-87925\" src=\"https:\/\/i0.wp.com\/www.eltrabajo.cl\/2017\/wp-content\/uploads\/2018\/08\/accidente-chercan-tapia-2.jpg?resize=580%2C400\" alt=\"Personal del Samu y Bomberos concurrieron al accidente donde resultaron lesionadas una madre y su peque\u00f1a hija.\" width=\"580\" height=\"400\" srcset=\"https:\/\/i0.wp.com\/www.eltrabajo.cl\/2017\/wp-content\/uploads\/2018\/08\/accidente-chercan-tapia-2.jpg?w=580&amp;ssl=1 580w, https:\/\/i0.wp.com\/www.eltrabajo.cl\/2017\/wp-content\/uploads\/2018\/08\/accidente-chercan-tapia-2.jpg?resize=300%2C207&amp;ssl=1 300w, https:\/\/i0.wp.com\/www.eltrabajo.cl\/2017\/wp-content\/uploads\/2018\/08\/accidente-chercan-tapia-2.jpg?resize=150%2C103&amp;ssl=1 150w\" sizes=\"auto, (max-width: 580px) 100vw, 580px\" \/><figcaption id=\"caption-attachment-87925\" class=\"wp-caption-text\">Personal del Samu y Bomberos concurrieron al accidente donde resultaron lesionadas una madre y su peque\u00f1a hija.<\/figcaption><\/figure>\n","protected":false},"excerpt":{"rendered":"<div class=\"mh-excerpt\"><p>Conductora se estrell\u00f3 contra arbustos: El accidente se origin\u00f3 alrededor de las 08:30 horas de ayer martes, debiendo concurrir personal del Samu, Bomberos y Carabineros. <a class=\"mh-excerpt-more\" href=\"https:\/\/www.eltrabajo.cl\/2017\/madre-e-hija-lesionadas-tras-chocar-vehiculo-en-calle-chercan-tapia\/\" title=\"Madre e hija lesionadas tras chocar veh\u00edculo en calle Cherc\u00e1n Tapia\">[&#8230;]<\/a><\/p>\n<\/div>","protected":false},"author":1,"featured_media":87924,"comment_status":"open","ping_status":"open","sticky":false,"template":"","format":"standard","meta":{"_jetpack_newsletter_access":"","_jetpack_dont_email_post_to_subs":false,"_jetpack_newsletter_tier_id":0,"_jetpack_memberships_contains_paywalled_content":false,"_jetpack_memberships_contains_paid_content":false,"footnotes":""},"categories":[2],"tags":[],"class_list":["post-87923","post","type-post","status-publish","format-standard","has-post-thumbnail","hentry","category-policial"],"nelio_content":{"autoShareEndMode":"never","automationSources":{"useCustomSentences":false,"customSentences":[]},"efiAlt":"","efiUrl":"","followers":[],"highlights":[],"isAutoShareEnabled":true,"networkImageIds":[],"permalinkQueryArgs":[],"series":[],"suggestedReferences":[]},"jetpack_featured_media_url":"https:\/\/i0.wp.com\/www.eltrabajo.cl\/2017\/wp-content\/uploads\/2018\/08\/accidente-chercan-tapia-1.jpg?fit=580%2C400&ssl=1","jetpack_sharing_enabled":true,"_links":{"self":[{"href":"https:\/\/www.eltrabajo.cl\/2017\/wp-json\/wp\/v2\/posts\/87923","targetHints":{"allow":["GET"]}}],"collection":[{"href":"https:\/\/www.eltrabajo.cl\/2017\/wp-json\/wp\/v2\/posts"}],"about":[{"href":"https:\/\/www.eltrabajo.cl\/2017\/wp-json\/wp\/v2\/types\/post"}],"author":[{"embeddable":true,"href":"https:\/\/www.eltrabajo.cl\/2017\/wp-json\/wp\/v2\/users\/1"}],"replies":[{"embeddable":true,"href":"https:\/\/www.eltrabajo.cl\/2017\/wp-json\/wp\/v2\/comments?post=87923"}],"version-history":[{"count":1,"href":"https:\/\/www.eltrabajo.cl\/2017\/wp-json\/wp\/v2\/posts\/87923\/revisions"}],"predecessor-version":[{"id":87927,"href":"https:\/\/www.eltrabajo.cl\/2017\/wp-json\/wp\/v2\/posts\/87923\/revisions\/87927"}],"wp:featuredmedia":[{"embeddable":true,"href":"https:\/\/www.eltrabajo.cl\/2017\/wp-json\/wp\/v2\/media\/87924"}],"wp:attachment":[{"href":"https:\/\/www.eltrabajo.cl\/2017\/wp-json\/wp\/v2\/media?parent=87923"}],"wp:term":[{"taxonomy":"category","embeddable":true,"href":"https:\/\/www.eltrabajo.cl\/2017\/wp-json\/wp\/v2\/categories?post=87923"},{"taxonomy":"post_tag","embeddable":true,"href":"https:\/\/www.eltrabajo.cl\/2017\/wp-json\/wp\/v2\/tags?post=87923"}],"curies":[{"name":"wp","href":"https:\/\/api.w.org\/{rel}","templated":true}]}}