{"id":87933,"date":"2018-08-23T05:00:35","date_gmt":"2018-08-23T09:00:35","guid":{"rendered":"http:\/\/www.eltrabajo.cl\/2017\/?p=87933"},"modified":"2018-08-22T19:52:33","modified_gmt":"2018-08-22T23:52:33","slug":"hasta-el-teatro-municipal-llegara-este-sabado-toda-la-magia-de-aladino","status":"publish","type":"post","link":"https:\/\/www.eltrabajo.cl\/2017\/hasta-el-teatro-municipal-llegara-este-sabado-toda-la-magia-de-aladino\/","title":{"rendered":"Hasta el Teatro Municipal llegar\u00e1 este s\u00e1bado toda la magia de Aladino"},"content":{"rendered":"<figure id=\"attachment_87934\" aria-describedby=\"caption-attachment-87934\" style=\"width: 578px\" class=\"wp-caption alignnone\"><img data-recalc-dims=\"1\" loading=\"lazy\" decoding=\"async\" class=\"size-full wp-image-87934\" src=\"https:\/\/i0.wp.com\/www.eltrabajo.cl\/2017\/wp-content\/uploads\/2018\/08\/Aladino.jpg?resize=578%2C397\" alt=\"Elenco de Aladino, un cuento musical que ser\u00e1 del agrado de grandes y chicos. \" width=\"578\" height=\"397\" srcset=\"https:\/\/i0.wp.com\/www.eltrabajo.cl\/2017\/wp-content\/uploads\/2018\/08\/Aladino.jpg?w=578&amp;ssl=1 578w, https:\/\/i0.wp.com\/www.eltrabajo.cl\/2017\/wp-content\/uploads\/2018\/08\/Aladino.jpg?resize=300%2C206&amp;ssl=1 300w, https:\/\/i0.wp.com\/www.eltrabajo.cl\/2017\/wp-content\/uploads\/2018\/08\/Aladino.jpg?resize=150%2C103&amp;ssl=1 150w\" sizes=\"auto, (max-width: 578px) 100vw, 578px\" \/><figcaption id=\"caption-attachment-87934\" class=\"wp-caption-text\">Elenco de Aladino, un cuento musical que ser\u00e1 del agrado de grandes y chicos.<\/figcaption><\/figure>\n<p><span style=\"color: #ff0000;\"><strong>Grandes y chicos podr\u00e1n disfrutar de esta gran producci\u00f3n musical que se exhibir\u00e1 a partir del mediod\u00eda.<\/strong><\/span><\/p>\n<p>Los festejos del aniversario 278 de la comuna de San Felipe contin\u00faan, por ello, durante este pr\u00f3ximo s\u00e1bado 25 de agosto, a partir de las 12.00 horas, est\u00e1n todos invitados a ver la incre\u00edble obra \u2018Aladino\u2019, de la compa\u00f1\u00eda Morro Producciones proveniente de Santiago, quienes llegar\u00e1n al Teatro Municipal para mostrar toda la magia de esta historia a la familia sanfelipe\u00f1a.<br \/>\nLa producci\u00f3n musical se centra en la historia de Aladino, un ingenioso joven que vive en una extrema pobreza so\u00f1ando con eludir de su vida callejera y casarse con la bella hija del Sult\u00e1n, la princesa Yasm\u00edn. El destino interviene cuando el astuto visir del Sult\u00e1n, Yafar, recluta a Aladino para que le ayude a recuperar la l\u00e1mpara maravillosa de las profundidades de la cueva de las maravillas. Aladino consigue alcanzar la l\u00e1mpara, en la que vive un bromista genio que concede tres deseos a quien le libere. Pero \u00e9ste se gana la enemistad del visir y conseguir una gran amistad con el genio, quien le ayuda a transformarse en un rico y apuesto Pr\u00edncipe. Pero para sorpresa de Aladino, \u00e9ste no logra conquistar a la princesa por sus riquezas, pero s\u00ed logra su atenci\u00f3n por su forma de ser y actuar, pero de pronto sucede algo inesperado.<br \/>\nPor ello, el Director del Teatro Municipal, Francisco Alarc\u00f3n, extendi\u00f3 la invitaci\u00f3n a toda la comunidad. \u00abEs sin lugar dudas un espect\u00e1culo de primer nivel nacional, con un elenco formado por actores, cantantes y bailarines profesionales adem\u00e1s de un artista visual, quienes poseen una reconocida trayectoria en teatro familiar y formativo, desarrollando trabajos en diferentes agrupaciones y entidades ligadas a la entretenci\u00f3n y la educaci\u00f3n de los m\u00e1s peque\u00f1os; como \u2018Kidzania\u2019 y \u2018Cantando Aprendo Hablar\u2019\u00bb, destac\u00f3.<br \/>\nAsimismo, Alarc\u00f3n destac\u00f3 la itinerancia que ha logrado la obra por varias ciudades del pa\u00eds, \u00abadem\u00e1s de formar parte de diversos elencos que han realizado las m\u00e1s variadas producciones musicales de Disney en nuestro pa\u00eds, lo que les ha permitido inclusive recorrer desde los lugares m\u00e1s rec\u00f3nditos de Chile como Putre, Azapa, Pisagua, hasta los principales teatros municipales y la fiesta de Kidzapalooza\u00bb, finaliz\u00f3.<\/p>\n","protected":false},"excerpt":{"rendered":"<div class=\"mh-excerpt\"><p>Grandes y chicos podr\u00e1n disfrutar de esta gran producci\u00f3n musical que se exhibir\u00e1 a partir del mediod\u00eda. Los festejos del aniversario 278 de la comuna <a class=\"mh-excerpt-more\" href=\"https:\/\/www.eltrabajo.cl\/2017\/hasta-el-teatro-municipal-llegara-este-sabado-toda-la-magia-de-aladino\/\" title=\"Hasta el Teatro Municipal llegar\u00e1 este s\u00e1bado toda la magia de Aladino\">[&#8230;]<\/a><\/p>\n<\/div>","protected":false},"author":1,"featured_media":87934,"comment_status":"open","ping_status":"open","sticky":false,"template":"","format":"standard","meta":{"_jetpack_newsletter_access":"","_jetpack_dont_email_post_to_subs":false,"_jetpack_newsletter_tier_id":0,"_jetpack_memberships_contains_paywalled_content":false,"_jetpack_memberships_contains_paid_content":false,"footnotes":""},"categories":[49],"tags":[],"class_list":["post-87933","post","type-post","status-publish","format-standard","has-post-thumbnail","hentry","category-cultura"],"nelio_content":{"autoShareEndMode":"never","automationSources":{"useCustomSentences":false,"customSentences":[]},"efiAlt":"","efiUrl":"","followers":[],"highlights":[],"isAutoShareEnabled":true,"networkImageIds":[],"permalinkQueryArgs":[],"series":[],"suggestedReferences":[]},"jetpack_featured_media_url":"https:\/\/i0.wp.com\/www.eltrabajo.cl\/2017\/wp-content\/uploads\/2018\/08\/Aladino.jpg?fit=578%2C397&ssl=1","jetpack_sharing_enabled":true,"_links":{"self":[{"href":"https:\/\/www.eltrabajo.cl\/2017\/wp-json\/wp\/v2\/posts\/87933","targetHints":{"allow":["GET"]}}],"collection":[{"href":"https:\/\/www.eltrabajo.cl\/2017\/wp-json\/wp\/v2\/posts"}],"about":[{"href":"https:\/\/www.eltrabajo.cl\/2017\/wp-json\/wp\/v2\/types\/post"}],"author":[{"embeddable":true,"href":"https:\/\/www.eltrabajo.cl\/2017\/wp-json\/wp\/v2\/users\/1"}],"replies":[{"embeddable":true,"href":"https:\/\/www.eltrabajo.cl\/2017\/wp-json\/wp\/v2\/comments?post=87933"}],"version-history":[{"count":1,"href":"https:\/\/www.eltrabajo.cl\/2017\/wp-json\/wp\/v2\/posts\/87933\/revisions"}],"predecessor-version":[{"id":87935,"href":"https:\/\/www.eltrabajo.cl\/2017\/wp-json\/wp\/v2\/posts\/87933\/revisions\/87935"}],"wp:featuredmedia":[{"embeddable":true,"href":"https:\/\/www.eltrabajo.cl\/2017\/wp-json\/wp\/v2\/media\/87934"}],"wp:attachment":[{"href":"https:\/\/www.eltrabajo.cl\/2017\/wp-json\/wp\/v2\/media?parent=87933"}],"wp:term":[{"taxonomy":"category","embeddable":true,"href":"https:\/\/www.eltrabajo.cl\/2017\/wp-json\/wp\/v2\/categories?post=87933"},{"taxonomy":"post_tag","embeddable":true,"href":"https:\/\/www.eltrabajo.cl\/2017\/wp-json\/wp\/v2\/tags?post=87933"}],"curies":[{"name":"wp","href":"https:\/\/api.w.org\/{rel}","templated":true}]}}