{"id":87941,"date":"2018-08-23T05:02:17","date_gmt":"2018-08-23T09:02:17","guid":{"rendered":"http:\/\/www.eltrabajo.cl\/2017\/?p=87941"},"modified":"2018-08-22T19:57:25","modified_gmt":"2018-08-22T23:57:25","slug":"delincuentes-causaron-danos-y-perdidas-por-mas-de-doscientos-mil-pesos","status":"publish","type":"post","link":"https:\/\/www.eltrabajo.cl\/2017\/delincuentes-causaron-danos-y-perdidas-por-mas-de-doscientos-mil-pesos\/","title":{"rendered":"Delincuentes causaron da\u00f1os y p\u00e9rdidas por m\u00e1s de doscientos mil pesos"},"content":{"rendered":"<figure id=\"attachment_87942\" aria-describedby=\"caption-attachment-87942\" style=\"width: 579px\" class=\"wp-caption alignnone\"><img data-recalc-dims=\"1\" loading=\"lazy\" decoding=\"async\" class=\"size-full wp-image-87942\" src=\"https:\/\/i0.wp.com\/www.eltrabajo.cl\/2017\/wp-content\/uploads\/2018\/08\/Robo-2.jpg?resize=579%2C435\" alt=\"Carabineros en el lugar, se puede apreciar la cortina reventada.\" width=\"579\" height=\"435\" srcset=\"https:\/\/i0.wp.com\/www.eltrabajo.cl\/2017\/wp-content\/uploads\/2018\/08\/Robo-2.jpg?w=579&amp;ssl=1 579w, https:\/\/i0.wp.com\/www.eltrabajo.cl\/2017\/wp-content\/uploads\/2018\/08\/Robo-2.jpg?resize=300%2C225&amp;ssl=1 300w, https:\/\/i0.wp.com\/www.eltrabajo.cl\/2017\/wp-content\/uploads\/2018\/08\/Robo-2.jpg?resize=150%2C113&amp;ssl=1 150w\" sizes=\"auto, (max-width: 579px) 100vw, 579px\" \/><figcaption id=\"caption-attachment-87942\" class=\"wp-caption-text\">Carabineros en el lugar, se puede apreciar la cortina reventada.<\/figcaption><\/figure>\n<p><span style=\"color: #ff0000;\"><strong>Otra vez roban en local comercial de calle Prat:<\/strong><\/span><\/p>\n<p>Una vez m\u00e1s un local comercial de calle Prat fue robado durante la madrugada de este d\u00eda mi\u00e9rcoles.<br \/>\nEn esta ocasi\u00f3n la afectada fue Sandra Rodr\u00edguez, que tiene su negocio en esa calle, en el n\u00famero 27.<br \/>\nLa v\u00edctima indic\u00f3 que fue una persona la que le avis\u00f3 del robo a su local: \u201cMe avisaron hoy en la ma\u00f1ana una persona que iba pasando, que estaba reventada la cortina, y ahora vengo llegando a constar todo lo que se hab\u00edan llevado, son bastantes cosas para mi local que es peque\u00f1o, cualquier cosa que me lleven me significa, ten\u00eda dinero, m\u00e1s o menos cincuenta mil pesos\u201d, se\u00f1al\u00f3 Sandra Rodr\u00edguez.<br \/>\n<strong>&#8211; Redondeando, \u00bfcu\u00e1nto le robaron entre mercader\u00eda y dinero?<\/strong><br \/>\n&#8211; Entre mercader\u00eda y dinero yo calculo unos doscientos mil o m\u00e1s tal vez, porque en efectivo fueron unos cincuenta mil pesos m\u00e1s o menos, era todo el dinero que ten\u00eda en la caja.<br \/>\n<strong>&#8211; Se han producido muchos robos en esta calle.<\/strong><br \/>\n&#8211; Muchos robos\u2026 me estaba salvando y al final me toc\u00f3 a m\u00ed tambi\u00e9n, porque esta cuadra est\u00e1 demasiado peligrosa\u2026 demasiado peligrosa, y mi negocio es chico, entonces esta cantidad que me robaron entre mercader\u00eda y efectivo a m\u00ed me significa demasiado.<br \/>\n<strong>&#8211; \u00bfLe cuesta reponerse? <\/strong><br \/>\n&#8211; Demasiado, porque adem\u00e1s est\u00e1n malas las ventas, producto de los mismos trabajos, el boulevard que est\u00e1n haciendo, que se lleven esto para m\u00ed es muy negativo.<br \/>\n<strong>&#8211; \u00bfEs primera vez que le pasa?<\/strong><br \/>\n&#8211; Primera vez, yo me estaba salvando.<br \/>\nAl dinero y mercader\u00eda robada la afectada dijo que ten\u00eda que agregar el costo de arreglar la cortina, cuyo valor oscilar\u00eda entre los 30 a 50 mil pesos.<br \/>\n<strong>&#8211; \u00bfPor qu\u00e9 cree usted que est\u00e1n robando en esta calle?<\/strong><br \/>\n&#8211; Ahora con el asunto de los trabajas que est\u00e1n haciendo, hay poca vigilancia, en realidad el carro policial no puede entrar, entonces debido a esto creo que son los robos.<br \/>\nCabe destacar que el o los delincuentes, para ingresar al local, levantaron en el medio la cortina met\u00e1lica.<br \/>\nAl interior del negocio hab\u00eda dos repisas pl\u00e1sticas en el suelo, mientras que la puerta del cooler estaba semiabierta.<br \/>\nEntre la mercader\u00eda robada, a parte del dinero, hay bebidas energ\u00e9ticas, bebidas grandes, papas fritas.<br \/>\nEn el lugar se hizo presente Carabineros de la Segunda Comisar\u00eda de San Felipe, quienes acogieron la denuncia para entregar los antecedentes a la fiscal\u00eda local.<br \/>\nEntre los negocios de esta calle que han sido robados, est\u00e1 el servicio t\u00e9cnico ubicado al llegar a la avenida Yungay, la sede de la Cruz Roja, una tienda de ropa.<\/p>\n<figure id=\"attachment_87943\" aria-describedby=\"caption-attachment-87943\" style=\"width: 579px\" class=\"wp-caption alignnone\"><img data-recalc-dims=\"1\" loading=\"lazy\" decoding=\"async\" class=\"size-full wp-image-87943\" src=\"https:\/\/i0.wp.com\/www.eltrabajo.cl\/2017\/wp-content\/uploads\/2018\/08\/Robo.jpg?resize=579%2C348\" alt=\"La afectada Sandra Rodr\u00edguez conversa con el carabinero al interior del negocio.\" width=\"579\" height=\"348\" srcset=\"https:\/\/i0.wp.com\/www.eltrabajo.cl\/2017\/wp-content\/uploads\/2018\/08\/Robo.jpg?w=579&amp;ssl=1 579w, https:\/\/i0.wp.com\/www.eltrabajo.cl\/2017\/wp-content\/uploads\/2018\/08\/Robo.jpg?resize=300%2C180&amp;ssl=1 300w, https:\/\/i0.wp.com\/www.eltrabajo.cl\/2017\/wp-content\/uploads\/2018\/08\/Robo.jpg?resize=150%2C90&amp;ssl=1 150w\" sizes=\"auto, (max-width: 579px) 100vw, 579px\" \/><figcaption id=\"caption-attachment-87943\" class=\"wp-caption-text\">La afectada Sandra Rodr\u00edguez conversa con el carabinero al interior del negocio.<\/figcaption><\/figure>\n","protected":false},"excerpt":{"rendered":"<div class=\"mh-excerpt\"><p>Otra vez roban en local comercial de calle Prat: Una vez m\u00e1s un local comercial de calle Prat fue robado durante la madrugada de este <a class=\"mh-excerpt-more\" href=\"https:\/\/www.eltrabajo.cl\/2017\/delincuentes-causaron-danos-y-perdidas-por-mas-de-doscientos-mil-pesos\/\" title=\"Delincuentes causaron da\u00f1os y p\u00e9rdidas por m\u00e1s de doscientos mil pesos\">[&#8230;]<\/a><\/p>\n<\/div>","protected":false},"author":1,"featured_media":87943,"comment_status":"open","ping_status":"open","sticky":false,"template":"","format":"standard","meta":{"_jetpack_newsletter_access":"","_jetpack_dont_email_post_to_subs":false,"_jetpack_newsletter_tier_id":0,"_jetpack_memberships_contains_paywalled_content":false,"_jetpack_memberships_contains_paid_content":false,"footnotes":""},"categories":[2],"tags":[],"class_list":["post-87941","post","type-post","status-publish","format-standard","has-post-thumbnail","hentry","category-policial"],"nelio_content":{"autoShareEndMode":"never","automationSources":{"useCustomSentences":false,"customSentences":[]},"efiAlt":"","efiUrl":"","followers":[],"highlights":[],"isAutoShareEnabled":true,"networkImageIds":[],"permalinkQueryArgs":[],"series":[],"suggestedReferences":[]},"jetpack_featured_media_url":"https:\/\/i0.wp.com\/www.eltrabajo.cl\/2017\/wp-content\/uploads\/2018\/08\/Robo.jpg?fit=579%2C348&ssl=1","jetpack_sharing_enabled":true,"_links":{"self":[{"href":"https:\/\/www.eltrabajo.cl\/2017\/wp-json\/wp\/v2\/posts\/87941","targetHints":{"allow":["GET"]}}],"collection":[{"href":"https:\/\/www.eltrabajo.cl\/2017\/wp-json\/wp\/v2\/posts"}],"about":[{"href":"https:\/\/www.eltrabajo.cl\/2017\/wp-json\/wp\/v2\/types\/post"}],"author":[{"embeddable":true,"href":"https:\/\/www.eltrabajo.cl\/2017\/wp-json\/wp\/v2\/users\/1"}],"replies":[{"embeddable":true,"href":"https:\/\/www.eltrabajo.cl\/2017\/wp-json\/wp\/v2\/comments?post=87941"}],"version-history":[{"count":1,"href":"https:\/\/www.eltrabajo.cl\/2017\/wp-json\/wp\/v2\/posts\/87941\/revisions"}],"predecessor-version":[{"id":87944,"href":"https:\/\/www.eltrabajo.cl\/2017\/wp-json\/wp\/v2\/posts\/87941\/revisions\/87944"}],"wp:featuredmedia":[{"embeddable":true,"href":"https:\/\/www.eltrabajo.cl\/2017\/wp-json\/wp\/v2\/media\/87943"}],"wp:attachment":[{"href":"https:\/\/www.eltrabajo.cl\/2017\/wp-json\/wp\/v2\/media?parent=87941"}],"wp:term":[{"taxonomy":"category","embeddable":true,"href":"https:\/\/www.eltrabajo.cl\/2017\/wp-json\/wp\/v2\/categories?post=87941"},{"taxonomy":"post_tag","embeddable":true,"href":"https:\/\/www.eltrabajo.cl\/2017\/wp-json\/wp\/v2\/tags?post=87941"}],"curies":[{"name":"wp","href":"https:\/\/api.w.org\/{rel}","templated":true}]}}