{"id":87951,"date":"2018-08-23T05:04:36","date_gmt":"2018-08-23T09:04:36","guid":{"rendered":"http:\/\/www.eltrabajo.cl\/2017\/?p=87951"},"modified":"2018-08-22T20:02:31","modified_gmt":"2018-08-23T00:02:31","slug":"hallan-sin-vida-a-vecino-de-la-nacional-en-plazoleta-de-pob-esperanza","status":"publish","type":"post","link":"https:\/\/www.eltrabajo.cl\/2017\/hallan-sin-vida-a-vecino-de-la-nacional-en-plazoleta-de-pob-esperanza\/","title":{"rendered":"Hallan sin vida a vecino de La Nacional en plazoleta de Pob. Esperanza"},"content":{"rendered":"<figure id=\"attachment_87952\" aria-describedby=\"caption-attachment-87952\" style=\"width: 580px\" class=\"wp-caption alignnone\"><img data-recalc-dims=\"1\" loading=\"lazy\" decoding=\"async\" class=\"size-full wp-image-87952\" src=\"https:\/\/i0.wp.com\/www.eltrabajo.cl\/2017\/wp-content\/uploads\/2018\/08\/Fallecido-2.jpg?resize=580%2C435\" alt=\"Carabineros, PDI y SML en el lugar donde fue encontrado el cuerpo sin vida de Iv\u00e1n Aquiles Salinas Pizarro.\" width=\"580\" height=\"435\" srcset=\"https:\/\/i0.wp.com\/www.eltrabajo.cl\/2017\/wp-content\/uploads\/2018\/08\/Fallecido-2.jpg?w=580&amp;ssl=1 580w, https:\/\/i0.wp.com\/www.eltrabajo.cl\/2017\/wp-content\/uploads\/2018\/08\/Fallecido-2.jpg?resize=300%2C225&amp;ssl=1 300w, https:\/\/i0.wp.com\/www.eltrabajo.cl\/2017\/wp-content\/uploads\/2018\/08\/Fallecido-2.jpg?resize=150%2C113&amp;ssl=1 150w\" sizes=\"auto, (max-width: 580px) 100vw, 580px\" \/><figcaption id=\"caption-attachment-87952\" class=\"wp-caption-text\">Carabineros, PDI y SML en el lugar donde fue encontrado el cuerpo sin vida de Iv\u00e1n Aquiles Salinas Pizarro.<\/figcaption><\/figure>\n<p>Un hombre de sesenta a\u00f1os fue hallado muerto en la plazoleta de la Poblaci\u00f3n Esperanza. El hallazgo se produjo ayer en la ma\u00f1ana, a eso de las 09:30 horas.<br \/>\nEl cuerpo del hombre fue identificado como Iv\u00e1n Aquiles Salinas Pizarro, de sesenta a\u00f1os de edad, domiciliado en Poblaci\u00f3n La Nacional; antes de eso hab\u00eda vivido en el sector El Almendral.<br \/>\nUna de sus amigas, de nombre Leonor, dijo que este martes, a eso de las 22:00 horas, lo fue a dejar a la casa: \u201cLo acost\u00e9, pero una vecina dijo que hab\u00eda salido como a las once y media de la noche, se vino para ac\u00e1 a tomar porque ten\u00eda amigos aqu\u00ed; era una persona que estaba en tratamiento contra el alcohol, pero igual tomaba. Sobre su muerte me imagino que debe haber estado ah\u00ed, se debe haber quedado dormido y se cay\u00f3, el cuerpo estaba enrolladito\u201d, indic\u00f3.<br \/>\nOtro que lleg\u00f3 al lugar fue su hermano Miguel Salinas, quien dijo que \u201cdesgraciadamente se lo llev\u00f3 el alcohol, pero no era mala gente, pero nunca entendi\u00f3. Era soltero, no ten\u00eda hijos, viv\u00eda con nosotros en la poblaci\u00f3n La Nacional. El lunes se pag\u00f3 y nunca pudo aplacar la sed, \u00faltimamente tomaba despu\u00e9s que muri\u00f3 su mam\u00e1, no dej\u00f3 nunca de tomar, esa es una de las razones que ahora est\u00e9 muerto, ahora a darle una cristiana sepultura, pero el dolor es fuerte, converse con \u00e9l ayer como todos los d\u00edas lo hac\u00eda\u201d, se\u00f1al\u00f3.<br \/>\nAl lugar concurri\u00f3 personal de la Brigada de Homicidios de la PDI, a cargo del Subcomisario Patricio Cuevas, se\u00f1alando que conforme al examen externo del cuerpo que ellos realizaron en el lugar, \u201cno existen antecedentes y no tiene alg\u00fan tipo de lesi\u00f3n atribuible a terceras personas, sumado a eso por antecedentes aportados por familiares, manifiestan que esta persona de sesenta a\u00f1os padec\u00eda de alcoholismo y tabaquismo cr\u00f3nico adem\u00e1s de otras enfermedades a su edad\u201d, indic\u00f3 el oficial.<br \/>\n<strong>&#8211; Preliminarmente, \u00bfcu\u00e1l podr\u00eda ser la causa de la muerte, teniendo en cuenta que falta la autopsia?<\/strong><br \/>\n&#8211; Preliminarmente podr\u00eda haber sido un infarto al miocardio, su coraz\u00f3n.<br \/>\nEl cuerpo se encontraba, seg\u00fan la polic\u00eda, en posici\u00f3n fetal.<br \/>\nEn el sitio del suceso tambi\u00e9n se hizo presente personal de Carabineros, quienes ser\u00e1n los encargados de enviar todos los antecedentes a la fiscal\u00eda local de San Felipe.<\/p>\n<figure id=\"attachment_87953\" aria-describedby=\"caption-attachment-87953\" style=\"width: 579px\" class=\"wp-caption alignnone\"><img data-recalc-dims=\"1\" loading=\"lazy\" decoding=\"async\" class=\"size-full wp-image-87953\" src=\"https:\/\/i0.wp.com\/www.eltrabajo.cl\/2017\/wp-content\/uploads\/2018\/08\/Fallecido.jpg?resize=579%2C350\" alt=\"El cuerpo yace cubierto por la manta en la plazoleta.\" width=\"579\" height=\"350\" srcset=\"https:\/\/i0.wp.com\/www.eltrabajo.cl\/2017\/wp-content\/uploads\/2018\/08\/Fallecido.jpg?w=579&amp;ssl=1 579w, https:\/\/i0.wp.com\/www.eltrabajo.cl\/2017\/wp-content\/uploads\/2018\/08\/Fallecido.jpg?resize=300%2C181&amp;ssl=1 300w, https:\/\/i0.wp.com\/www.eltrabajo.cl\/2017\/wp-content\/uploads\/2018\/08\/Fallecido.jpg?resize=150%2C91&amp;ssl=1 150w\" sizes=\"auto, (max-width: 579px) 100vw, 579px\" \/><figcaption id=\"caption-attachment-87953\" class=\"wp-caption-text\">El cuerpo yace cubierto por la manta en la plazoleta.<\/figcaption><\/figure>\n","protected":false},"excerpt":{"rendered":"<div class=\"mh-excerpt\"><p>Un hombre de sesenta a\u00f1os fue hallado muerto en la plazoleta de la Poblaci\u00f3n Esperanza. El hallazgo se produjo ayer en la ma\u00f1ana, a eso <a class=\"mh-excerpt-more\" href=\"https:\/\/www.eltrabajo.cl\/2017\/hallan-sin-vida-a-vecino-de-la-nacional-en-plazoleta-de-pob-esperanza\/\" title=\"Hallan sin vida a vecino de La Nacional en plazoleta de Pob. Esperanza\">[&#8230;]<\/a><\/p>\n<\/div>","protected":false},"author":1,"featured_media":87953,"comment_status":"open","ping_status":"open","sticky":false,"template":"","format":"standard","meta":{"_jetpack_newsletter_access":"","_jetpack_dont_email_post_to_subs":false,"_jetpack_newsletter_tier_id":0,"_jetpack_memberships_contains_paywalled_content":false,"_jetpack_memberships_contains_paid_content":false,"footnotes":""},"categories":[2],"tags":[],"class_list":["post-87951","post","type-post","status-publish","format-standard","has-post-thumbnail","hentry","category-policial"],"nelio_content":{"autoShareEndMode":"never","automationSources":{"useCustomSentences":false,"customSentences":[]},"efiAlt":"","efiUrl":"","followers":[],"highlights":[],"isAutoShareEnabled":true,"networkImageIds":[],"permalinkQueryArgs":[],"series":[],"suggestedReferences":[]},"jetpack_featured_media_url":"https:\/\/i0.wp.com\/www.eltrabajo.cl\/2017\/wp-content\/uploads\/2018\/08\/Fallecido.jpg?fit=579%2C350&ssl=1","jetpack_sharing_enabled":true,"_links":{"self":[{"href":"https:\/\/www.eltrabajo.cl\/2017\/wp-json\/wp\/v2\/posts\/87951","targetHints":{"allow":["GET"]}}],"collection":[{"href":"https:\/\/www.eltrabajo.cl\/2017\/wp-json\/wp\/v2\/posts"}],"about":[{"href":"https:\/\/www.eltrabajo.cl\/2017\/wp-json\/wp\/v2\/types\/post"}],"author":[{"embeddable":true,"href":"https:\/\/www.eltrabajo.cl\/2017\/wp-json\/wp\/v2\/users\/1"}],"replies":[{"embeddable":true,"href":"https:\/\/www.eltrabajo.cl\/2017\/wp-json\/wp\/v2\/comments?post=87951"}],"version-history":[{"count":1,"href":"https:\/\/www.eltrabajo.cl\/2017\/wp-json\/wp\/v2\/posts\/87951\/revisions"}],"predecessor-version":[{"id":87954,"href":"https:\/\/www.eltrabajo.cl\/2017\/wp-json\/wp\/v2\/posts\/87951\/revisions\/87954"}],"wp:featuredmedia":[{"embeddable":true,"href":"https:\/\/www.eltrabajo.cl\/2017\/wp-json\/wp\/v2\/media\/87953"}],"wp:attachment":[{"href":"https:\/\/www.eltrabajo.cl\/2017\/wp-json\/wp\/v2\/media?parent=87951"}],"wp:term":[{"taxonomy":"category","embeddable":true,"href":"https:\/\/www.eltrabajo.cl\/2017\/wp-json\/wp\/v2\/categories?post=87951"},{"taxonomy":"post_tag","embeddable":true,"href":"https:\/\/www.eltrabajo.cl\/2017\/wp-json\/wp\/v2\/tags?post=87951"}],"curies":[{"name":"wp","href":"https:\/\/api.w.org\/{rel}","templated":true}]}}