{"id":88057,"date":"2018-08-30T05:04:35","date_gmt":"2018-08-30T09:04:35","guid":{"rendered":"http:\/\/www.eltrabajo.cl\/2017\/?p=88057"},"modified":"2018-08-29T19:20:22","modified_gmt":"2018-08-29T23:20:22","slug":"delincuentes-ingresan-a-robar-casa-de-concejala-y-core-mientras-dormian","status":"publish","type":"post","link":"https:\/\/www.eltrabajo.cl\/2017\/delincuentes-ingresan-a-robar-casa-de-concejala-y-core-mientras-dormian\/","title":{"rendered":"Delincuentes ingresan a robar casa de concejala y Core mientras dorm\u00edan"},"content":{"rendered":"<figure id=\"attachment_88058\" aria-describedby=\"caption-attachment-88058\" style=\"width: 579px\" class=\"wp-caption alignnone\"><img data-recalc-dims=\"1\" loading=\"lazy\" decoding=\"async\" class=\"size-full wp-image-88058\" src=\"https:\/\/i0.wp.com\/www.eltrabajo.cl\/2017\/wp-content\/uploads\/2018\/08\/VEHICULO-PATRICIA-BOFFA.jpg?resize=579%2C435\" alt=\"El veh\u00edculo fue periciado por personal de la SIP de Carabineros de San Felipe, tras ser abandonado sin sus placas patentes por los delincuentes en el sector Quebrada Herrera de San Felipe.\" width=\"579\" height=\"435\" srcset=\"https:\/\/i0.wp.com\/www.eltrabajo.cl\/2017\/wp-content\/uploads\/2018\/08\/VEHICULO-PATRICIA-BOFFA.jpg?w=579&amp;ssl=1 579w, https:\/\/i0.wp.com\/www.eltrabajo.cl\/2017\/wp-content\/uploads\/2018\/08\/VEHICULO-PATRICIA-BOFFA.jpg?resize=300%2C225&amp;ssl=1 300w, https:\/\/i0.wp.com\/www.eltrabajo.cl\/2017\/wp-content\/uploads\/2018\/08\/VEHICULO-PATRICIA-BOFFA.jpg?resize=150%2C113&amp;ssl=1 150w\" sizes=\"auto, (max-width: 579px) 100vw, 579px\" \/><figcaption id=\"caption-attachment-88058\" class=\"wp-caption-text\">El veh\u00edculo fue periciado por personal de la SIP de Carabineros de San Felipe, tras ser abandonado sin sus placas patentes por los delincuentes en el sector Quebrada Herrera de San Felipe.<\/figcaption><\/figure>\n<p><span style=\"color: #ff0000;\"><strong>Se llevaron veh\u00edculo y otras especies desde Villa El Se\u00f1orial:<\/strong><\/span><\/p>\n<ul>\n<li><strong>Patricia Boffa e Iv\u00e1n Reyes se percataron del robo a primeras horas de ayer mi\u00e9rcoles. No obstante poco m\u00e1s tarde el veh\u00edculo sustra\u00eddo fue hallado en el sector Quebrada Herrera.<\/strong><\/li>\n<\/ul>\n<p>\u201cQuedo con una sensaci\u00f3n de inseguridad dentro de mi casa, de preocupaci\u00f3n porque es mi hogar, donde est\u00e1n mis hijos, porque me preocupa que ellos est\u00e9n bien, de que estos delincuentes no hayan subido al segundo piso, obvio que uno queda en un estado de shock\u201d, manifiesta con evidente nerviosismo a Diario El Trabajo la ex gobernadora y actual concejala de San Felipe, Patricia Boffa Casas, quien sufri\u00f3 el robo de su veh\u00edculo y otras especies mientras pernoctaba junto a su esposo, el consejero regional Iv\u00e1n Reyes e hijos en su domicilio en la Villa El Se\u00f1orial de esta ciudad.<br \/>\nLos desconocidos habr\u00edan ingresado durante la madrugada de este mi\u00e9rcoles al domicilio por el port\u00f3n de acceso vehicular, para luego irrumpir en las dependencias mientras la familia se encontraba durmiendo.<br \/>\nLos sujetos se habr\u00edan apoderado de un notebook que lo hab\u00edan dejado sobre el comedor, adem\u00e1s de una cartera y una maleta de maquillaje, m\u00e1s una plancha para el pelo: \u201cCreemos que forzaron la puerta porque le metieron algo para abrir como un carn\u00e9, algo duro. La SIP de Carabineros tom\u00f3 huellas de todos lados, adem\u00e1s no tengo alarma, ninguna de esas cosas\u201d, a\u00f1adi\u00f3 la edil.<br \/>\nFue as\u00ed que los delincuentes, tras cometer el robo, abordaron el veh\u00edculo estacionado dentro del inmueble, una Suv marca Nissan de color gris, llev\u00e1ndose consigo las otras especies detalladas, sin que la familia se percatara del delito en esos instantes, hasta descubrirlo a primeras horas de la ma\u00f1ana.<br \/>\nEl hecho fue denunciado a Carabineros, inici\u00e1ndose las primeras diligencias del caso, sin registrarse hasta el momento la identidad del o los autores del delito.<br \/>\nAsimismo durante la ma\u00f1ana de ayer mi\u00e9rcoles, vecinos del sector Quebrada Herrera se contactaron con la autoridad comunal para informar que un veh\u00edculo de similares caracter\u00edsticas se encontraba estacionado, sin sus placas patentes, en la v\u00eda p\u00fablica en el sector Quebrada Herrera, confirm\u00e1ndose posteriormente que autom\u00f3vil pertenece a las autoridades v\u00edctimas de este robo.<br \/>\n\u201cEl auto del a\u00f1o 2017 ahora est\u00e1 en Carabineros y posteriormente se lo llevan a la aseguradora para arreglarlo, porque tiene unos abollones chiquititos pero que hay que arreglarlos. Sobre las otras especies no hemos podido rescatar nada de eso (\u2026) Finalmente el veh\u00edculo es nuestra herramienta de trabajo, Iv\u00e1n recorre la provincia, yo hoy en d\u00eda lo ocupo para trabajar, entonces obviamente nosotros somos una familia de esfuerzo, igual que toda la gente de San Felipe que trabaja para poder estar bien. Recuperamos el veh\u00edculo gracias a los vecinos de Quebrada Herrera\u201d.<br \/>\nEl caso se mantiene en plena etapa investigativa por parte de la SIP de Carabineros de San Felipe.<br \/>\n<strong>Pablo Salinas Sald\u00edas<\/strong><\/p>\n","protected":false},"excerpt":{"rendered":"<div class=\"mh-excerpt\"><p>Se llevaron veh\u00edculo y otras especies desde Villa El Se\u00f1orial: Patricia Boffa e Iv\u00e1n Reyes se percataron del robo a primeras horas de ayer mi\u00e9rcoles. <a class=\"mh-excerpt-more\" href=\"https:\/\/www.eltrabajo.cl\/2017\/delincuentes-ingresan-a-robar-casa-de-concejala-y-core-mientras-dormian\/\" title=\"Delincuentes ingresan a robar casa de concejala y Core mientras dorm\u00edan\">[&#8230;]<\/a><\/p>\n<\/div>","protected":false},"author":1,"featured_media":88058,"comment_status":"closed","ping_status":"open","sticky":false,"template":"","format":"standard","meta":{"_jetpack_newsletter_access":"","_jetpack_dont_email_post_to_subs":false,"_jetpack_newsletter_tier_id":0,"_jetpack_memberships_contains_paywalled_content":false,"_jetpack_memberships_contains_paid_content":false,"footnotes":""},"categories":[2],"tags":[],"class_list":["post-88057","post","type-post","status-publish","format-standard","has-post-thumbnail","hentry","category-policial"],"nelio_content":{"autoShareEndMode":"never","automationSources":{"useCustomSentences":false,"customSentences":[]},"efiAlt":"","efiUrl":"","followers":[],"highlights":[],"isAutoShareEnabled":true,"networkImageIds":[],"permalinkQueryArgs":[],"series":[],"suggestedReferences":[]},"jetpack_featured_media_url":"https:\/\/i0.wp.com\/www.eltrabajo.cl\/2017\/wp-content\/uploads\/2018\/08\/VEHICULO-PATRICIA-BOFFA.jpg?fit=579%2C435&ssl=1","jetpack_sharing_enabled":true,"_links":{"self":[{"href":"https:\/\/www.eltrabajo.cl\/2017\/wp-json\/wp\/v2\/posts\/88057","targetHints":{"allow":["GET"]}}],"collection":[{"href":"https:\/\/www.eltrabajo.cl\/2017\/wp-json\/wp\/v2\/posts"}],"about":[{"href":"https:\/\/www.eltrabajo.cl\/2017\/wp-json\/wp\/v2\/types\/post"}],"author":[{"embeddable":true,"href":"https:\/\/www.eltrabajo.cl\/2017\/wp-json\/wp\/v2\/users\/1"}],"replies":[{"embeddable":true,"href":"https:\/\/www.eltrabajo.cl\/2017\/wp-json\/wp\/v2\/comments?post=88057"}],"version-history":[{"count":1,"href":"https:\/\/www.eltrabajo.cl\/2017\/wp-json\/wp\/v2\/posts\/88057\/revisions"}],"predecessor-version":[{"id":88059,"href":"https:\/\/www.eltrabajo.cl\/2017\/wp-json\/wp\/v2\/posts\/88057\/revisions\/88059"}],"wp:featuredmedia":[{"embeddable":true,"href":"https:\/\/www.eltrabajo.cl\/2017\/wp-json\/wp\/v2\/media\/88058"}],"wp:attachment":[{"href":"https:\/\/www.eltrabajo.cl\/2017\/wp-json\/wp\/v2\/media?parent=88057"}],"wp:term":[{"taxonomy":"category","embeddable":true,"href":"https:\/\/www.eltrabajo.cl\/2017\/wp-json\/wp\/v2\/categories?post=88057"},{"taxonomy":"post_tag","embeddable":true,"href":"https:\/\/www.eltrabajo.cl\/2017\/wp-json\/wp\/v2\/tags?post=88057"}],"curies":[{"name":"wp","href":"https:\/\/api.w.org\/{rel}","templated":true}]}}