{"id":88060,"date":"2018-08-30T05:05:30","date_gmt":"2018-08-30T09:05:30","guid":{"rendered":"http:\/\/www.eltrabajo.cl\/2017\/?p=88060"},"modified":"2018-08-29T19:22:07","modified_gmt":"2018-08-29T23:22:07","slug":"cae-narco-que-operaba-laboratorio-clandestino-de-drogas-en-barrancas","status":"publish","type":"post","link":"https:\/\/www.eltrabajo.cl\/2017\/cae-narco-que-operaba-laboratorio-clandestino-de-drogas-en-barrancas\/","title":{"rendered":"Cae narco que operaba laboratorio clandestino de drogas en Barrancas"},"content":{"rendered":"<figure id=\"attachment_88062\" aria-describedby=\"caption-attachment-88062\" style=\"width: 580px\" class=\"wp-caption alignnone\"><img data-recalc-dims=\"1\" loading=\"lazy\" decoding=\"async\" class=\"size-full wp-image-88062\" src=\"https:\/\/i0.wp.com\/www.eltrabajo.cl\/2017\/wp-content\/uploads\/2018\/08\/melete-drogas.jpg?resize=580%2C384\" alt=\"M\u00e1s de medio kilo de coca\u00edna de alta pureza, municiones, un rev\u00f3lver a fogueo y dinero en efectivo fue el resultado del allanamiento al lugar donde permanec\u00eda oculto el imputado.\" width=\"580\" height=\"384\" srcset=\"https:\/\/i0.wp.com\/www.eltrabajo.cl\/2017\/wp-content\/uploads\/2018\/08\/melete-drogas.jpg?w=580&amp;ssl=1 580w, https:\/\/i0.wp.com\/www.eltrabajo.cl\/2017\/wp-content\/uploads\/2018\/08\/melete-drogas.jpg?resize=300%2C199&amp;ssl=1 300w, https:\/\/i0.wp.com\/www.eltrabajo.cl\/2017\/wp-content\/uploads\/2018\/08\/melete-drogas.jpg?resize=150%2C99&amp;ssl=1 150w\" sizes=\"auto, (max-width: 580px) 100vw, 580px\" \/><figcaption id=\"caption-attachment-88062\" class=\"wp-caption-text\">M\u00e1s de medio kilo de coca\u00edna de alta pureza, municiones, un rev\u00f3lver a fogueo y dinero en efectivo fue el resultado del allanamiento al lugar donde permanec\u00eda oculto el imputado.<\/figcaption><\/figure>\n<p><span style=\"color: #ff0000;\"><strong>\u2018El Melete\u2019 fue capturado en San Esteban por la PDI:<\/strong><\/span><\/p>\n<ul>\n<li><strong>Antisocial se mantuvo pr\u00f3fugo tras operativo policial ejecutado a principios de julio de este a\u00f1o en San Felipe. Durante la detenci\u00f3n del sujeto se incaut\u00f3 m\u00e1s de medio kilo de coca\u00edna, municiones y un arma a fogueo.<\/strong><\/li>\n<\/ul>\n<p>A principios del mes de julio pasado, la Brigada Antinarc\u00f3ticos Contra el Crimen Organizado de la PDI de Los Andes desbarat\u00f3 el funcionamiento de un laboratorio clandestino de pasta base de coca\u00edna en el sector Barrancas de San Felipe, donde fueron detenidos tres ciudadanos chilenos, un peruano y un boliviano, quienes estar\u00edan involucrados en el tr\u00e1fico de drogas.<br \/>\nEn aquel operativo policial se incautaron m\u00e1s de seis kilos de pasta base de coca\u00edna, tres veh\u00edculos de lujo y $5 millones en efectivo en poder de los integrantes de la banda criminal residentes en San Felipe.<br \/>\nSin embargo el l\u00edder de esta agrupaci\u00f3n il\u00edcita, apodado \u2018El Melete\u2019, logr\u00f3 fugarse del operativo desplegado por los funcionarios de la Polic\u00eda de Investigaciones, cuyo paradero hasta entonces era desconocido, hasta que durante la jornada de este martes fue capturado en una vivienda del sector Lo Calvo en la comuna de San Esteban.<br \/>\nLos pasos de este sujeto estaban siendo seguidos de cerca por la polic\u00eda civil, hasta lograr su ubicaci\u00f3n, donde adem\u00e1s manten\u00eda coca\u00edna de alta pureza, municiones y una pistola a fogueo. As\u00ed lo inform\u00f3 a Diario El Trabajo, el Comisario de la Polic\u00eda de Investigaciones, Sergio Alvear.<br \/>\n\u201cSe desbarat\u00f3 inicialmente un laboratorio clandestino de abultamiento de drogas en la ciudad de San Felipe. En esa oportunidad se detuvo a gran parte de esta organizaci\u00f3n criminal, pero en ese momento se dio a la fuga el cabecilla de esta organizaci\u00f3n, el cual correspond\u00eda a un chileno residente en la ciudad de San Felipe. A ra\u00edz del an\u00e1lisis criminal y todo lo que concierne a la investigaci\u00f3n propiamente tal, procedimos a la ubicaci\u00f3n de esta persona que estaba de forma pr\u00f3fuga ocult\u00e1ndose en la comuna de San Esteban\u201d.<br \/>\nEl oficial policial detall\u00f3 que tras obtener una orden judicial de entrada y registro a dos inmuebles, fue hallado el imputado, incaut\u00e1ndose m\u00e1s de medio kilo de coca\u00edna de alta pureza, cuyas ganancias por las ventas de este alcaloide alcanzar\u00edan los $11 millones en dinero en efectivo.<br \/>\nAsimismo la polic\u00eda civil decomis\u00f3 municiones calibre 9 y 22 mil\u00edmetros y un armamento a fogueo. El imputado fue identificado como Andr\u00e9s Alejandro L\u00f3pez Parra, de 42 a\u00f1os de edad, alias \u2018El Melete\u2019, con antecedentes delictuales por delitos de tr\u00e1fico de drogas, robos y un homicidio, fue derivado durante la ma\u00f1ana de ayer mi\u00e9rcoles hasta el Juzgado de Garant\u00eda de Los Andes para ser formalizado por la Fiscal\u00eda.<br \/>\n<strong>Pablo Salinas Sald\u00edas<\/strong><\/p>\n<figure id=\"attachment_88061\" aria-describedby=\"caption-attachment-88061\" style=\"width: 580px\" class=\"wp-caption alignnone\"><img data-recalc-dims=\"1\" loading=\"lazy\" decoding=\"async\" class=\"size-full wp-image-88061\" src=\"https:\/\/i0.wp.com\/www.eltrabajo.cl\/2017\/wp-content\/uploads\/2018\/08\/melete-detenido-2.jpg?resize=580%2C384\" alt=\"El imputado apodado \u2018El Melete\u2019 fue capturado por la Brianco de la Polic\u00eda de Investigaciones de Los Andes.\" width=\"580\" height=\"384\" srcset=\"https:\/\/i0.wp.com\/www.eltrabajo.cl\/2017\/wp-content\/uploads\/2018\/08\/melete-detenido-2.jpg?w=580&amp;ssl=1 580w, https:\/\/i0.wp.com\/www.eltrabajo.cl\/2017\/wp-content\/uploads\/2018\/08\/melete-detenido-2.jpg?resize=300%2C199&amp;ssl=1 300w, https:\/\/i0.wp.com\/www.eltrabajo.cl\/2017\/wp-content\/uploads\/2018\/08\/melete-detenido-2.jpg?resize=150%2C99&amp;ssl=1 150w\" sizes=\"auto, (max-width: 580px) 100vw, 580px\" \/><figcaption id=\"caption-attachment-88061\" class=\"wp-caption-text\">El imputado apodado \u2018El Melete\u2019 fue capturado por la Brianco de la Polic\u00eda de Investigaciones de Los Andes.<\/figcaption><\/figure>\n","protected":false},"excerpt":{"rendered":"<div class=\"mh-excerpt\"><p>\u2018El Melete\u2019 fue capturado en San Esteban por la PDI: Antisocial se mantuvo pr\u00f3fugo tras operativo policial ejecutado a principios de julio de este a\u00f1o <a class=\"mh-excerpt-more\" href=\"https:\/\/www.eltrabajo.cl\/2017\/cae-narco-que-operaba-laboratorio-clandestino-de-drogas-en-barrancas\/\" title=\"Cae narco que operaba laboratorio clandestino de drogas en Barrancas\">[&#8230;]<\/a><\/p>\n<\/div>","protected":false},"author":1,"featured_media":88061,"comment_status":"closed","ping_status":"open","sticky":false,"template":"","format":"standard","meta":{"_jetpack_newsletter_access":"","_jetpack_dont_email_post_to_subs":false,"_jetpack_newsletter_tier_id":0,"_jetpack_memberships_contains_paywalled_content":false,"_jetpack_memberships_contains_paid_content":false,"footnotes":""},"categories":[2],"tags":[],"class_list":["post-88060","post","type-post","status-publish","format-standard","has-post-thumbnail","hentry","category-policial"],"nelio_content":{"autoShareEndMode":"never","automationSources":{"useCustomSentences":false,"customSentences":[]},"efiAlt":"","efiUrl":"","followers":[],"highlights":[],"isAutoShareEnabled":true,"networkImageIds":[],"permalinkQueryArgs":[],"series":[],"suggestedReferences":[]},"jetpack_featured_media_url":"https:\/\/i0.wp.com\/www.eltrabajo.cl\/2017\/wp-content\/uploads\/2018\/08\/melete-detenido-2.jpg?fit=580%2C384&ssl=1","jetpack_sharing_enabled":true,"_links":{"self":[{"href":"https:\/\/www.eltrabajo.cl\/2017\/wp-json\/wp\/v2\/posts\/88060","targetHints":{"allow":["GET"]}}],"collection":[{"href":"https:\/\/www.eltrabajo.cl\/2017\/wp-json\/wp\/v2\/posts"}],"about":[{"href":"https:\/\/www.eltrabajo.cl\/2017\/wp-json\/wp\/v2\/types\/post"}],"author":[{"embeddable":true,"href":"https:\/\/www.eltrabajo.cl\/2017\/wp-json\/wp\/v2\/users\/1"}],"replies":[{"embeddable":true,"href":"https:\/\/www.eltrabajo.cl\/2017\/wp-json\/wp\/v2\/comments?post=88060"}],"version-history":[{"count":1,"href":"https:\/\/www.eltrabajo.cl\/2017\/wp-json\/wp\/v2\/posts\/88060\/revisions"}],"predecessor-version":[{"id":88063,"href":"https:\/\/www.eltrabajo.cl\/2017\/wp-json\/wp\/v2\/posts\/88060\/revisions\/88063"}],"wp:featuredmedia":[{"embeddable":true,"href":"https:\/\/www.eltrabajo.cl\/2017\/wp-json\/wp\/v2\/media\/88061"}],"wp:attachment":[{"href":"https:\/\/www.eltrabajo.cl\/2017\/wp-json\/wp\/v2\/media?parent=88060"}],"wp:term":[{"taxonomy":"category","embeddable":true,"href":"https:\/\/www.eltrabajo.cl\/2017\/wp-json\/wp\/v2\/categories?post=88060"},{"taxonomy":"post_tag","embeddable":true,"href":"https:\/\/www.eltrabajo.cl\/2017\/wp-json\/wp\/v2\/tags?post=88060"}],"curies":[{"name":"wp","href":"https:\/\/api.w.org\/{rel}","templated":true}]}}