{"id":88068,"date":"2018-08-31T05:01:19","date_gmt":"2018-08-31T09:01:19","guid":{"rendered":"http:\/\/www.eltrabajo.cl\/2017\/?p=88068"},"modified":"2018-08-30T20:12:38","modified_gmt":"2018-08-31T00:12:38","slug":"en-plena-misa-de-javier-munoz-roban-aparato-de-transmision-del-cdf","status":"publish","type":"post","link":"https:\/\/www.eltrabajo.cl\/2017\/en-plena-misa-de-javier-munoz-roban-aparato-de-transmision-del-cdf\/","title":{"rendered":"En plena misa de Javier Mu\u00f1oz roban aparato de transmisi\u00f3n del CDF"},"content":{"rendered":"<figure id=\"attachment_88069\" aria-describedby=\"caption-attachment-88069\" style=\"width: 580px\" class=\"wp-caption alignnone\"><img data-recalc-dims=\"1\" loading=\"lazy\" decoding=\"async\" class=\"size-full wp-image-88069\" src=\"https:\/\/i0.wp.com\/www.eltrabajo.cl\/2017\/wp-content\/uploads\/2018\/08\/aparato-de-transmisi%C3%B3n-television.jpg?resize=580%2C391\" alt=\"Este el aparato que sirve para transmitir televisi\u00f3n digital.\" width=\"580\" height=\"391\" srcset=\"https:\/\/i0.wp.com\/www.eltrabajo.cl\/2017\/wp-content\/uploads\/2018\/08\/aparato-de-transmisi%C3%B3n-television.jpg?w=580&amp;ssl=1 580w, https:\/\/i0.wp.com\/www.eltrabajo.cl\/2017\/wp-content\/uploads\/2018\/08\/aparato-de-transmisi%C3%B3n-television.jpg?resize=300%2C202&amp;ssl=1 300w, https:\/\/i0.wp.com\/www.eltrabajo.cl\/2017\/wp-content\/uploads\/2018\/08\/aparato-de-transmisi%C3%B3n-television.jpg?resize=150%2C101&amp;ssl=1 150w\" sizes=\"auto, (max-width: 580px) 100vw, 580px\" \/><figcaption id=\"caption-attachment-88069\" class=\"wp-caption-text\">Este el aparato que sirve para transmitir televisi\u00f3n digital.<\/figcaption><\/figure>\n<p><span style=\"color: #ff0000;\"><strong>Avaluado en seis millones de pesos:<\/strong><\/span><\/p>\n<p>En la jornada de este mi\u00e9rcoles y mientras se desarrollaba la misa en recuerdo por la muerte de Javier Mu\u00f1oz Delgado, fue robado un complejo sistema de transmisi\u00f3n de televisi\u00f3n que consta de una mochila y el dispositivo electr\u00f3nico, equipo perteneciente al CDF y que est\u00e1 avaluado en la suma de seis millones de pesos.<br \/>\nEl periodista del Canal del F\u00fatbol, Sebasti\u00e1n D\u00edaz, fue quien confirm\u00f3 la informaci\u00f3n indicando que el aparato robado sirve para realizar transmisiones en vivo: \u201cEs una mochila celeste con un aparato gris en su interior que sirve para hacer transmisiones en vivo, v\u00eda sat\u00e9lite digital, la cual fue sustra\u00edda desde el interior de la Catedral mientras se desarrollaba la misa\u201d, se\u00f1al\u00f3.<br \/>\nRecalc\u00f3 que este aparato, al menos en San Felipe y Los Andes, no le sirve a ning\u00fan medio de comunicaci\u00f3n, \u201cporque ninguno tiene el decodificador que recibe la se\u00f1al. Lo otro es que alguien sepa o cuente como chiste que sacaron este aparato, sepa que al encenderla se va a activar inmediatamente un GPS de su ubicaci\u00f3n el cual ya est\u00e1 contactado con la PDI, apenas se prenda va haber un operativo para recuperar, ya est\u00e1 la alerta nacional por el robo de esta mochila de transmisi\u00f3n y realmente vamos a apelar a la buena voluntad de las personas\u201d, se\u00f1al\u00f3 D\u00edaz.<br \/>\nReiter\u00f3 que en Los Andes y San Felipe no le sirve a nadie.<br \/>\nLa denuncia se hizo en la PDI.<\/p>\n","protected":false},"excerpt":{"rendered":"<div class=\"mh-excerpt\"><p>Avaluado en seis millones de pesos: En la jornada de este mi\u00e9rcoles y mientras se desarrollaba la misa en recuerdo por la muerte de Javier <a class=\"mh-excerpt-more\" href=\"https:\/\/www.eltrabajo.cl\/2017\/en-plena-misa-de-javier-munoz-roban-aparato-de-transmision-del-cdf\/\" title=\"En plena misa de Javier Mu\u00f1oz roban aparato de transmisi\u00f3n del CDF\">[&#8230;]<\/a><\/p>\n<\/div>","protected":false},"author":1,"featured_media":88069,"comment_status":"closed","ping_status":"open","sticky":false,"template":"","format":"standard","meta":{"_jetpack_newsletter_access":"","_jetpack_dont_email_post_to_subs":false,"_jetpack_newsletter_tier_id":0,"_jetpack_memberships_contains_paywalled_content":false,"_jetpack_memberships_contains_paid_content":false,"footnotes":""},"categories":[2],"tags":[],"class_list":["post-88068","post","type-post","status-publish","format-standard","has-post-thumbnail","hentry","category-policial"],"nelio_content":{"autoShareEndMode":"never","automationSources":{"useCustomSentences":false,"customSentences":[]},"efiAlt":"","efiUrl":"","followers":[],"highlights":[],"isAutoShareEnabled":true,"networkImageIds":[],"permalinkQueryArgs":[],"series":[],"suggestedReferences":[]},"jetpack_featured_media_url":"https:\/\/i0.wp.com\/www.eltrabajo.cl\/2017\/wp-content\/uploads\/2018\/08\/aparato-de-transmisi%C3%B3n-television.jpg?fit=580%2C391&ssl=1","jetpack_sharing_enabled":true,"_links":{"self":[{"href":"https:\/\/www.eltrabajo.cl\/2017\/wp-json\/wp\/v2\/posts\/88068","targetHints":{"allow":["GET"]}}],"collection":[{"href":"https:\/\/www.eltrabajo.cl\/2017\/wp-json\/wp\/v2\/posts"}],"about":[{"href":"https:\/\/www.eltrabajo.cl\/2017\/wp-json\/wp\/v2\/types\/post"}],"author":[{"embeddable":true,"href":"https:\/\/www.eltrabajo.cl\/2017\/wp-json\/wp\/v2\/users\/1"}],"replies":[{"embeddable":true,"href":"https:\/\/www.eltrabajo.cl\/2017\/wp-json\/wp\/v2\/comments?post=88068"}],"version-history":[{"count":1,"href":"https:\/\/www.eltrabajo.cl\/2017\/wp-json\/wp\/v2\/posts\/88068\/revisions"}],"predecessor-version":[{"id":88070,"href":"https:\/\/www.eltrabajo.cl\/2017\/wp-json\/wp\/v2\/posts\/88068\/revisions\/88070"}],"wp:featuredmedia":[{"embeddable":true,"href":"https:\/\/www.eltrabajo.cl\/2017\/wp-json\/wp\/v2\/media\/88069"}],"wp:attachment":[{"href":"https:\/\/www.eltrabajo.cl\/2017\/wp-json\/wp\/v2\/media?parent=88068"}],"wp:term":[{"taxonomy":"category","embeddable":true,"href":"https:\/\/www.eltrabajo.cl\/2017\/wp-json\/wp\/v2\/categories?post=88068"},{"taxonomy":"post_tag","embeddable":true,"href":"https:\/\/www.eltrabajo.cl\/2017\/wp-json\/wp\/v2\/tags?post=88068"}],"curies":[{"name":"wp","href":"https:\/\/api.w.org\/{rel}","templated":true}]}}