{"id":88078,"date":"2018-08-31T05:03:29","date_gmt":"2018-08-31T09:03:29","guid":{"rendered":"http:\/\/www.eltrabajo.cl\/2017\/?p=88078"},"modified":"2018-08-30T20:23:23","modified_gmt":"2018-08-31T00:23:23","slug":"misterio-se-cierne-en-torno-a-inexplicable-cierre-de-supermercado-jumbo","status":"publish","type":"post","link":"https:\/\/www.eltrabajo.cl\/2017\/misterio-se-cierne-en-torno-a-inexplicable-cierre-de-supermercado-jumbo\/","title":{"rendered":"Misterio se cierne en torno a inexplicable cierre de Supermercado Jumbo"},"content":{"rendered":"<figure id=\"attachment_88079\" aria-describedby=\"caption-attachment-88079\" style=\"width: 578px\" class=\"wp-caption alignnone\"><img data-recalc-dims=\"1\" loading=\"lazy\" decoding=\"async\" class=\"size-full wp-image-88079\" src=\"https:\/\/i0.wp.com\/www.eltrabajo.cl\/2017\/wp-content\/uploads\/2018\/08\/Jumbo1.jpg?resize=578%2C367\" alt=\"INEXPLICABLE CIERRE.- Durante varias horas este supermercado estuvo cerrado ayer jueves, sin que la empresa diera explicaci\u00f3n a sus clientes, ni a nuestro medio.\" width=\"578\" height=\"367\" srcset=\"https:\/\/i0.wp.com\/www.eltrabajo.cl\/2017\/wp-content\/uploads\/2018\/08\/Jumbo1.jpg?w=578&amp;ssl=1 578w, https:\/\/i0.wp.com\/www.eltrabajo.cl\/2017\/wp-content\/uploads\/2018\/08\/Jumbo1.jpg?resize=300%2C190&amp;ssl=1 300w, https:\/\/i0.wp.com\/www.eltrabajo.cl\/2017\/wp-content\/uploads\/2018\/08\/Jumbo1.jpg?resize=150%2C95&amp;ssl=1 150w\" sizes=\"auto, (max-width: 578px) 100vw, 578px\" \/><figcaption id=\"caption-attachment-88079\" class=\"wp-caption-text\">INEXPLICABLE CIERRE.- Durante varias horas este supermercado estuvo cerrado ayer jueves, sin que la empresa diera explicaci\u00f3n a sus clientes, ni a nuestro medio.<\/figcaption><\/figure>\n<p>Un acontecimiento m\u00e1s que inusual, extra\u00f1o dir\u00edamos, es el que se registr\u00f3 ayer jueves desde horas de la ma\u00f1ana cuando en Supermercado Jumbo, en Avenida Miraflores, donde repentinamente cerraron el port\u00f3n principal de acceso y salida, obligaron a sus clientes a desalojar el establecimiento e impidieron el ingreso a los clientes que intentaban comprar.<\/p>\n<p><span style=\"color: #ff0000;\"><strong>\u00bfEMERGENCIA INTERNA?<\/strong><\/span><br \/>\nCuando por parte de Diario El Trabajo consultamos a los empleados del port\u00f3n principal la raz\u00f3n de esta medida, s\u00f3lo nos respondieron lo que a todos dec\u00edan: \u00abEs una emergencia interna\u00bb, extraoficialmente pudimos hablar con un empleado, quien pidi\u00f3 no revelaran su nombre, \u00e9ste s\u00f3lo descart\u00f3 que se tratara de alg\u00fan robo; alguna emergencia m\u00e9dica o escape de gas, situaci\u00f3n que pareciera cre\u00edble, pues no llegaron patrullas, Bomberos ni ambulancias. A varias persona que sal\u00edan del supermercado, los funcionarios en el port\u00f3n le revisaban el contenido de sus bolsos y maletines, cuando preguntamos por esta revisi\u00f3n, se nos dijo que eran \u2018reponedores\u2019, y que el protocolo de la empresa les obligaba a revisar.<br \/>\n\u00bfQu\u00e9 podr\u00eda obligar a una empresa tan seria como Jumbo, a cerrar sus puertas, sacar a sus clientes y no permitir el ingreso? Tampoco fue posible recibir alguna respuesta por parte de Carabineros San Felipe sobre esta situaci\u00f3n, pues tampoco a ellos les fue informado acerca de alg\u00fan simulacro o hecho delictivo en este centro comercial.<br \/>\n<strong>Roberto Gonz\u00e1lez Short<\/strong><\/p>\n","protected":false},"excerpt":{"rendered":"<div class=\"mh-excerpt\"><p>Un acontecimiento m\u00e1s que inusual, extra\u00f1o dir\u00edamos, es el que se registr\u00f3 ayer jueves desde horas de la ma\u00f1ana cuando en Supermercado Jumbo, en Avenida <a class=\"mh-excerpt-more\" href=\"https:\/\/www.eltrabajo.cl\/2017\/misterio-se-cierne-en-torno-a-inexplicable-cierre-de-supermercado-jumbo\/\" title=\"Misterio se cierne en torno a inexplicable cierre de Supermercado Jumbo\">[&#8230;]<\/a><\/p>\n<\/div>","protected":false},"author":1,"featured_media":88079,"comment_status":"closed","ping_status":"open","sticky":false,"template":"","format":"standard","meta":{"_jetpack_newsletter_access":"","_jetpack_dont_email_post_to_subs":false,"_jetpack_newsletter_tier_id":0,"_jetpack_memberships_contains_paywalled_content":false,"_jetpack_memberships_contains_paid_content":false,"footnotes":""},"categories":[2],"tags":[],"class_list":["post-88078","post","type-post","status-publish","format-standard","has-post-thumbnail","hentry","category-policial"],"nelio_content":{"autoShareEndMode":"never","automationSources":{"useCustomSentences":false,"customSentences":[]},"efiAlt":"","efiUrl":"","followers":[],"highlights":[],"isAutoShareEnabled":true,"networkImageIds":[],"permalinkQueryArgs":[],"series":[],"suggestedReferences":[]},"jetpack_featured_media_url":"https:\/\/i0.wp.com\/www.eltrabajo.cl\/2017\/wp-content\/uploads\/2018\/08\/Jumbo1.jpg?fit=578%2C367&ssl=1","jetpack_sharing_enabled":true,"_links":{"self":[{"href":"https:\/\/www.eltrabajo.cl\/2017\/wp-json\/wp\/v2\/posts\/88078","targetHints":{"allow":["GET"]}}],"collection":[{"href":"https:\/\/www.eltrabajo.cl\/2017\/wp-json\/wp\/v2\/posts"}],"about":[{"href":"https:\/\/www.eltrabajo.cl\/2017\/wp-json\/wp\/v2\/types\/post"}],"author":[{"embeddable":true,"href":"https:\/\/www.eltrabajo.cl\/2017\/wp-json\/wp\/v2\/users\/1"}],"replies":[{"embeddable":true,"href":"https:\/\/www.eltrabajo.cl\/2017\/wp-json\/wp\/v2\/comments?post=88078"}],"version-history":[{"count":1,"href":"https:\/\/www.eltrabajo.cl\/2017\/wp-json\/wp\/v2\/posts\/88078\/revisions"}],"predecessor-version":[{"id":88080,"href":"https:\/\/www.eltrabajo.cl\/2017\/wp-json\/wp\/v2\/posts\/88078\/revisions\/88080"}],"wp:featuredmedia":[{"embeddable":true,"href":"https:\/\/www.eltrabajo.cl\/2017\/wp-json\/wp\/v2\/media\/88079"}],"wp:attachment":[{"href":"https:\/\/www.eltrabajo.cl\/2017\/wp-json\/wp\/v2\/media?parent=88078"}],"wp:term":[{"taxonomy":"category","embeddable":true,"href":"https:\/\/www.eltrabajo.cl\/2017\/wp-json\/wp\/v2\/categories?post=88078"},{"taxonomy":"post_tag","embeddable":true,"href":"https:\/\/www.eltrabajo.cl\/2017\/wp-json\/wp\/v2\/tags?post=88078"}],"curies":[{"name":"wp","href":"https:\/\/api.w.org\/{rel}","templated":true}]}}