{"id":88081,"date":"2018-08-31T05:04:32","date_gmt":"2018-08-31T09:04:32","guid":{"rendered":"http:\/\/www.eltrabajo.cl\/2017\/?p=88081"},"modified":"2018-08-30T20:25:23","modified_gmt":"2018-08-31T00:25:23","slug":"a-dos-meses-de-salir-en-libertad-tras-condena-de-10-anos-es-capturado-por-cuatro-robos","status":"publish","type":"post","link":"https:\/\/www.eltrabajo.cl\/2017\/a-dos-meses-de-salir-en-libertad-tras-condena-de-10-anos-es-capturado-por-cuatro-robos\/","title":{"rendered":"A dos meses de salir en libertad tras condena de 10 a\u00f1os, es capturado por cuatro robos"},"content":{"rendered":"<figure id=\"attachment_88082\" aria-describedby=\"caption-attachment-88082\" style=\"width: 578px\" class=\"wp-caption alignnone\"><img data-recalc-dims=\"1\" loading=\"lazy\" decoding=\"async\" class=\"size-full wp-image-88082\" src=\"https:\/\/i0.wp.com\/www.eltrabajo.cl\/2017\/wp-content\/uploads\/2018\/08\/capturado.jpg?resize=578%2C245\" alt=\"El registro audiovisual corresponde al robo ocurrido en la Villa Aconcagua de San Felipe el pasado 17 de agosto.\" width=\"578\" height=\"245\" srcset=\"https:\/\/i0.wp.com\/www.eltrabajo.cl\/2017\/wp-content\/uploads\/2018\/08\/capturado.jpg?w=578&amp;ssl=1 578w, https:\/\/i0.wp.com\/www.eltrabajo.cl\/2017\/wp-content\/uploads\/2018\/08\/capturado.jpg?resize=300%2C127&amp;ssl=1 300w, https:\/\/i0.wp.com\/www.eltrabajo.cl\/2017\/wp-content\/uploads\/2018\/08\/capturado.jpg?resize=150%2C64&amp;ssl=1 150w\" sizes=\"auto, (max-width: 578px) 100vw, 578px\" \/><figcaption id=\"caption-attachment-88082\" class=\"wp-caption-text\">El registro audiovisual corresponde al robo ocurrido en la Villa Aconcagua de San Felipe el pasado 17 de agosto.<\/figcaption><\/figure>\n<p><span style=\"color: #ff0000;\"><strong>\u2018El Care Queso\u2019 fue detenido por la SIP de Carabineros:<\/strong><\/span><\/p>\n<ul>\n<li><strong>Imputado cumpli\u00f3 condena de 10 a\u00f1os por robo con intimidaci\u00f3n en Valpara\u00edso. Registros audiovisuales que fueron viral en internet fueron las pruebas para acusarlo de reincidencia.<\/strong><\/li>\n<\/ul>\n<p>Tras diversas diligencias efectuadas por la Secci\u00f3n de Investigaci\u00f3n Policial (SIP) de Carabineros de San Felipe, se logr\u00f3 dar con el paradero de un antisocial apodado \u2018El Care Queso\u2019, quien habr\u00eda participado en al menos cuatro delitos de robo perpetrados en esta ciudad, dos de ellos cometidos en las dependencias de la Cancha de Tenis de La Troya y en una vivienda de la Villa Aconcagua, cuyo registro de las c\u00e1maras de seguridad fue viral en redes sociales.<br \/>\nEste sujeto estaba siendo buscado por la polic\u00eda tras recibir las denuncias formales por estos delitos, apuntando a quien ser\u00eda el presunto autor que coincid\u00eda con los registros audiovisuales periciados por Carabineros.<br \/>\nUno de estos registros de las c\u00e1maras de seguridad, seg\u00fan se logra apreciar en las capturas que acompa\u00f1an esta nota informativa, muestra que el imputado, alrededor de las 16:00 horas del pasado 17 de agosto, habr\u00eda escalado hasta el interior de una vivienda en la Villa Aconcagua de San Felipe para sustraer especies, aprovechando que sus moradores no se encontraban en esos momentos.<br \/>\nSeg\u00fan se pudo conocer, este antisocial hace dos meses sali\u00f3 de la c\u00e1rcel de Valpara\u00edso tras cumplir una condena de 10 a\u00f1os y un d\u00eda privado de libertad por el delito de robo con intimidaci\u00f3n, regresando a la ciudad de San Felipe para aparentemente seguir cometiendo delitos de robos.<br \/>\nAsimismo el imputado estar\u00eda involucrado en un robo perpetrado el 30 de julio pasado en el Club de Tenis de San Felipe, efectuado en horas de la madrugada, sustray\u00e9ndose en ese entonces dinero en efectivo y una bicicleta, donde existir\u00eda material audiovisual que lo situar\u00eda en el sitio del suceso.<br \/>\nCarabineros de la SIP, en coordinaci\u00f3n con la Fiscal\u00eda de San Felipe, obtuvo una orden judicial de captura inmediata en contra de este sujeto, efectu\u00e1ndose vigilancias en la Villa La Escuadra de San Felipe durante la tarde de este mi\u00e9rcoles, hasta lograr ser ubicado y detenido en este lugar para ser procesado ante la justicia.<br \/>\nDurante la ma\u00f1ana de ayer jueves, el imputado de iniciales L.A.M.G. de 31 a\u00f1os de edad, alias \u2018El Care Queso\u2019, quien registra amplio prontuario delictual, fue trasladado hasta el Juzgado de Garant\u00eda de San Felipe para ser formalizado por la Fiscal\u00eda.<br \/>\nDurante la audiencia de control de detenci\u00f3n, el Ministerio P\u00fablico requiri\u00f3 ante este tribunal la m\u00e1xima cautelar de prisi\u00f3n preventiva por representar un peligro para la seguridad de la sociedad, medida que fue acogida por el Juez de Garant\u00eda ordenando el ingreso del acusado hasta la c\u00e1rcel, fij\u00e1ndose un plazo de investigaci\u00f3n de 75 d\u00edas.<br \/>\n<strong>Pablo Salinas Sald\u00edas<\/strong><\/p>\n<figure id=\"attachment_88083\" aria-describedby=\"caption-attachment-88083\" style=\"width: 580px\" class=\"wp-caption alignnone\"><img data-recalc-dims=\"1\" loading=\"lazy\" decoding=\"async\" class=\"size-full wp-image-88083\" src=\"https:\/\/i0.wp.com\/www.eltrabajo.cl\/2017\/wp-content\/uploads\/2018\/08\/DETENIDO-SIP.jpg?resize=580%2C410\" alt=\"El imputado apodado \u2018El Care Queso\u2019 fue detenido por personal de la SIP de Carabineros de San Felipe la tarde de este mi\u00e9rcoles.\" width=\"580\" height=\"410\" srcset=\"https:\/\/i0.wp.com\/www.eltrabajo.cl\/2017\/wp-content\/uploads\/2018\/08\/DETENIDO-SIP.jpg?w=580&amp;ssl=1 580w, https:\/\/i0.wp.com\/www.eltrabajo.cl\/2017\/wp-content\/uploads\/2018\/08\/DETENIDO-SIP.jpg?resize=300%2C212&amp;ssl=1 300w, https:\/\/i0.wp.com\/www.eltrabajo.cl\/2017\/wp-content\/uploads\/2018\/08\/DETENIDO-SIP.jpg?resize=150%2C106&amp;ssl=1 150w\" sizes=\"auto, (max-width: 580px) 100vw, 580px\" \/><figcaption id=\"caption-attachment-88083\" class=\"wp-caption-text\">El imputado apodado \u2018El Care Queso\u2019 fue detenido por personal de la SIP de Carabineros de San Felipe la tarde de este mi\u00e9rcoles.<\/figcaption><\/figure>\n","protected":false},"excerpt":{"rendered":"<div class=\"mh-excerpt\"><p>\u2018El Care Queso\u2019 fue detenido por la SIP de Carabineros: Imputado cumpli\u00f3 condena de 10 a\u00f1os por robo con intimidaci\u00f3n en Valpara\u00edso. Registros audiovisuales que <a class=\"mh-excerpt-more\" href=\"https:\/\/www.eltrabajo.cl\/2017\/a-dos-meses-de-salir-en-libertad-tras-condena-de-10-anos-es-capturado-por-cuatro-robos\/\" title=\"A dos meses de salir en libertad tras condena de 10 a\u00f1os, es capturado por cuatro robos\">[&#8230;]<\/a><\/p>\n<\/div>","protected":false},"author":1,"featured_media":88083,"comment_status":"closed","ping_status":"open","sticky":false,"template":"","format":"standard","meta":{"_jetpack_newsletter_access":"","_jetpack_dont_email_post_to_subs":false,"_jetpack_newsletter_tier_id":0,"_jetpack_memberships_contains_paywalled_content":false,"_jetpack_memberships_contains_paid_content":false,"footnotes":""},"categories":[2],"tags":[],"class_list":["post-88081","post","type-post","status-publish","format-standard","has-post-thumbnail","hentry","category-policial"],"nelio_content":{"autoShareEndMode":"never","automationSources":{"useCustomSentences":false,"customSentences":[]},"efiAlt":"","efiUrl":"","followers":[],"highlights":[],"isAutoShareEnabled":true,"networkImageIds":[],"permalinkQueryArgs":[],"series":[],"suggestedReferences":[]},"jetpack_featured_media_url":"https:\/\/i0.wp.com\/www.eltrabajo.cl\/2017\/wp-content\/uploads\/2018\/08\/DETENIDO-SIP.jpg?fit=580%2C410&ssl=1","jetpack_sharing_enabled":true,"_links":{"self":[{"href":"https:\/\/www.eltrabajo.cl\/2017\/wp-json\/wp\/v2\/posts\/88081","targetHints":{"allow":["GET"]}}],"collection":[{"href":"https:\/\/www.eltrabajo.cl\/2017\/wp-json\/wp\/v2\/posts"}],"about":[{"href":"https:\/\/www.eltrabajo.cl\/2017\/wp-json\/wp\/v2\/types\/post"}],"author":[{"embeddable":true,"href":"https:\/\/www.eltrabajo.cl\/2017\/wp-json\/wp\/v2\/users\/1"}],"replies":[{"embeddable":true,"href":"https:\/\/www.eltrabajo.cl\/2017\/wp-json\/wp\/v2\/comments?post=88081"}],"version-history":[{"count":2,"href":"https:\/\/www.eltrabajo.cl\/2017\/wp-json\/wp\/v2\/posts\/88081\/revisions"}],"predecessor-version":[{"id":88085,"href":"https:\/\/www.eltrabajo.cl\/2017\/wp-json\/wp\/v2\/posts\/88081\/revisions\/88085"}],"wp:featuredmedia":[{"embeddable":true,"href":"https:\/\/www.eltrabajo.cl\/2017\/wp-json\/wp\/v2\/media\/88083"}],"wp:attachment":[{"href":"https:\/\/www.eltrabajo.cl\/2017\/wp-json\/wp\/v2\/media?parent=88081"}],"wp:term":[{"taxonomy":"category","embeddable":true,"href":"https:\/\/www.eltrabajo.cl\/2017\/wp-json\/wp\/v2\/categories?post=88081"},{"taxonomy":"post_tag","embeddable":true,"href":"https:\/\/www.eltrabajo.cl\/2017\/wp-json\/wp\/v2\/tags?post=88081"}],"curies":[{"name":"wp","href":"https:\/\/api.w.org\/{rel}","templated":true}]}}