{"id":88086,"date":"2018-08-31T05:05:59","date_gmt":"2018-08-31T09:05:59","guid":{"rendered":"http:\/\/www.eltrabajo.cl\/2017\/?p=88086"},"modified":"2018-08-30T20:27:54","modified_gmt":"2018-08-31T00:27:54","slug":"roban-dos-millones-en-especies-desde-casa-de-adulta-mayor-enferma","status":"publish","type":"post","link":"https:\/\/www.eltrabajo.cl\/2017\/roban-dos-millones-en-especies-desde-casa-de-adulta-mayor-enferma\/","title":{"rendered":"Roban dos millones en especies desde casa de adulta mayor enferma"},"content":{"rendered":"<figure id=\"attachment_88088\" aria-describedby=\"caption-attachment-88088\" style=\"width: 580px\" class=\"wp-caption alignnone\"><img data-recalc-dims=\"1\" loading=\"lazy\" decoding=\"async\" class=\"size-full wp-image-88088\" src=\"https:\/\/i0.wp.com\/www.eltrabajo.cl\/2017\/wp-content\/uploads\/2018\/08\/esp%C3%A1tula.jpg?resize=580%2C334\" alt=\"Esta esp\u00e1tula fue usada para forzar la ventana del frontis de la casa.\" width=\"580\" height=\"334\" srcset=\"https:\/\/i0.wp.com\/www.eltrabajo.cl\/2017\/wp-content\/uploads\/2018\/08\/esp%C3%A1tula.jpg?w=580&amp;ssl=1 580w, https:\/\/i0.wp.com\/www.eltrabajo.cl\/2017\/wp-content\/uploads\/2018\/08\/esp%C3%A1tula.jpg?resize=300%2C173&amp;ssl=1 300w, https:\/\/i0.wp.com\/www.eltrabajo.cl\/2017\/wp-content\/uploads\/2018\/08\/esp%C3%A1tula.jpg?resize=150%2C86&amp;ssl=1 150w\" sizes=\"auto, (max-width: 580px) 100vw, 580px\" \/><figcaption id=\"caption-attachment-88088\" class=\"wp-caption-text\">Esta esp\u00e1tula fue usada para forzar la ventana del frontis de la casa.<\/figcaption><\/figure>\n<ul>\n<li><strong><span style=\"color: #ff0000;\">V\u00edctima est\u00e1 convaleciente de un problema de salud<\/span> y recibi\u00f3 la visita de los indeseables cuando se encontraba durmiendo.<\/strong><\/li>\n<\/ul>\n<p>Un millonario robo afect\u00f3 a una adulta mayor en su casa habitaci\u00f3n ubicada en Calle Hermanos Carrera de la Poblaci\u00f3n San Felipe. El hecho qued\u00f3 al descubierto este mi\u00e9rcoles en la ma\u00f1ana.<br \/>\nLa v\u00edctima es Gladys Osorio, adulta mayor que est\u00e1 convaleciente de un problema de salud que le aqueja.<br \/>\nLa v\u00edctima dice que es segunda vez que entran a robar; \u201cpero ahora se llevaron hartas cosas, la vez pasada igual, la primera vez no di cuenta a Carabineros porque me bloque\u00e9\u2026 Estaba aqu\u00ed en mi casa, menos mal que yo no los sent\u00ed cuando entraron, pero esta vez la casa estaba sola porque yo estoy convaleciente de mi problema de salud que tengo, as\u00ed es que no hab\u00eda nadie. Tuvieron todo el tiempo del mundo para robar, me robaron todas las joyas que ten\u00eda guardadas en el velador, se llevaron los dos plasmas, lo que echo de menos por el momento, dejaron encaminado los tubos de gas para llev\u00e1rselos, ir\u00e1n a volver en la noche pienso yo\u201d, dijo.<br \/>\nEl o los delincuentes, para ingresar al inmueble, usaron una esp\u00e1tula con la cual sacaron el ventanal del frontis de la vivienda, saliendo por la puerta principal del inmueble que dejaron abierta.<br \/>\nLa afectada reconoce que ya no se puede dejar la casa sola; \u201ctodo cerrado estoy con las puertas aseguradas, sin embargo sacaron el ventanal para entrar\u201d, dice Gladys.<br \/>\nEn cuanto al valor sustra\u00eddo, la v\u00edctima dijo que son unos dos millones de pesos por lo menos; \u201csi mis pulseras eran hartas, m\u00e1s que impotencia siento rabia, mi nuera viene a prender la luz todas las noches para dar seguridad, y de qu\u00e9 sirve ya nadie nos protege, mandan los ladrones, ellos son los que la llevan ahora\u201d, se\u00f1al\u00f3 la v\u00edctima.<br \/>\nLos plasmas estaban ubicados en su dormitorio y en un comedor.<br \/>\nRealiz\u00f3 la denuncia correspondiente en Carabineros.<\/p>\n<figure id=\"attachment_88087\" aria-describedby=\"caption-attachment-88087\" style=\"width: 578px\" class=\"wp-caption alignnone\"><img data-recalc-dims=\"1\" loading=\"lazy\" decoding=\"async\" class=\"size-full wp-image-88087\" src=\"https:\/\/i0.wp.com\/www.eltrabajo.cl\/2017\/wp-content\/uploads\/2018\/08\/Casa.jpg?resize=578%2C347\" alt=\"En esta casa robaron dos millones de pesos a una adulta mayor convaleciente. \" width=\"578\" height=\"347\" srcset=\"https:\/\/i0.wp.com\/www.eltrabajo.cl\/2017\/wp-content\/uploads\/2018\/08\/Casa.jpg?w=578&amp;ssl=1 578w, https:\/\/i0.wp.com\/www.eltrabajo.cl\/2017\/wp-content\/uploads\/2018\/08\/Casa.jpg?resize=300%2C180&amp;ssl=1 300w, https:\/\/i0.wp.com\/www.eltrabajo.cl\/2017\/wp-content\/uploads\/2018\/08\/Casa.jpg?resize=150%2C90&amp;ssl=1 150w\" sizes=\"auto, (max-width: 578px) 100vw, 578px\" \/><figcaption id=\"caption-attachment-88087\" class=\"wp-caption-text\">En esta casa robaron dos millones de pesos a una adulta mayor convaleciente.<\/figcaption><\/figure>\n","protected":false},"excerpt":{"rendered":"<div class=\"mh-excerpt\"><p>V\u00edctima est\u00e1 convaleciente de un problema de salud y recibi\u00f3 la visita de los indeseables cuando se encontraba durmiendo. Un millonario robo afect\u00f3 a una <a class=\"mh-excerpt-more\" href=\"https:\/\/www.eltrabajo.cl\/2017\/roban-dos-millones-en-especies-desde-casa-de-adulta-mayor-enferma\/\" title=\"Roban dos millones en especies desde casa de adulta mayor enferma\">[&#8230;]<\/a><\/p>\n<\/div>","protected":false},"author":1,"featured_media":88087,"comment_status":"closed","ping_status":"open","sticky":false,"template":"","format":"standard","meta":{"_jetpack_newsletter_access":"","_jetpack_dont_email_post_to_subs":false,"_jetpack_newsletter_tier_id":0,"_jetpack_memberships_contains_paywalled_content":false,"_jetpack_memberships_contains_paid_content":false,"footnotes":""},"categories":[2],"tags":[],"class_list":["post-88086","post","type-post","status-publish","format-standard","has-post-thumbnail","hentry","category-policial"],"nelio_content":{"autoShareEndMode":"never","automationSources":{"useCustomSentences":false,"customSentences":[]},"efiAlt":"","efiUrl":"","followers":[],"highlights":[],"isAutoShareEnabled":true,"networkImageIds":[],"permalinkQueryArgs":[],"series":[],"suggestedReferences":[]},"jetpack_featured_media_url":"https:\/\/i0.wp.com\/www.eltrabajo.cl\/2017\/wp-content\/uploads\/2018\/08\/Casa.jpg?fit=578%2C347&ssl=1","jetpack_sharing_enabled":true,"_links":{"self":[{"href":"https:\/\/www.eltrabajo.cl\/2017\/wp-json\/wp\/v2\/posts\/88086","targetHints":{"allow":["GET"]}}],"collection":[{"href":"https:\/\/www.eltrabajo.cl\/2017\/wp-json\/wp\/v2\/posts"}],"about":[{"href":"https:\/\/www.eltrabajo.cl\/2017\/wp-json\/wp\/v2\/types\/post"}],"author":[{"embeddable":true,"href":"https:\/\/www.eltrabajo.cl\/2017\/wp-json\/wp\/v2\/users\/1"}],"replies":[{"embeddable":true,"href":"https:\/\/www.eltrabajo.cl\/2017\/wp-json\/wp\/v2\/comments?post=88086"}],"version-history":[{"count":1,"href":"https:\/\/www.eltrabajo.cl\/2017\/wp-json\/wp\/v2\/posts\/88086\/revisions"}],"predecessor-version":[{"id":88089,"href":"https:\/\/www.eltrabajo.cl\/2017\/wp-json\/wp\/v2\/posts\/88086\/revisions\/88089"}],"wp:featuredmedia":[{"embeddable":true,"href":"https:\/\/www.eltrabajo.cl\/2017\/wp-json\/wp\/v2\/media\/88087"}],"wp:attachment":[{"href":"https:\/\/www.eltrabajo.cl\/2017\/wp-json\/wp\/v2\/media?parent=88086"}],"wp:term":[{"taxonomy":"category","embeddable":true,"href":"https:\/\/www.eltrabajo.cl\/2017\/wp-json\/wp\/v2\/categories?post=88086"},{"taxonomy":"post_tag","embeddable":true,"href":"https:\/\/www.eltrabajo.cl\/2017\/wp-json\/wp\/v2\/tags?post=88086"}],"curies":[{"name":"wp","href":"https:\/\/api.w.org\/{rel}","templated":true}]}}