{"id":88553,"date":"2018-10-04T05:06:09","date_gmt":"2018-10-04T09:06:09","guid":{"rendered":"http:\/\/www.eltrabajo.cl\/2017\/?p=88553"},"modified":"2018-10-03T19:53:56","modified_gmt":"2018-10-03T23:53:56","slug":"mujer-se-querella-contra-ex-esposo-por-incendio-y-parricidio-frustrado","status":"publish","type":"post","link":"https:\/\/www.eltrabajo.cl\/2017\/mujer-se-querella-contra-ex-esposo-por-incendio-y-parricidio-frustrado\/","title":{"rendered":"Mujer se querella contra ex esposo por incendio y parricidio frustrado"},"content":{"rendered":"<figure id=\"attachment_88554\" aria-describedby=\"caption-attachment-88554\" style=\"width: 580px\" class=\"wp-caption alignnone\"><img data-recalc-dims=\"1\" loading=\"lazy\" decoding=\"async\" class=\"size-full wp-image-88554\" src=\"https:\/\/i0.wp.com\/www.eltrabajo.cl\/2017\/wp-content\/uploads\/2018\/10\/incendio-Jose-Villagran.jpg?resize=580%2C399\" alt=\"Jos\u00e9 Villagr\u00e1n, abogado querellante. (Archivo).\" width=\"580\" height=\"399\" srcset=\"https:\/\/i0.wp.com\/www.eltrabajo.cl\/2017\/wp-content\/uploads\/2018\/10\/incendio-Jose-Villagran.jpg?w=580&amp;ssl=1 580w, https:\/\/i0.wp.com\/www.eltrabajo.cl\/2017\/wp-content\/uploads\/2018\/10\/incendio-Jose-Villagran.jpg?resize=300%2C206&amp;ssl=1 300w, https:\/\/i0.wp.com\/www.eltrabajo.cl\/2017\/wp-content\/uploads\/2018\/10\/incendio-Jose-Villagran.jpg?resize=150%2C103&amp;ssl=1 150w\" sizes=\"auto, (max-width: 580px) 100vw, 580px\" \/><figcaption id=\"caption-attachment-88554\" class=\"wp-caption-text\">Jos\u00e9 Villagr\u00e1n, abogado querellante. (Archivo).<\/figcaption><\/figure>\n<p><span style=\"color: #ff0000;\"><strong>Siniestro afect\u00f3 a casona en Panquehue:<\/strong><\/span><\/p>\n<p>Una querella criminal por los delitos de amenazas, parricidio en grado de frustrado, incendio y maltrato habitual, fue interpuesta por una mujer contra su ex esposo. La acci\u00f3n judicial se realiz\u00f3 ayer en el Tribunal de Garant\u00eda de San Felipe.<br \/>\nEl abogado Jos\u00e9 Villagr\u00e1n dijo que la querellante es Marjorie Faltin Villalobos, quien inicia la acci\u00f3n judicial en contra de Ernesto Oscar Salgado Penztke.<br \/>\nEn ese contexto el abogado Jos\u00e9 Villagr\u00e1n dijo que \u201clos afectados por este incendio son personas que me pidieron que los recibiera a objeto de contarme los antecedentes, y luego de eso llegamos a la conclusi\u00f3n que en estos hechos hab\u00eda claramente un delito. Ellos me exhibieron algunas fotograf\u00edas, me hicieron un relato porque ellos lograron llegar cuando estaba el operativo de Labocar y Bomberos, ah\u00ed ellos les confirmaron en el lugar que efectivamente este es un delito intencional, es un incendio intencional. Desde ese punto de vista desarrollamos un largo trabajo en t\u00e9rminos de buscar el origen de este hecho y hemos llegado a la convicci\u00f3n de que hay una participaci\u00f3n de una persona con nombre y apellido que hoy (ayer), hemos interpuesto una querella en el Tribunal de garant\u00eda de San Felipe. La querellante es la se\u00f1ora Marjorie Faltin Villalobos, es quien inicia la acci\u00f3n legal en contra de Ernesto Oscar Salgado Pentzke, quien est\u00e1 querellado de acuerdo a la presentaci\u00f3n que hemos iniciado el d\u00eda de hoy, por diversos delitos, comenzando en primer t\u00e9rmino por el delito de amenazas, siguiendo despu\u00e9s con el delito de parricidio en grado de frustrado, a continuaci\u00f3n el delito de incendio y finalmente el delito de maltrato habitual\u201d, se\u00f1al\u00f3 Villagr\u00e1n.<br \/>\nEl abogado explic\u00f3 el delito de parricidio en grado de frustrado indicando que \u201cefectivamente la acci\u00f3n que se desarrolla, seg\u00fan lo dicen o as\u00ed lo van a decir los informes t\u00e9cnicos, es intencional; lo segundo es que hay una serie de pruebas que dar\u00edan cuenta de la participaci\u00f3n en calidad de autor del imputado, que dar\u00edan cuenta que la permanencia de las personas ah\u00ed se supon\u00eda, entonces cuando uno despliega todo aquello que es necesario para dar muerte a alguien y por una circunstancia accidental, como no estar en el lugar, no se genera la muerte, el delito se comete igual; esa es nuestra tesis y ese es el planteamiento que hacemos al \u00f3rgano encargado de la investigaci\u00f3n que es la fiscal\u00eda\u201d, se\u00f1al\u00f3 Villagr\u00e1n.<br \/>\nEl relato de los hechos en s\u00edntesis indica, seg\u00fan el abogado, es que hay anuncios por escrito de cometer delito, luego esos anuncios se ven perpetrados en la realidad como fue el incendio y ese siniestro es intencional: \u201cDesde ese punto de vista el camino de la investigaci\u00f3n tiene un cord\u00f3n bien potente en t\u00e9rminos de que se ha ido dejando rastro de la actuaci\u00f3n por parte del querellado, como desde enunciar la comisi\u00f3n de un delito hasta que se concreta es decididamente intencional\u201d, se\u00f1al\u00f3.<br \/>\nJunto con la querella han pedido una serie de diligencias para la investigaci\u00f3n, donde a trav\u00e9s de la tecnolog\u00eda es posible hacer un seguimiento para saber d\u00f3nde estaba el imputado el d\u00eda de los hechos.<br \/>\nEn relaci\u00f3n a las penas, es el ordenamiento jur\u00eddico el que las establece.<br \/>\nEl m\u00f3vil, seg\u00fan el abogado, ser\u00eda que el querellado quer\u00eda recuperar ese inmueble de propiedad de su familia para efectos de venderlo y esa motivaci\u00f3n lo llev\u00f3 a solicitar la devoluci\u00f3n de manera insistente, y ante la negativa se ejecuta el hecho que s\u00f3lo lo beneficia a \u00e9l.<br \/>\nLos delitos de parricidio e incendio son delitos de alta penalidad, como cadena perpetua simple.<br \/>\nEl incendio que da origen a la querella se produjo el d\u00eda viernes 21 de septiembre en la madrugada, alrededor de las cinco de la ma\u00f1ana, en la comuna de Panquehue, y afect\u00f3 a una casona.<br \/>\nAhora queda que el tribunal le d\u00e9 curso a la querella, no encontrando observaciones, y la env\u00ede a la fiscal\u00eda local de San Felipe.<\/p>\n<figure id=\"attachment_88555\" aria-describedby=\"caption-attachment-88555\" style=\"width: 580px\" class=\"wp-caption alignnone\"><img data-recalc-dims=\"1\" loading=\"lazy\" decoding=\"async\" class=\"size-full wp-image-88555\" src=\"https:\/\/i0.wp.com\/www.eltrabajo.cl\/2017\/wp-content\/uploads\/2018\/10\/incendio.jpg?resize=580%2C399\" alt=\"El incendio dej\u00f3 serios da\u00f1os y desde un comienzo se baraj\u00f3 la tesis de la intencionalidad debido a la evidencia encontrada en el lugar.\" width=\"580\" height=\"399\" srcset=\"https:\/\/i0.wp.com\/www.eltrabajo.cl\/2017\/wp-content\/uploads\/2018\/10\/incendio.jpg?w=580&amp;ssl=1 580w, https:\/\/i0.wp.com\/www.eltrabajo.cl\/2017\/wp-content\/uploads\/2018\/10\/incendio.jpg?resize=300%2C206&amp;ssl=1 300w, https:\/\/i0.wp.com\/www.eltrabajo.cl\/2017\/wp-content\/uploads\/2018\/10\/incendio.jpg?resize=150%2C103&amp;ssl=1 150w\" sizes=\"auto, (max-width: 580px) 100vw, 580px\" \/><figcaption id=\"caption-attachment-88555\" class=\"wp-caption-text\">El incendio dej\u00f3 serios da\u00f1os y desde un comienzo se baraj\u00f3 la tesis de la intencionalidad debido a la evidencia encontrada en el lugar.<\/figcaption><\/figure>\n<figure id=\"attachment_88556\" aria-describedby=\"caption-attachment-88556\" style=\"width: 579px\" class=\"wp-caption alignnone\"><img data-recalc-dims=\"1\" loading=\"lazy\" decoding=\"async\" class=\"size-full wp-image-88556\" src=\"https:\/\/i0.wp.com\/www.eltrabajo.cl\/2017\/wp-content\/uploads\/2018\/10\/incendio2.jpg?resize=579%2C555\" alt=\"El m\u00f3vil del presunto atentado incendiario ser\u00eda el de vender la propiedad seg\u00fan la parte querellante.\" width=\"579\" height=\"555\" srcset=\"https:\/\/i0.wp.com\/www.eltrabajo.cl\/2017\/wp-content\/uploads\/2018\/10\/incendio2.jpg?w=579&amp;ssl=1 579w, https:\/\/i0.wp.com\/www.eltrabajo.cl\/2017\/wp-content\/uploads\/2018\/10\/incendio2.jpg?resize=300%2C288&amp;ssl=1 300w, https:\/\/i0.wp.com\/www.eltrabajo.cl\/2017\/wp-content\/uploads\/2018\/10\/incendio2.jpg?resize=150%2C144&amp;ssl=1 150w\" sizes=\"auto, (max-width: 579px) 100vw, 579px\" \/><figcaption id=\"caption-attachment-88556\" class=\"wp-caption-text\">El m\u00f3vil del presunto atentado incendiario ser\u00eda el de vender la propiedad seg\u00fan la parte querellante.<\/figcaption><\/figure>\n","protected":false},"excerpt":{"rendered":"<div class=\"mh-excerpt\"><p>Siniestro afect\u00f3 a casona en Panquehue: Una querella criminal por los delitos de amenazas, parricidio en grado de frustrado, incendio y maltrato habitual, fue interpuesta <a class=\"mh-excerpt-more\" href=\"https:\/\/www.eltrabajo.cl\/2017\/mujer-se-querella-contra-ex-esposo-por-incendio-y-parricidio-frustrado\/\" title=\"Mujer se querella contra ex esposo por incendio y parricidio frustrado\">[&#8230;]<\/a><\/p>\n<\/div>","protected":false},"author":1,"featured_media":88555,"comment_status":"open","ping_status":"open","sticky":false,"template":"","format":"standard","meta":{"_jetpack_newsletter_access":"","_jetpack_dont_email_post_to_subs":false,"_jetpack_newsletter_tier_id":0,"_jetpack_memberships_contains_paywalled_content":false,"_jetpack_memberships_contains_paid_content":false,"footnotes":""},"categories":[2],"tags":[],"class_list":["post-88553","post","type-post","status-publish","format-standard","has-post-thumbnail","hentry","category-policial"],"nelio_content":{"autoShareEndMode":"never","automationSources":{"useCustomSentences":false,"customSentences":[]},"efiAlt":"","efiUrl":"","followers":[],"highlights":[],"isAutoShareEnabled":true,"networkImageIds":[],"permalinkQueryArgs":[],"series":[],"suggestedReferences":[]},"jetpack_featured_media_url":"https:\/\/i0.wp.com\/www.eltrabajo.cl\/2017\/wp-content\/uploads\/2018\/10\/incendio.jpg?fit=580%2C399&ssl=1","jetpack_sharing_enabled":true,"_links":{"self":[{"href":"https:\/\/www.eltrabajo.cl\/2017\/wp-json\/wp\/v2\/posts\/88553","targetHints":{"allow":["GET"]}}],"collection":[{"href":"https:\/\/www.eltrabajo.cl\/2017\/wp-json\/wp\/v2\/posts"}],"about":[{"href":"https:\/\/www.eltrabajo.cl\/2017\/wp-json\/wp\/v2\/types\/post"}],"author":[{"embeddable":true,"href":"https:\/\/www.eltrabajo.cl\/2017\/wp-json\/wp\/v2\/users\/1"}],"replies":[{"embeddable":true,"href":"https:\/\/www.eltrabajo.cl\/2017\/wp-json\/wp\/v2\/comments?post=88553"}],"version-history":[{"count":1,"href":"https:\/\/www.eltrabajo.cl\/2017\/wp-json\/wp\/v2\/posts\/88553\/revisions"}],"predecessor-version":[{"id":88557,"href":"https:\/\/www.eltrabajo.cl\/2017\/wp-json\/wp\/v2\/posts\/88553\/revisions\/88557"}],"wp:featuredmedia":[{"embeddable":true,"href":"https:\/\/www.eltrabajo.cl\/2017\/wp-json\/wp\/v2\/media\/88555"}],"wp:attachment":[{"href":"https:\/\/www.eltrabajo.cl\/2017\/wp-json\/wp\/v2\/media?parent=88553"}],"wp:term":[{"taxonomy":"category","embeddable":true,"href":"https:\/\/www.eltrabajo.cl\/2017\/wp-json\/wp\/v2\/categories?post=88553"},{"taxonomy":"post_tag","embeddable":true,"href":"https:\/\/www.eltrabajo.cl\/2017\/wp-json\/wp\/v2\/tags?post=88553"}],"curies":[{"name":"wp","href":"https:\/\/api.w.org\/{rel}","templated":true}]}}