{"id":88563,"date":"2018-10-05T05:01:53","date_gmt":"2018-10-05T09:01:53","guid":{"rendered":"http:\/\/www.eltrabajo.cl\/2017\/?p=88563"},"modified":"2018-10-04T19:39:17","modified_gmt":"2018-10-04T23:39:17","slug":"condenan-a-mujer-que-asalto-a-dos-trabajadoras-con-un-destornillador","status":"publish","type":"post","link":"https:\/\/www.eltrabajo.cl\/2017\/condenan-a-mujer-que-asalto-a-dos-trabajadoras-con-un-destornillador\/","title":{"rendered":"Condenan a mujer que asalt\u00f3 a dos trabajadoras con un destornillador"},"content":{"rendered":"<figure id=\"attachment_88564\" aria-describedby=\"caption-attachment-88564\" style=\"width: 580px\" class=\"wp-caption alignnone\"><img data-recalc-dims=\"1\" loading=\"lazy\" decoding=\"async\" class=\"size-full wp-image-88564\" src=\"https:\/\/i0.wp.com\/www.eltrabajo.cl\/2017\/wp-content\/uploads\/2018\/10\/mujer-esposada1.jpg?resize=580%2C400\" alt=\"La mujer fue detenida por Carabineros y condenada a la pena de cinco a\u00f1os y un d\u00eda de c\u00e1rcel. (Foto Referencial).\" width=\"580\" height=\"400\" srcset=\"https:\/\/i0.wp.com\/www.eltrabajo.cl\/2017\/wp-content\/uploads\/2018\/10\/mujer-esposada1.jpg?w=580&amp;ssl=1 580w, https:\/\/i0.wp.com\/www.eltrabajo.cl\/2017\/wp-content\/uploads\/2018\/10\/mujer-esposada1.jpg?resize=300%2C207&amp;ssl=1 300w, https:\/\/i0.wp.com\/www.eltrabajo.cl\/2017\/wp-content\/uploads\/2018\/10\/mujer-esposada1.jpg?resize=150%2C103&amp;ssl=1 150w\" sizes=\"auto, (max-width: 580px) 100vw, 580px\" \/><figcaption id=\"caption-attachment-88564\" class=\"wp-caption-text\">La mujer fue detenida por Carabineros y condenada a la pena de cinco a\u00f1os y un d\u00eda de c\u00e1rcel. (Foto Referencial).<\/figcaption><\/figure>\n<p><span style=\"color: #ff0000;\"><strong>Sentenciada a 5 a\u00f1os y un d\u00eda de c\u00e1rcel:<\/strong><\/span><\/p>\n<ul>\n<li><strong>Delito ocurri\u00f3 en marzo de este a\u00f1o en un local comercial de calle Traslavi\u00f1a en San Felipe, luego que la antisocial intimidara con la herramienta a las v\u00edctimas para apoderarse de una suma de $30.000.<\/strong><\/li>\n<\/ul>\n<p>Como autora del delito de robo con intimidaci\u00f3n fue condenada por el Tribunal Oral en Lo Penal de San Felipe, una mujer identificada como Silvia Del Carmen Salinas Barraza, tras cometer un asalto premunida de un destornillador, siendo v\u00edctimas dos trabajadoras de un local comercial de esta comuna.<br \/>\nLa Fiscal\u00eda acus\u00f3 a la imputada de los hechos ocurridos el 15 de marzo de este a\u00f1o, alrededor de las 18:55 horas, luego que la actual sentenciada habr\u00eda ingresado hasta un local comercial ubicado en calle Traslavi\u00f1a, intimidando a dos trabajadoras con un destornillador, oblig\u00e1ndolas a hacer entrega del dinero que manten\u00edan en la caja registradora.<br \/>\nEn pocos segundos la asaltante logr\u00f3 obtener un magro bot\u00edn de $30.000 huyendo r\u00e1pidamente hacia la v\u00eda p\u00fablica, siendo denunciada a Carabineros quienes tras patrullajes por el sector la detienen en calle Traslavi\u00f1a esquina Artem\u00f3n Cifuentes de San Felipe.<br \/>\nAmbas v\u00edctimas reconocieron a la antisocial como la autora del delito, quien manten\u00eda en su poder el dinero robado y el destornillador con el que habr\u00eda intimidado a las afectadas, seg\u00fan refiri\u00f3 la acusaci\u00f3n del Fiscal Rodrigo Zapata Cu\u00e9llar durante el juicio desarrollado la semana pasada.<br \/>\nLos jueces declararon a la imputada culpable del delito de robo con intimidaci\u00f3n, sentenciando a la pena de cinco a\u00f1os y un d\u00eda de presidio mayor en su grado m\u00ednimo. Dicha pena deber\u00e1 ser cumplida \u00edntegramente en la c\u00e1rcel, abon\u00e1ndose 198 d\u00edas que la sentenciada estuvo privada de libertad.<br \/>\n<strong>Pablo Salinas Sald\u00edas<\/strong><\/p>\n","protected":false},"excerpt":{"rendered":"<div class=\"mh-excerpt\"><p>Sentenciada a 5 a\u00f1os y un d\u00eda de c\u00e1rcel: Delito ocurri\u00f3 en marzo de este a\u00f1o en un local comercial de calle Traslavi\u00f1a en San <a class=\"mh-excerpt-more\" href=\"https:\/\/www.eltrabajo.cl\/2017\/condenan-a-mujer-que-asalto-a-dos-trabajadoras-con-un-destornillador\/\" title=\"Condenan a mujer que asalt\u00f3 a dos trabajadoras con un destornillador\">[&#8230;]<\/a><\/p>\n<\/div>","protected":false},"author":1,"featured_media":88564,"comment_status":"open","ping_status":"open","sticky":false,"template":"","format":"standard","meta":{"_jetpack_newsletter_access":"","_jetpack_dont_email_post_to_subs":false,"_jetpack_newsletter_tier_id":0,"_jetpack_memberships_contains_paywalled_content":false,"_jetpack_memberships_contains_paid_content":false,"footnotes":""},"categories":[2],"tags":[],"class_list":["post-88563","post","type-post","status-publish","format-standard","has-post-thumbnail","hentry","category-policial"],"nelio_content":{"autoShareEndMode":"never","automationSources":{"useCustomSentences":false,"customSentences":[]},"efiAlt":"","efiUrl":"","followers":[],"highlights":[],"isAutoShareEnabled":true,"networkImageIds":[],"permalinkQueryArgs":[],"series":[],"suggestedReferences":[]},"jetpack_featured_media_url":"https:\/\/i0.wp.com\/www.eltrabajo.cl\/2017\/wp-content\/uploads\/2018\/10\/mujer-esposada1.jpg?fit=580%2C400&ssl=1","jetpack_sharing_enabled":true,"_links":{"self":[{"href":"https:\/\/www.eltrabajo.cl\/2017\/wp-json\/wp\/v2\/posts\/88563","targetHints":{"allow":["GET"]}}],"collection":[{"href":"https:\/\/www.eltrabajo.cl\/2017\/wp-json\/wp\/v2\/posts"}],"about":[{"href":"https:\/\/www.eltrabajo.cl\/2017\/wp-json\/wp\/v2\/types\/post"}],"author":[{"embeddable":true,"href":"https:\/\/www.eltrabajo.cl\/2017\/wp-json\/wp\/v2\/users\/1"}],"replies":[{"embeddable":true,"href":"https:\/\/www.eltrabajo.cl\/2017\/wp-json\/wp\/v2\/comments?post=88563"}],"version-history":[{"count":1,"href":"https:\/\/www.eltrabajo.cl\/2017\/wp-json\/wp\/v2\/posts\/88563\/revisions"}],"predecessor-version":[{"id":88565,"href":"https:\/\/www.eltrabajo.cl\/2017\/wp-json\/wp\/v2\/posts\/88563\/revisions\/88565"}],"wp:featuredmedia":[{"embeddable":true,"href":"https:\/\/www.eltrabajo.cl\/2017\/wp-json\/wp\/v2\/media\/88564"}],"wp:attachment":[{"href":"https:\/\/www.eltrabajo.cl\/2017\/wp-json\/wp\/v2\/media?parent=88563"}],"wp:term":[{"taxonomy":"category","embeddable":true,"href":"https:\/\/www.eltrabajo.cl\/2017\/wp-json\/wp\/v2\/categories?post=88563"},{"taxonomy":"post_tag","embeddable":true,"href":"https:\/\/www.eltrabajo.cl\/2017\/wp-json\/wp\/v2\/tags?post=88563"}],"curies":[{"name":"wp","href":"https:\/\/api.w.org\/{rel}","templated":true}]}}