{"id":88566,"date":"2018-10-05T05:02:26","date_gmt":"2018-10-05T09:02:26","guid":{"rendered":"http:\/\/www.eltrabajo.cl\/2017\/?p=88566"},"modified":"2018-10-04T19:41:14","modified_gmt":"2018-10-04T23:41:14","slug":"denuncian-por-prevaricacion-y-obstruccion-de-la-justicia-a-abogado-peter-pirtzl","status":"publish","type":"post","link":"https:\/\/www.eltrabajo.cl\/2017\/denuncian-por-prevaricacion-y-obstruccion-de-la-justicia-a-abogado-peter-pirtzl\/","title":{"rendered":"Denuncian por prevaricaci\u00f3n y obstrucci\u00f3n de la justicia a abogado Peter Pirtzl"},"content":{"rendered":"<figure id=\"attachment_88568\" aria-describedby=\"caption-attachment-88568\" style=\"width: 580px\" class=\"wp-caption alignnone\"><img data-recalc-dims=\"1\" loading=\"lazy\" decoding=\"async\" class=\"size-full wp-image-88568\" src=\"https:\/\/i0.wp.com\/www.eltrabajo.cl\/2017\/wp-content\/uploads\/2018\/10\/abogado-peter-pirlzt.jpg?resize=580%2C399\" alt=\"El abogado Peter Pirlzt nuevamente se ve envuelto en situaciones cuestionables.\" width=\"580\" height=\"399\" srcset=\"https:\/\/i0.wp.com\/www.eltrabajo.cl\/2017\/wp-content\/uploads\/2018\/10\/abogado-peter-pirlzt.jpg?w=580&amp;ssl=1 580w, https:\/\/i0.wp.com\/www.eltrabajo.cl\/2017\/wp-content\/uploads\/2018\/10\/abogado-peter-pirlzt.jpg?resize=300%2C206&amp;ssl=1 300w, https:\/\/i0.wp.com\/www.eltrabajo.cl\/2017\/wp-content\/uploads\/2018\/10\/abogado-peter-pirlzt.jpg?resize=150%2C103&amp;ssl=1 150w\" sizes=\"auto, (max-width: 580px) 100vw, 580px\" \/><figcaption id=\"caption-attachment-88568\" class=\"wp-caption-text\">El abogado Peter Pirlzt nuevamente se ve envuelto en situaciones cuestionables.<\/figcaption><\/figure>\n<p><span style=\"color: #ff0000;\"><strong>Defensor del homicida de la peque\u00f1a \u00c1mbar:<\/strong><\/span><\/p>\n<ul>\n<li><strong>Representante del imputado por el crimen del profesor Nibaldo Villegas, en Villa Alemana, habr\u00eda tratado supuestamente de asumir la defensa de Johanna Hern\u00e1ndez.<\/strong><\/li>\n<\/ul>\n<p>Una nueva acusaci\u00f3n fue presentada contra el abogado Peter Pirtzl, quien defiende a Miguel Espinoza Aravena, imputado por el crimen de la peque\u00f1a \u00c1mbar, hecho que estremeci\u00f3 a Los Andes y a todo el pa\u00eds por tratarse de una v\u00edctima de menos de dos a\u00f1os brutalmente violada y que finalmente falleci\u00f3 por las lesiones sufridas. El abogado esta vez fue acusado de los delitos de prevaricaci\u00f3n y obstrucci\u00f3n de la justicia en el caso del profesor Nibaldo Villegas, asesinado y descuartizado en Villa Alemana.<br \/>\nAs\u00ed lo informa el diario \u2018La Tercera\u2019, que se\u00f1ala que Pirtzl, defensor de uno de los imputados por el crimen del docente (Francisco Silva), habr\u00eda visitado en la c\u00e1rcel de Valpara\u00edso a la co imputada, Johanna Hern\u00e1ndez para ofrecer sus servicios profesionales, situaci\u00f3n incompatible debido a que ambos acusados presentan versiones contradictorias y no podr\u00edan tener a un mismo abogado.<br \/>\nLa denuncia fue hecha durante una audiencia de cautela de garant\u00edas en el Tribunal de Garant\u00eda de Villa Alemana por el abogado de la mujer, el defensor P\u00fablico Dagoberto Past\u00e9n, quien se\u00f1al\u00f3 que el 23 de septiembre \u201cdo\u00f1a Johanna me confirm\u00f3 que se present\u00f3 a visitarla, diciendo que era su abogado defensor, solicitando conversar con ella y obteniendo una entrevista. En el fondo, el motivo de la entrevista era obtener la representaci\u00f3n por parte del mismo abogado que defiende al coimputado de do\u00f1a Johanna, quien se sinti\u00f3 amenazada\u201d.<br \/>\nDe acuerdo a lo informado por La Tercera, el defensor se\u00f1al\u00f3 que el actuar de Pirtzl fue \u201cdesprolijo\u201d, \u201cevidenciando adem\u00e1s que en el inicio de esta causa (incluso antes que se formalizara) advirti\u00f3 una evidente incompatibilidad de las defensas\u201d, dijo Past\u00e9n.<br \/>\nPor su parte Pirtzl asegur\u00f3 que \u00abfui con una raz\u00f3n \u00fanica y exclusiva (\u2026) que (Johanna) se abstuviera de mandar \u2013a trav\u00e9s de no s\u00e9 qu\u00e9 v\u00eda- cartas a mi cliente. Por ning\u00fan motivo le dije que yo quer\u00eda asumir la representaci\u00f3n de ella\u00bb.<br \/>\nEn ese sentido, afirm\u00f3 que Hern\u00e1ndez le habr\u00eda enviado a Silva al menos dos cartas, en las cuales \u00aben el fondo tienden a manipular a mi cliente, tienen por objeto dar a conocer que ella es una persona inocente y que directamente \u00e9l se eche la culpa como supuestamente \u00e9l le hab\u00eda prometido a Johanna\u00bb, dijo Pirtzl tras la audiencia.<br \/>\nA su vez, el defensor de Silva, expuso que su representado no tiene participaci\u00f3n en el homicidio de Nibaldo Villegas, pues \u00abintervino con posterioridad al hecho, es decir, cuando el profesor Nibaldo ya estaba fallecido. No la culpa a ella porque a\u00fan est\u00e1 enamorado de Johanna y \u00e9l est\u00e1 sufriendo por ella. Fue manipulado. \u00c9l particip\u00f3 en el ocultamiento del cuerpo, en el descuartizamiento, nada m\u00e1s que eso\u00bb.<\/p>\n<p><span style=\"color: #ff0000;\"><strong>HISTORIAL<\/strong><\/span><br \/>\nComo estos presuntos hechos habr\u00edan ocurrido al interior de la c\u00e1rcel de Valpara\u00edso, donde tambi\u00e9n se encuentra recluido Miguel Espinoza, los antecedentes fueron enviados a la fiscal\u00eda de esa ciudad para que sean investigados.<br \/>\nCabe recordar que el abogado Peter Pirtzl no es la primera vez que se ve involucrado en hechos cuestionables, ya que el letrado alcanz\u00f3 notoriedad p\u00fablica por haber sido el primer abogado defensor que tuvo el Femicida Alan Matter Reaffernau, a quien estaf\u00f3 en la suma de 8 millones de pesos.<br \/>\nSeg\u00fan la investigaci\u00f3n del Ministerio P\u00fablico de Los Andes, el abogado cobr\u00f3 a Matter esa suma por parcialidades a fin de llevar adelante diligencias tendientes a obtener su liberaci\u00f3n mientras estuvo en prisi\u00f3n preventiva, y a supuestos dep\u00f3sitos en dinero efectuados en el tribunal para reparar el mal causado en contra de la familia de la v\u00edctima Mar\u00eda Luisa Le\u00f3n.<br \/>\nEn una oportunidad, lleg\u00f3 hasta la casa de Matter en la villa Renacer de San Esteban y sustrajo una estufa Bosca. Luego de ello y aprovechando un poder amplio que le confiri\u00f3 Matter, retir\u00f3 desde la PDI su motocicleta y un notebook, apropi\u00e1ndose de ambos bienes.<br \/>\nTambi\u00e9n ofreci\u00f3 sus servicios de defensa jur\u00eddica a R\u00f3binson Zamora y su pareja Nicole Leiva, ambos en ese entonces imputados y luego condenados por el crimen de la peque\u00f1a Katalina Cerda Alcorce, otro caso que estremeci\u00f3 al Valle de Aconcagua y al pa\u00eds. A los familiares de la pareja les solicit\u00f3 dos millones de pesos para pagar una fianza y obtener su libertad, adem\u00e1s de gastos para otros tr\u00e1mites y diligencias judiciales, entre ellos la supuesta \u2018compra\u2019 de copias de la carpeta investigativa, documentos en se entregan en forma gratuita a las partes.<br \/>\nEl abogado habr\u00eda estafado adem\u00e1s a otros diez imputados por tr\u00e1fico de drogas, obteniendo de cada uno de ellos entre 500 mil y 7 millones de pesos.<\/p>\n","protected":false},"excerpt":{"rendered":"<div class=\"mh-excerpt\"><p>Defensor del homicida de la peque\u00f1a \u00c1mbar: Representante del imputado por el crimen del profesor Nibaldo Villegas, en Villa Alemana, habr\u00eda tratado supuestamente de asumir <a class=\"mh-excerpt-more\" href=\"https:\/\/www.eltrabajo.cl\/2017\/denuncian-por-prevaricacion-y-obstruccion-de-la-justicia-a-abogado-peter-pirtzl\/\" title=\"Denuncian por prevaricaci\u00f3n y obstrucci\u00f3n de la justicia a abogado Peter Pirtzl\">[&#8230;]<\/a><\/p>\n<\/div>","protected":false},"author":1,"featured_media":88568,"comment_status":"open","ping_status":"open","sticky":false,"template":"","format":"standard","meta":{"_jetpack_newsletter_access":"","_jetpack_dont_email_post_to_subs":false,"_jetpack_newsletter_tier_id":0,"_jetpack_memberships_contains_paywalled_content":false,"_jetpack_memberships_contains_paid_content":false,"footnotes":""},"categories":[2],"tags":[],"class_list":["post-88566","post","type-post","status-publish","format-standard","has-post-thumbnail","hentry","category-policial"],"nelio_content":{"autoShareEndMode":"never","automationSources":{"useCustomSentences":false,"customSentences":[]},"efiAlt":"","efiUrl":"","followers":[],"highlights":[],"isAutoShareEnabled":true,"networkImageIds":[],"permalinkQueryArgs":[],"series":[],"suggestedReferences":[]},"jetpack_featured_media_url":"https:\/\/i0.wp.com\/www.eltrabajo.cl\/2017\/wp-content\/uploads\/2018\/10\/abogado-peter-pirlzt.jpg?fit=580%2C399&ssl=1","jetpack_sharing_enabled":true,"_links":{"self":[{"href":"https:\/\/www.eltrabajo.cl\/2017\/wp-json\/wp\/v2\/posts\/88566","targetHints":{"allow":["GET"]}}],"collection":[{"href":"https:\/\/www.eltrabajo.cl\/2017\/wp-json\/wp\/v2\/posts"}],"about":[{"href":"https:\/\/www.eltrabajo.cl\/2017\/wp-json\/wp\/v2\/types\/post"}],"author":[{"embeddable":true,"href":"https:\/\/www.eltrabajo.cl\/2017\/wp-json\/wp\/v2\/users\/1"}],"replies":[{"embeddable":true,"href":"https:\/\/www.eltrabajo.cl\/2017\/wp-json\/wp\/v2\/comments?post=88566"}],"version-history":[{"count":1,"href":"https:\/\/www.eltrabajo.cl\/2017\/wp-json\/wp\/v2\/posts\/88566\/revisions"}],"predecessor-version":[{"id":88569,"href":"https:\/\/www.eltrabajo.cl\/2017\/wp-json\/wp\/v2\/posts\/88566\/revisions\/88569"}],"wp:featuredmedia":[{"embeddable":true,"href":"https:\/\/www.eltrabajo.cl\/2017\/wp-json\/wp\/v2\/media\/88568"}],"wp:attachment":[{"href":"https:\/\/www.eltrabajo.cl\/2017\/wp-json\/wp\/v2\/media?parent=88566"}],"wp:term":[{"taxonomy":"category","embeddable":true,"href":"https:\/\/www.eltrabajo.cl\/2017\/wp-json\/wp\/v2\/categories?post=88566"},{"taxonomy":"post_tag","embeddable":true,"href":"https:\/\/www.eltrabajo.cl\/2017\/wp-json\/wp\/v2\/tags?post=88566"}],"curies":[{"name":"wp","href":"https:\/\/api.w.org\/{rel}","templated":true}]}}